{"id":67553,"date":"2025-10-15T13:52:31","date_gmt":"2025-10-15T17:52:31","guid":{"rendered":"https:\/\/inces.gob.ve\/?p=67553"},"modified":"2025-10-16T17:31:49","modified_gmt":"2025-10-16T21:31:49","slug":"yatacuy-participantes-de-la-uc-oratoria-cerraron-con-discursos-emotivos","status":"publish","type":"post","link":"https:\/\/inces.gob.ve\/index.php\/2025\/10\/15\/yatacuy-participantes-de-la-uc-oratoria-cerraron-con-discursos-emotivos\/","title":{"rendered":"Yaracuy | Participantes de la UC Oratoria cerraron con discursos emotivos"},"content":{"rendered":"<p style=\"text-align: justify;\"><span style=\"font-family: helvetica, arial, sans-serif; font-size: 18px;\"><strong><em>** Aprendieron t\u00e9cnicas para mejorar la dicci\u00f3n, el tono de voz, la presencia, el manejo del miedo esc\u00e9nico y la respiraci\u00f3n, entre otros elementos propios de la oratoria<\/em><\/strong><!--more--><\/span><\/p>\n<p>&nbsp;<\/p>\n<p style=\"text-align: justify;\"><span style=\"font-family: helvetica, arial, sans-serif; font-size: 18px;\">YOLAICE VARGAS<\/span><\/p>\n<p style=\"text-align: justify;\"><span style=\"font-family: helvetica, arial, sans-serif; font-size: 18px;\">Temas como violencia de g\u00e9nero, redes sociales, amor propio, resiliencia, autoestima, autismo y conflictos b\u00e9licos, entre otros, fueron abordados por los participantes de la unidad curricular de Oratoria que se llev\u00f3 a cabo en la Comuna Comandante Supremo Hugo Ch\u00e1vez Fr\u00edas, municipio San Felipe.<\/span><\/p>\n<p>&nbsp;<\/p>\n<p><img loading=\"lazy\" decoding=\"async\" class=\"aligncenter wp-image-67554 size-full\" src=\"https:\/\/inces.gob.ve\/wp-content\/uploads\/2025\/10\/foto-3.jpg\" alt=\"\" width=\"640\" height=\"480\" srcset=\"https:\/\/inces.gob.ve\/wp-content\/uploads\/2025\/10\/foto-3.jpg 640w, https:\/\/inces.gob.ve\/wp-content\/uploads\/2025\/10\/foto-3-300x225.jpg 300w, https:\/\/inces.gob.ve\/wp-content\/uploads\/2025\/10\/foto-3-136x102.jpg 136w\" sizes=\"auto, (max-width: 640px) 100vw, 640px\" \/><\/p>\n<p style=\"text-align: justify;\"><span style=\"font-family: helvetica, arial, sans-serif; font-size: 18px;\">Los participantes, m\u00e1s de 30 en total, demostraron las capacidades y habilidades obtenidas durante el proceso de capacitaci\u00f3n que se desarroll\u00f3 durante ocho semanas continuas, en el cual se imparti\u00f3 la t\u00e9cnica para aprender a hablar correctamente, no solo en p\u00fablico sino en la vida diaria.<\/span><\/p>\n<p>&nbsp;<\/p>\n<p><img loading=\"lazy\" decoding=\"async\" class=\"aligncenter wp-image-67556 size-full\" src=\"https:\/\/inces.gob.ve\/wp-content\/uploads\/2025\/10\/foto-1.jpg\" alt=\"\" width=\"640\" height=\"480\" srcset=\"https:\/\/inces.gob.ve\/wp-content\/uploads\/2025\/10\/foto-1.jpg 640w, https:\/\/inces.gob.ve\/wp-content\/uploads\/2025\/10\/foto-1-300x225.jpg 300w, https:\/\/inces.gob.ve\/wp-content\/uploads\/2025\/10\/foto-1-136x102.jpg 136w\" sizes=\"auto, (max-width: 640px) 100vw, 640px\" \/><\/p>\n<p style=\"text-align: justify;\"><span style=\"font-family: helvetica, arial, sans-serif; font-size: 18px;\">Elementos como mejorar el tono de voz, dicci\u00f3n, pronunciaci\u00f3n, dominio del miedo esc\u00e9nico y manejo de escenario, entre otros propios de la oratoria, se socializaron en clases no solo en la parte te\u00f3rica sino aplicando cada t\u00e9cnica, lo que permiti\u00f3 un extraordinario resultado al cierre de la capacitaci\u00f3n.<\/span><\/p>\n<p>&nbsp;<\/p>\n<p><img loading=\"lazy\" decoding=\"async\" class=\"aligncenter wp-image-67557 size-full\" src=\"https:\/\/inces.gob.ve\/wp-content\/uploads\/2025\/10\/foto.jpg\" alt=\"\" width=\"640\" height=\"480\" srcset=\"https:\/\/inces.gob.ve\/wp-content\/uploads\/2025\/10\/foto.jpg 640w, https:\/\/inces.gob.ve\/wp-content\/uploads\/2025\/10\/foto-300x225.jpg 300w, https:\/\/inces.gob.ve\/wp-content\/uploads\/2025\/10\/foto-136x102.jpg 136w\" sizes=\"auto, (max-width: 640px) 100vw, 640px\" \/><\/p>\n<p style=\"text-align: justify;\"><span style=\"font-family: helvetica, arial, sans-serif; font-size: 18px;\">Cada participante, al momento de exponer, logr\u00f3 persuadir y convencer a la audiencia con su mensaje, tocando adem\u00e1s la fibra de cada coraz\u00f3n, ya que movieron sentimientos y emociones. Esto dej\u00f3 constancia de que aplicaron cada una de las t\u00e9cnicas aprendidas para captar la atenci\u00f3n, algo que caracteriza a un buen orador.<\/span><\/p>\n","protected":false},"excerpt":{"rendered":"<p>** Aprendieron t\u00e9cnicas para mejorar la dicci\u00f3n, el tono de voz, la presencia, el manejo del miedo esc\u00e9nico y la respiraci\u00f3n, entre otros elementos propios de la oratoria<\/p>\n","protected":false},"author":15,"featured_media":67555,"comment_status":"closed","ping_status":"closed","sticky":false,"template":"","format":"standard","meta":{"footnotes":""},"categories":[2],"tags":[],"class_list":["post-67553","post","type-post","status-publish","format-standard","has-post-thumbnail","hentry","category-blog"],"_links":{"self":[{"href":"https:\/\/inces.gob.ve\/index.php\/wp-json\/wp\/v2\/posts\/67553","targetHints":{"allow":["GET"]}}],"collection":[{"href":"https:\/\/inces.gob.ve\/index.php\/wp-json\/wp\/v2\/posts"}],"about":[{"href":"https:\/\/inces.gob.ve\/index.php\/wp-json\/wp\/v2\/types\/post"}],"author":[{"embeddable":true,"href":"https:\/\/inces.gob.ve\/index.php\/wp-json\/wp\/v2\/users\/15"}],"replies":[{"embeddable":true,"href":"https:\/\/inces.gob.ve\/index.php\/wp-json\/wp\/v2\/comments?post=67553"}],"version-history":[{"count":3,"href":"https:\/\/inces.gob.ve\/index.php\/wp-json\/wp\/v2\/posts\/67553\/revisions"}],"predecessor-version":[{"id":67594,"href":"https:\/\/inces.gob.ve\/index.php\/wp-json\/wp\/v2\/posts\/67553\/revisions\/67594"}],"wp:featuredmedia":[{"embeddable":true,"href":"https:\/\/inces.gob.ve\/index.php\/wp-json\/wp\/v2\/media\/67555"}],"wp:attachment":[{"href":"https:\/\/inces.gob.ve\/index.php\/wp-json\/wp\/v2\/media?parent=67553"}],"wp:term":[{"taxonomy":"category","embeddable":true,"href":"https:\/\/inces.gob.ve\/index.php\/wp-json\/wp\/v2\/categories?post=67553"},{"taxonomy":"post_tag","embeddable":true,"href":"https:\/\/inces.gob.ve\/index.php\/wp-json\/wp\/v2\/tags?post=67553"}],"curies":[{"name":"wp","href":"https:\/\/api.w.org\/{rel}","templated":true}]}}