{"id":67709,"date":"2025-10-22T14:21:55","date_gmt":"2025-10-22T18:21:55","guid":{"rendered":"https:\/\/inces.gob.ve\/?p=67709"},"modified":"2025-10-22T14:22:01","modified_gmt":"2025-10-22T18:22:01","slug":"yaracuy-personal-de-la-contraloria-se-capacita-a-traves-del-inces","status":"publish","type":"post","link":"https:\/\/inces.gob.ve\/index.php\/2025\/10\/22\/yaracuy-personal-de-la-contraloria-se-capacita-a-traves-del-inces\/","title":{"rendered":"YARACUY | Personal de la Contralor\u00eda se capacita a trav\u00e9s del Inces"},"content":{"rendered":"<p style=\"text-align: justify;\"><span style=\"font-family: helvetica, arial, sans-serif; font-size: 18px;\"><em><strong>**Para reforzar conocimientos y emplear nuevas t\u00e9cnicas se forman en la unidad curricular Desarrollo Humano.<\/strong><\/em><!--more--><\/span><\/p>\n<p style=\"text-align: justify;\"><span style=\"font-family: helvetica, arial, sans-serif; font-size: 18px;\">YOLAICE VARGAS<\/span><\/p>\n<p style=\"text-align: justify;\"><span style=\"font-family: helvetica, arial, sans-serif; font-size: 18px;\">\u00a0El personal de la Contralor\u00eda de San Felipe contin\u00faa con el proceso de formaci\u00f3n t\u00e9cnica profesional a fin de reforzar conocimientos y emplear nuevas t\u00e9cnicas al momento de ejercer funciones en cada \u00e1rea del entorno laboral.<\/span><\/p>\n<p>&nbsp;<\/p>\n<p style=\"text-align: justify;\"><img loading=\"lazy\" decoding=\"async\" class=\"aligncenter wp-image-67712 size-full\" src=\"https:\/\/inces.gob.ve\/wp-content\/uploads\/2025\/10\/WhatsApp-Image-2025-10-14-at-7.46.36-PM-e1761157195900.jpeg\" alt=\"\" width=\"800\" height=\"602\" \/><\/p>\n<p style=\"text-align: justify;\"><span style=\"font-family: helvetica, arial, sans-serif; font-size: 18px;\">Un total de 22 empleados de la instituci\u00f3n se capacita a trav\u00e9s del Instituto Nacional de Capacitaci\u00f3n y Educaci\u00f3n Socialista (Inces), en la unidad curricular Desarrollo Humano, bajo las orientaciones del maestro t\u00e9cnico productivo Jos\u00e9 Miguel Badilla.<\/span><\/p>\n<p style=\"text-align: justify;\"><span style=\"font-family: helvetica, arial, sans-serif; font-size: 18px;\">La intenci\u00f3n es que los participantes conozcan las nuevas habilidades, competencias y destrezas que se requieren para promover el desarrollo humano como un proceso continuo de crecimiento y cambio, partiendo de que este es una disciplina compleja e interdisciplinaria que abarca aspectos de la psicolog\u00eda, la sociolog\u00eda, la antropolog\u00eda, la educaci\u00f3n, la salud, entre otras ciencias sociales.<\/span><\/p>\n<p>&nbsp;<\/p>\n<p><img loading=\"lazy\" decoding=\"async\" class=\"aligncenter wp-image-67710 size-full\" src=\"https:\/\/inces.gob.ve\/wp-content\/uploads\/2025\/10\/WhatsApp-Image-2025-10-14-at-7.46.39-PM-e1761157241413.jpeg\" alt=\"\" width=\"800\" height=\"479\" \/><\/p>\n<p style=\"text-align: justify;\"><span style=\"font-family: helvetica, arial, sans-serif; font-size: 18px;\">Este proceso constituye la base fundamental del crecimiento personal y permite al participante adquirir un conocimiento hol\u00edstico m\u00e1s profundo de s\u00ed mismo.<\/span><\/p>\n<p style=\"text-align: justify;\"><span style=\"font-family: helvetica, arial, sans-serif; font-size: 18px;\">Cabe destacar que la unidad curricular est\u00e1 compuesta por seis ejes tem\u00e1ticos, los cuales se desarrollan de manera progresiva. Entre los temas se pueden mencionar: comunicaci\u00f3n asertiva, escucha activa, \u00e9tica y valores, liderazgo y trabajo en equipo, inteligencia emocional y resoluci\u00f3n de conflictos.<\/span><\/p>\n","protected":false},"excerpt":{"rendered":"<p>**Para reforzar conocimientos y emplear nuevas t\u00e9cnicas se forman en la unidad curricular Desarrollo Humano.<\/p>\n","protected":false},"author":15,"featured_media":67711,"comment_status":"closed","ping_status":"closed","sticky":false,"template":"","format":"standard","meta":{"footnotes":""},"categories":[2],"tags":[],"class_list":["post-67709","post","type-post","status-publish","format-standard","has-post-thumbnail","hentry","category-blog"],"_links":{"self":[{"href":"https:\/\/inces.gob.ve\/index.php\/wp-json\/wp\/v2\/posts\/67709","targetHints":{"allow":["GET"]}}],"collection":[{"href":"https:\/\/inces.gob.ve\/index.php\/wp-json\/wp\/v2\/posts"}],"about":[{"href":"https:\/\/inces.gob.ve\/index.php\/wp-json\/wp\/v2\/types\/post"}],"author":[{"embeddable":true,"href":"https:\/\/inces.gob.ve\/index.php\/wp-json\/wp\/v2\/users\/15"}],"replies":[{"embeddable":true,"href":"https:\/\/inces.gob.ve\/index.php\/wp-json\/wp\/v2\/comments?post=67709"}],"version-history":[{"count":2,"href":"https:\/\/inces.gob.ve\/index.php\/wp-json\/wp\/v2\/posts\/67709\/revisions"}],"predecessor-version":[{"id":67714,"href":"https:\/\/inces.gob.ve\/index.php\/wp-json\/wp\/v2\/posts\/67709\/revisions\/67714"}],"wp:featuredmedia":[{"embeddable":true,"href":"https:\/\/inces.gob.ve\/index.php\/wp-json\/wp\/v2\/media\/67711"}],"wp:attachment":[{"href":"https:\/\/inces.gob.ve\/index.php\/wp-json\/wp\/v2\/media?parent=67709"}],"wp:term":[{"taxonomy":"category","embeddable":true,"href":"https:\/\/inces.gob.ve\/index.php\/wp-json\/wp\/v2\/categories?post=67709"},{"taxonomy":"post_tag","embeddable":true,"href":"https:\/\/inces.gob.ve\/index.php\/wp-json\/wp\/v2\/tags?post=67709"}],"curies":[{"name":"wp","href":"https:\/\/api.w.org\/{rel}","templated":true}]}}