{"id":67715,"date":"2025-10-22T14:33:46","date_gmt":"2025-10-22T18:33:46","guid":{"rendered":"https:\/\/inces.gob.ve\/?p=67715"},"modified":"2025-10-22T14:33:46","modified_gmt":"2025-10-22T18:33:46","slug":"nueva-esparta-desfile-de-costura-en-nueva-esparta-un-homenaje-al-arte-la-lucha-y-la-esperanza","status":"publish","type":"post","link":"https:\/\/inces.gob.ve\/index.php\/2025\/10\/22\/nueva-esparta-desfile-de-costura-en-nueva-esparta-un-homenaje-al-arte-la-lucha-y-la-esperanza\/","title":{"rendered":"NUEVA ESPARTA | Desfile de costura en Nueva Esparta: un homenaje al arte, la lucha y la esperanza"},"content":{"rendered":"<p style=\"text-align: justify;\"><span style=\"font-family: helvetica, arial, sans-serif; font-size: 18px;\"><em><strong>**El evento tuvo lugar en el auditorio de la alcald\u00eda del municipio Mari\u00f1o, donde participantes del programa de formaci\u00f3n textil, provenientes de diversos municipios del estado, exhibieron prendas confeccionadas por ellas mismas<\/strong><\/em><!--more--><\/span><\/p>\n<p>&nbsp;<\/p>\n<p style=\"text-align: justify;\"><span style=\"font-family: helvetica, arial, sans-serif; font-size: 18px;\">LUIS ROSA S.\u00a0<\/span><br \/>\n<span style=\"font-family: helvetica, arial, sans-serif; font-size: 18px;\">En el marco del D\u00eda Mundial de la Costurera y en conmemoraci\u00f3n del Mes Rosa, dedicado a la sensibilizaci\u00f3n sobre el c\u00e1ncer de mama, el Instituto Nacional de Capacitaci\u00f3n y Educaci\u00f3n Socialista (Inces) Nueva Esparta, bajo la direcci\u00f3n de la especialista Laurie Zabala, organiz\u00f3 un emotivo desfile que celebr\u00f3 el talento, la perseverancia y el esp\u00edritu emprendedor de las mujeres neoespartanas formadas por esta instituci\u00f3n.<\/span><\/p>\n<p>&nbsp;<\/p>\n<p><img loading=\"lazy\" decoding=\"async\" class=\"aligncenter wp-image-67717 size-full\" src=\"https:\/\/inces.gob.ve\/wp-content\/uploads\/2025\/10\/1000749959-e1761157879683.jpg\" alt=\"\" width=\"800\" height=\"380\" \/><\/p>\n<p style=\"text-align: justify;\"><span style=\"font-family: helvetica, arial, sans-serif; font-size: 18px;\">El evento tuvo lugar en el auditorio de la alcald\u00eda del municipio Mari\u00f1o, donde participantes del programa de formaci\u00f3n textil, provenientes de diversos municipios del estado, exhibieron prendas confeccionadas por ellas mismas. Cada dise\u00f1o fue una muestra del aprendizaje, la creatividad y el empoderamiento que el Inces promueve en sus aulas.<\/span><\/p>\n<p>&nbsp;<\/p>\n<p><img loading=\"lazy\" decoding=\"async\" class=\"aligncenter wp-image-67716 size-full\" src=\"https:\/\/inces.gob.ve\/wp-content\/uploads\/2025\/10\/1000749965-e1761157808630.jpg\" alt=\"\" width=\"800\" height=\"404\" \/><\/p>\n<p style=\"text-align: justify;\"><span style=\"font-family: helvetica, arial, sans-serif; font-size: 18px;\">La gerente regional Laurie Zabala, al tomar la palabra, reconoci\u00f3 a todas esas mujeres que se esfuerzan por aprender y tener una profesi\u00f3n. Tambi\u00e9n envi\u00f3 un mensaje de aliento a todas las luchadoras que han sobrevivido al c\u00e1ncer de mama y las motiv\u00f3 a seguir adelante.<\/span><\/p>\n<p>&nbsp;<\/p>\n<p><img loading=\"lazy\" decoding=\"async\" class=\"aligncenter wp-image-67719 size-full\" src=\"https:\/\/inces.gob.ve\/wp-content\/uploads\/2025\/10\/1000736848-e1761157988851.jpg\" alt=\"\" width=\"800\" height=\"600\" \/><\/p>\n<p>&nbsp;<\/p>\n<p>&nbsp;<\/p>\n<p style=\"text-align: justify;\"><span style=\"font-family: helvetica, arial, sans-serif; font-size: 18px;\">El desfile cont\u00f3 con la participaci\u00f3n de formaciones provenientes de los municipios Mari\u00f1o y D\u00edaz, adem\u00e1s de haber representaci\u00f3n de las dictadas en el municipio Marcano y en la pen\u00ednsula de Macanao.<\/span><\/p>\n<div class=\"yj6qo\" style=\"text-align: justify;\"><\/div>\n<div class=\"adL\"><\/div>\n","protected":false},"excerpt":{"rendered":"<p>**El evento tuvo lugar en el auditorio de la alcald\u00eda del municipio Mari\u00f1o, donde participantes del programa de formaci\u00f3n textil, provenientes de diversos municipios del estado, exhibieron prendas confeccionadas por ellas mismas<\/p>\n","protected":false},"author":15,"featured_media":67718,"comment_status":"closed","ping_status":"closed","sticky":false,"template":"","format":"standard","meta":{"footnotes":""},"categories":[2],"tags":[],"class_list":["post-67715","post","type-post","status-publish","format-standard","has-post-thumbnail","hentry","category-blog"],"_links":{"self":[{"href":"https:\/\/inces.gob.ve\/index.php\/wp-json\/wp\/v2\/posts\/67715","targetHints":{"allow":["GET"]}}],"collection":[{"href":"https:\/\/inces.gob.ve\/index.php\/wp-json\/wp\/v2\/posts"}],"about":[{"href":"https:\/\/inces.gob.ve\/index.php\/wp-json\/wp\/v2\/types\/post"}],"author":[{"embeddable":true,"href":"https:\/\/inces.gob.ve\/index.php\/wp-json\/wp\/v2\/users\/15"}],"replies":[{"embeddable":true,"href":"https:\/\/inces.gob.ve\/index.php\/wp-json\/wp\/v2\/comments?post=67715"}],"version-history":[{"count":1,"href":"https:\/\/inces.gob.ve\/index.php\/wp-json\/wp\/v2\/posts\/67715\/revisions"}],"predecessor-version":[{"id":67720,"href":"https:\/\/inces.gob.ve\/index.php\/wp-json\/wp\/v2\/posts\/67715\/revisions\/67720"}],"wp:featuredmedia":[{"embeddable":true,"href":"https:\/\/inces.gob.ve\/index.php\/wp-json\/wp\/v2\/media\/67718"}],"wp:attachment":[{"href":"https:\/\/inces.gob.ve\/index.php\/wp-json\/wp\/v2\/media?parent=67715"}],"wp:term":[{"taxonomy":"category","embeddable":true,"href":"https:\/\/inces.gob.ve\/index.php\/wp-json\/wp\/v2\/categories?post=67715"},{"taxonomy":"post_tag","embeddable":true,"href":"https:\/\/inces.gob.ve\/index.php\/wp-json\/wp\/v2\/tags?post=67715"}],"curies":[{"name":"wp","href":"https:\/\/api.w.org\/{rel}","templated":true}]}}