{"id":67738,"date":"2025-06-02T09:08:02","date_gmt":"2025-06-02T13:08:02","guid":{"rendered":"https:\/\/inces.gob.ve\/?p=67738"},"modified":"2025-10-23T09:09:12","modified_gmt":"2025-10-23T13:09:12","slug":"amazonas-trabajadores-de-la-direccion-ejecutiva-de-la-magistratura-se-forman-con-el-inces","status":"publish","type":"post","link":"https:\/\/inces.gob.ve\/index.php\/2025\/06\/02\/amazonas-trabajadores-de-la-direccion-ejecutiva-de-la-magistratura-se-forman-con-el-inces\/","title":{"rendered":"AMAZONAS | Trabajadores de la Direcci\u00f3n Ejecutiva de la Magistratura se forman con el Inces"},"content":{"rendered":"<p class=\"ds-markdown-paragraph\" style=\"text-align: justify;\"><span style=\"font-family: helvetica, arial, sans-serif; font-size: 18px;\">*<strong>Formaci\u00f3n en refrigeraci\u00f3n realiza pr\u00e1ctica con participantes<\/strong><\/span><!--more--><\/p>\n<p>&nbsp;<\/p>\n<p class=\"ds-markdown-paragraph\" style=\"text-align: justify;\"><span style=\"font-family: helvetica, arial, sans-serif; font-size: 18px;\"><strong>F\u00e9lix Ruiz<\/strong><\/span><\/p>\n<p class=\"ds-markdown-paragraph\" style=\"text-align: justify;\"><span style=\"font-family: helvetica, arial, sans-serif; font-size: 18px;\"><strong>El Instituto Nacional de Capacitaci\u00f3n y Educaci\u00f3n Socialista (Inces) contin\u00faa consolidando su compromiso con la capacitaci\u00f3n t\u00e9cnica profesional en las entidades de trabajo de la regi\u00f3n, ofreciendo formaci\u00f3n pr\u00e1ctica de alta calidad. En esta ocasi\u00f3n, se desarrollan las unidades curriculares Fundamentos de Tuber\u00edas e Instalaci\u00f3n de Tuber\u00edas en Equipos de Refrigeraci\u00f3n y Aire Acondicionado, con una duraci\u00f3n de 40 y 90 horas, respectivamente.<\/strong><\/span><\/p>\n<p class=\"ds-markdown-paragraph\" style=\"text-align: justify;\"><span style=\"font-family: helvetica, arial, sans-serif; font-size: 18px;\"><strong>Ambas formaciones se imparten actualmente en la Direcci\u00f3n Ejecutiva de la Magistratura (DEM), organismo dependiente del Tribunal Supremo de Justicia (TSJ) del estado Amazonas. Estas proporcionan a los participantes conocimientos fundamentales y pr\u00e1cticos sobre el manejo e instalaci\u00f3n de tuber\u00edas en equipos de refrigeraci\u00f3n y aire acondicionado.<\/strong><\/span><\/p>\n<p class=\"ds-markdown-paragraph\" style=\"text-align: justify;\"><span style=\"font-family: helvetica, arial, sans-serif; font-size: 18px;\"><strong>Las formaciones son dirigidas por el maestro t\u00e9cnico productivo (MTP) Luis Navarro, quien posee amplio conocimiento en esta \u00e1rea. El MTP Navarro desarrolla en los participantes habilidades esenciales para la correcta instalaci\u00f3n y el debido mantenimiento de estos sistemas, fortaleciendo as\u00ed sus competencias profesionales en este campo, indispensable para el sector industrial.<\/strong><\/span><\/p>\n<p class=\"ds-markdown-paragraph\" style=\"text-align: justify;\"><span style=\"font-family: helvetica, arial, sans-serif; font-size: 18px;\"><strong>A trav\u00e9s de esta iniciativa, el Inces reafirma su papel en la formaci\u00f3n de talento t\u00e9cnico especializado, brindando oportunidades de aprendizaje que permiten a los trabajadores mejorar su desempe\u00f1o y aportar valor en sus respectivos espacios laborales.<\/strong><\/span><\/p>\n","protected":false},"excerpt":{"rendered":"<p>*Formaci\u00f3n en refrigeraci\u00f3n realiza pr\u00e1ctica con participantes<\/p>\n","protected":false},"author":4,"featured_media":67739,"comment_status":"closed","ping_status":"closed","sticky":false,"template":"","format":"standard","meta":{"footnotes":""},"categories":[2],"tags":[],"class_list":["post-67738","post","type-post","status-publish","format-standard","has-post-thumbnail","hentry","category-blog"],"_links":{"self":[{"href":"https:\/\/inces.gob.ve\/index.php\/wp-json\/wp\/v2\/posts\/67738","targetHints":{"allow":["GET"]}}],"collection":[{"href":"https:\/\/inces.gob.ve\/index.php\/wp-json\/wp\/v2\/posts"}],"about":[{"href":"https:\/\/inces.gob.ve\/index.php\/wp-json\/wp\/v2\/types\/post"}],"author":[{"embeddable":true,"href":"https:\/\/inces.gob.ve\/index.php\/wp-json\/wp\/v2\/users\/4"}],"replies":[{"embeddable":true,"href":"https:\/\/inces.gob.ve\/index.php\/wp-json\/wp\/v2\/comments?post=67738"}],"version-history":[{"count":1,"href":"https:\/\/inces.gob.ve\/index.php\/wp-json\/wp\/v2\/posts\/67738\/revisions"}],"predecessor-version":[{"id":67740,"href":"https:\/\/inces.gob.ve\/index.php\/wp-json\/wp\/v2\/posts\/67738\/revisions\/67740"}],"wp:featuredmedia":[{"embeddable":true,"href":"https:\/\/inces.gob.ve\/index.php\/wp-json\/wp\/v2\/media\/67739"}],"wp:attachment":[{"href":"https:\/\/inces.gob.ve\/index.php\/wp-json\/wp\/v2\/media?parent=67738"}],"wp:term":[{"taxonomy":"category","embeddable":true,"href":"https:\/\/inces.gob.ve\/index.php\/wp-json\/wp\/v2\/categories?post=67738"},{"taxonomy":"post_tag","embeddable":true,"href":"https:\/\/inces.gob.ve\/index.php\/wp-json\/wp\/v2\/tags?post=67738"}],"curies":[{"name":"wp","href":"https:\/\/api.w.org\/{rel}","templated":true}]}}