{"id":67742,"date":"2025-10-23T11:00:47","date_gmt":"2025-10-23T15:00:47","guid":{"rendered":"https:\/\/inces.gob.ve\/?p=67742"},"modified":"2025-10-23T11:04:04","modified_gmt":"2025-10-23T15:04:04","slug":"trujillo-inces-culmino-su-formacion-en-pasteleria-y-reposteria-en-la-puerta","status":"publish","type":"post","link":"https:\/\/inces.gob.ve\/index.php\/2025\/10\/23\/trujillo-inces-culmino-su-formacion-en-pasteleria-y-reposteria-en-la-puerta\/","title":{"rendered":"TRUJILLO | Inces culmin\u00f3 su formaci\u00f3n en pasteler\u00eda y reposter\u00eda en La Puerta"},"content":{"rendered":"<div dir=\"auto\" style=\"text-align: justify;\"><span style=\"font-family: helvetica, arial, sans-serif; font-size: 18px;\"><em><strong>**La jornada formativa reuni\u00f3 a 40 participantes del circuito comunal Valle del Momboy, quienes fortalecieron sus saberes productivos bajo la orientaci\u00f3n de la maestra t\u00e9cnica productiva (MTP) Egilda Bastidas<\/strong><\/em><\/span><\/div>\n<p style=\"text-align: justify;\"><span style=\"font-family: helvetica, arial, sans-serif; font-size: 18px;\"><!--more--><\/span><\/p>\n<div dir=\"auto\" style=\"text-align: justify;\"><\/div>\n<div dir=\"auto\" style=\"text-align: justify;\"><\/div>\n<div dir=\"auto\" style=\"text-align: justify;\"><\/div>\n<div dir=\"auto\" style=\"text-align: justify;\"><span style=\"font-family: helvetica, arial, sans-serif; font-size: 18px;\">El Instituto Nacional de Capacitaci\u00f3n y Educaci\u00f3n Socialista (Inces) Regi\u00f3n Trujillo desarroll\u00f3 el cierre de la formaci\u00f3n en pasteler\u00eda y reposter\u00eda en el circuito comunal Valle del Momboy, parroquia La Puerta, con la participaci\u00f3n de 40 personas que completaron el proceso formativo guiado por la maestra t\u00e9cnica productiva (MTP) Egilda Bastidas.\u00a0<\/span><\/div>\n<div dir=\"auto\"><\/div>\n<div dir=\"auto\"><img loading=\"lazy\" decoding=\"async\" class=\"aligncenter wp-image-67743 size-full\" src=\"https:\/\/inces.gob.ve\/wp-content\/uploads\/2025\/10\/1000869593-e1761231190600.jpg\" alt=\"\" width=\"800\" height=\"527\" \/><\/div>\n<div dir=\"auto\" style=\"text-align: justify;\"><\/div>\n<div dir=\"auto\" style=\"text-align: justify;\"><span style=\"font-family: helvetica, arial, sans-serif; font-size: 18px;\">La actividad se llev\u00f3 a cabo en el hotel Guadalupe, espec\u00edficamente en el circuito comunal Valle del Momboy, como parte de las acciones formativas que impulsa el Inces en los territorios, con el prop\u00f3sito de fortalecer capacidades productivas en \u00e1reas de alta demanda local y promover el emprendimiento desde las comunidades organizadas.<\/span><\/div>\n<div dir=\"auto\"><\/div>\n<div dir=\"auto\"><img loading=\"lazy\" decoding=\"async\" class=\"aligncenter wp-image-67745 size-full\" src=\"https:\/\/inces.gob.ve\/wp-content\/uploads\/2025\/10\/1000869588-e1761231280212.jpg\" alt=\"\" width=\"800\" height=\"585\" \/><\/div>\n<div dir=\"auto\" style=\"text-align: justify;\"><\/div>\n<div dir=\"auto\" style=\"text-align: justify;\"><span style=\"font-family: helvetica, arial, sans-serif; font-size: 18px;\">Durante el cierre, los participantes exhibieron una muestra de productos elaborados durante la formaci\u00f3n, entre los que destacaron tortas, ponqu\u00e9s, galletas y dulces criollos, evidenciando el dominio de t\u00e9cnicas b\u00e1sicas y avanzadas en el arte de la reposter\u00eda. La maestra t\u00e9cnico productiva destac\u00f3 el compromiso de los asistentes, quienes durante varias semanas participaron activamente en las sesiones te\u00f3ricas y pr\u00e1cticas, consolidando conocimientos que les permitir\u00e1n generar ingresos y aportar al desarrollo econ\u00f3mico de sus comunidades.<\/span><\/div>\n<div dir=\"auto\" style=\"text-align: justify;\"><\/div>\n<div dir=\"auto\" style=\"text-align: justify;\"><span style=\"font-family: helvetica, arial, sans-serif; font-size: 18px;\">Una de las participantes, llamada Yelitza Rivas, expres\u00f3: \u201cAprend\u00ed much\u00edsimo. Nunca imagin\u00e9 que podr\u00eda hacer tortas tan bonitas y sabrosas. Ahora quiero montar mi propio emprendimiento y seguir aprendiendo m\u00e1s\u201d.<\/span><\/div>\n<div dir=\"auto\"><\/div>\n<div dir=\"auto\"><img loading=\"lazy\" decoding=\"async\" class=\"wp-image-67744 aligncenter\" src=\"https:\/\/inces.gob.ve\/wp-content\/uploads\/2025\/10\/1000869589-e1761231348308-1024x494.jpg\" alt=\"\" width=\"700\" height=\"338\" srcset=\"https:\/\/inces.gob.ve\/wp-content\/uploads\/2025\/10\/1000869589-e1761231348308-1024x494.jpg 1024w, https:\/\/inces.gob.ve\/wp-content\/uploads\/2025\/10\/1000869589-e1761231348308-300x145.jpg 300w, https:\/\/inces.gob.ve\/wp-content\/uploads\/2025\/10\/1000869589-e1761231348308-768x370.jpg 768w, https:\/\/inces.gob.ve\/wp-content\/uploads\/2025\/10\/1000869589-e1761231348308.jpg 1280w\" sizes=\"auto, (max-width: 700px) 100vw, 700px\" \/><\/div>\n<div dir=\"auto\" style=\"text-align: justify;\"><\/div>\n<div dir=\"auto\" style=\"text-align: justify;\"><span style=\"font-family: helvetica, arial, sans-serif; font-size: 18px;\">La jornada culmin\u00f3 con palabras de reconocimiento a los participantes, quienes recibieron sus ense\u00f1anzas y expresaron su inter\u00e9s en continuar aprendiendo y perfeccionando sus habilidades en el \u00e1rea gastron\u00f3mica. El circuito comunal Valle del Momboy, ubicado en la parroquia La Puerta, se ha convertido en un espacio estrat\u00e9gico para el despliegue de la formaci\u00f3n socio productiva, gracias al trabajo articulado entre el Inces, los consejos comunales y las vocer\u00edas locales.<\/span><\/div>\n<div class=\"yj6qo\" style=\"text-align: justify;\"><\/div>\n<div class=\"adL\"><\/div>\n<div class=\"adL\" dir=\"auto\"><\/div>\n","protected":false},"excerpt":{"rendered":"<p>**La jornada formativa reuni\u00f3 a 40 participantes del circuito comunal Valle del Momboy, quienes fortalecieron sus saberes productivos bajo la orientaci\u00f3n de la maestra t\u00e9cnica productiva (MTP) Egilda Bastidas<\/p>\n","protected":false},"author":15,"featured_media":67746,"comment_status":"closed","ping_status":"closed","sticky":false,"template":"","format":"standard","meta":{"footnotes":""},"categories":[2],"tags":[],"class_list":["post-67742","post","type-post","status-publish","format-standard","has-post-thumbnail","hentry","category-blog"],"_links":{"self":[{"href":"https:\/\/inces.gob.ve\/index.php\/wp-json\/wp\/v2\/posts\/67742","targetHints":{"allow":["GET"]}}],"collection":[{"href":"https:\/\/inces.gob.ve\/index.php\/wp-json\/wp\/v2\/posts"}],"about":[{"href":"https:\/\/inces.gob.ve\/index.php\/wp-json\/wp\/v2\/types\/post"}],"author":[{"embeddable":true,"href":"https:\/\/inces.gob.ve\/index.php\/wp-json\/wp\/v2\/users\/15"}],"replies":[{"embeddable":true,"href":"https:\/\/inces.gob.ve\/index.php\/wp-json\/wp\/v2\/comments?post=67742"}],"version-history":[{"count":3,"href":"https:\/\/inces.gob.ve\/index.php\/wp-json\/wp\/v2\/posts\/67742\/revisions"}],"predecessor-version":[{"id":67749,"href":"https:\/\/inces.gob.ve\/index.php\/wp-json\/wp\/v2\/posts\/67742\/revisions\/67749"}],"wp:featuredmedia":[{"embeddable":true,"href":"https:\/\/inces.gob.ve\/index.php\/wp-json\/wp\/v2\/media\/67746"}],"wp:attachment":[{"href":"https:\/\/inces.gob.ve\/index.php\/wp-json\/wp\/v2\/media?parent=67742"}],"wp:term":[{"taxonomy":"category","embeddable":true,"href":"https:\/\/inces.gob.ve\/index.php\/wp-json\/wp\/v2\/categories?post=67742"},{"taxonomy":"post_tag","embeddable":true,"href":"https:\/\/inces.gob.ve\/index.php\/wp-json\/wp\/v2\/tags?post=67742"}],"curies":[{"name":"wp","href":"https:\/\/api.w.org\/{rel}","templated":true}]}}