{"id":67760,"date":"2025-10-23T11:52:44","date_gmt":"2025-10-23T15:52:44","guid":{"rendered":"https:\/\/inces.gob.ve\/?p=67760"},"modified":"2025-10-23T13:16:51","modified_gmt":"2025-10-23T17:16:51","slug":"yaracuy-proyectos-aprobados-en-primera-consulta-popular-cuentan-con-respaldo-del-inces","status":"publish","type":"post","link":"https:\/\/inces.gob.ve\/index.php\/2025\/10\/23\/yaracuy-proyectos-aprobados-en-primera-consulta-popular-cuentan-con-respaldo-del-inces\/","title":{"rendered":"YARACUY | Proyectos aprobados en primera consulta popular cuentan con respaldo del Inces"},"content":{"rendered":"<p style=\"text-align: justify;\"><span style=\"font-family: helvetica, arial, sans-serif; font-size: 18px;\"><em><strong>**Ampliar conocimiento es fundamental para que los proyectos sean perdurables en el tiempo<\/strong><\/em><!--more--><\/span><\/p>\n<p>&nbsp;<\/p>\n<p style=\"text-align: justify;\"><span style=\"font-family: helvetica, arial, sans-serif; font-size: 18px;\">YOLAICE VARGAS<\/span><\/p>\n<p style=\"text-align: justify;\"><span style=\"font-family: helvetica, arial, sans-serif; font-size: 18px;\">Con el firme prop\u00f3sito de consolidar los proyectos aprobados en la primera consulta popular de la juventud por el presidente Nicol\u00e1s Maduro, el Instituto Nacional de Capacitaci\u00f3n y Educaci\u00f3n Socialista (Inces), regi\u00f3n Yaracuy, iniciar\u00e1 un proceso de formaci\u00f3n en oficios productivos en las comunas de los municipios Manuel Monge y Bol\u00edvar.<\/span><\/p>\n<p>&nbsp;<\/p>\n<p><img loading=\"lazy\" decoding=\"async\" class=\"aligncenter wp-image-67763 size-full\" src=\"https:\/\/inces.gob.ve\/wp-content\/uploads\/2025\/10\/564716300_18101146654725909_3439050882155519194_n-e1761234596868.jpg\" alt=\"\" width=\"760\" height=\"600\" srcset=\"https:\/\/inces.gob.ve\/wp-content\/uploads\/2025\/10\/564716300_18101146654725909_3439050882155519194_n-e1761234596868.jpg 760w, https:\/\/inces.gob.ve\/wp-content\/uploads\/2025\/10\/564716300_18101146654725909_3439050882155519194_n-e1761234596868-300x237.jpg 300w\" sizes=\"auto, (max-width: 760px) 100vw, 760px\" \/><\/p>\n<p>&nbsp;<\/p>\n<p style=\"text-align: justify;\"><span style=\"font-family: helvetica, arial, sans-serif; font-size: 18px;\">La responsable de juventud productiva del Inces, G\u00e9nesis Fern\u00e1ndez, en compa\u00f1\u00eda de maestras t\u00e9cnicas, sostuvo un encuentro con los j\u00f3venes de ambos municipios, quienes cumplen funciones dentro de las comunas y en los consejos comunales, en virtud de gestionar beneficios sociales para cada una de las comunidades.<\/span><\/p>\n<p>&nbsp;<\/p>\n<p>&nbsp;<\/p>\n<p style=\"text-align: justify;\"><span style=\"font-family: helvetica, arial, sans-serif; font-size: 18px;\">En tal sentido, conocieron todas las propuestas formativas y perfiles que ofrece el Inces, a fin de obtener conocimientos que les permitan consolidar los proyectos aprobados, ya que la formaci\u00f3n es la base fundamental para que estos sean perdurables en el tiempo.<\/span><\/p>\n<p>&nbsp;<\/p>\n<p><img loading=\"lazy\" decoding=\"async\" class=\"aligncenter wp-image-67762 \" src=\"https:\/\/inces.gob.ve\/wp-content\/uploads\/2025\/10\/565495273_18101146663725909_5323651855266222240_n-e1761234620381.jpg\" alt=\"\" width=\"668\" height=\"653\" \/><\/p>\n<p style=\"text-align: justify;\"><span style=\"font-family: helvetica, arial, sans-serif; font-size: 18px;\">Una vez culminado el encuentro, se llev\u00f3 a cabo el proceso de caracterizaci\u00f3n para iniciar el registro e inscripciones en el sistema Hacer, para posteriormente iniciar con el ciclo formativo perteneciente al \u00faltimo trimestre del a\u00f1o 2025.<\/span><\/p>\n","protected":false},"excerpt":{"rendered":"<p>**Ampliar conocimiento es fundamental para que los proyectos sean perdurables en el tiempo<\/p>\n","protected":false},"author":15,"featured_media":67761,"comment_status":"closed","ping_status":"closed","sticky":false,"template":"","format":"standard","meta":{"footnotes":""},"categories":[2],"tags":[],"class_list":["post-67760","post","type-post","status-publish","format-standard","has-post-thumbnail","hentry","category-blog"],"_links":{"self":[{"href":"https:\/\/inces.gob.ve\/index.php\/wp-json\/wp\/v2\/posts\/67760","targetHints":{"allow":["GET"]}}],"collection":[{"href":"https:\/\/inces.gob.ve\/index.php\/wp-json\/wp\/v2\/posts"}],"about":[{"href":"https:\/\/inces.gob.ve\/index.php\/wp-json\/wp\/v2\/types\/post"}],"author":[{"embeddable":true,"href":"https:\/\/inces.gob.ve\/index.php\/wp-json\/wp\/v2\/users\/15"}],"replies":[{"embeddable":true,"href":"https:\/\/inces.gob.ve\/index.php\/wp-json\/wp\/v2\/comments?post=67760"}],"version-history":[{"count":3,"href":"https:\/\/inces.gob.ve\/index.php\/wp-json\/wp\/v2\/posts\/67760\/revisions"}],"predecessor-version":[{"id":67766,"href":"https:\/\/inces.gob.ve\/index.php\/wp-json\/wp\/v2\/posts\/67760\/revisions\/67766"}],"wp:featuredmedia":[{"embeddable":true,"href":"https:\/\/inces.gob.ve\/index.php\/wp-json\/wp\/v2\/media\/67761"}],"wp:attachment":[{"href":"https:\/\/inces.gob.ve\/index.php\/wp-json\/wp\/v2\/media?parent=67760"}],"wp:term":[{"taxonomy":"category","embeddable":true,"href":"https:\/\/inces.gob.ve\/index.php\/wp-json\/wp\/v2\/categories?post=67760"},{"taxonomy":"post_tag","embeddable":true,"href":"https:\/\/inces.gob.ve\/index.php\/wp-json\/wp\/v2\/tags?post=67760"}],"curies":[{"name":"wp","href":"https:\/\/api.w.org\/{rel}","templated":true}]}}