{"id":67802,"date":"2025-10-24T10:15:16","date_gmt":"2025-10-24T14:15:16","guid":{"rendered":"https:\/\/inces.gob.ve\/?p=67802"},"modified":"2025-10-24T10:16:03","modified_gmt":"2025-10-24T14:16:03","slug":"zulia-activada-zona-de-la-juventud-comunitaria-de-cabimas-para-impulsar-ruta-formativa-del-inces","status":"publish","type":"post","link":"https:\/\/inces.gob.ve\/index.php\/2025\/10\/24\/zulia-activada-zona-de-la-juventud-comunitaria-de-cabimas-para-impulsar-ruta-formativa-del-inces\/","title":{"rendered":"ZULIA | Activada Zona de la Juventud Comunitaria de Cabimas para impulsar ruta formativa del Inces"},"content":{"rendered":"<p style=\"text-align: justify;\"><span style=\"font-family: helvetica, arial, sans-serif; font-size: 18px;\"><strong><em>** El espacio servir\u00e1 para la recreaci\u00f3n y la formaci\u00f3n t\u00e9cnica profesional en articulaci\u00f3n con el Inces Zulia Comunal<\/em><\/strong><\/span><!--more--><\/p>\n<p>&nbsp;<\/p>\n<p style=\"text-align: justify;\"><span style=\"font-family: helvetica, arial, sans-serif; font-size: 18px;\">Desde el programa presidencial Con Maduro+, el l\u00edder del Gobierno Nacional, Nicol\u00e1s Maduro, realiz\u00f3 un pase televisivo para activar la Zona de la Juventud Comunitaria, presentada por el gobernador del estado Zulia, Luis Caldera, junto al alcalde del municipio Cabimas, Frank Carre\u00f1o.<\/span><\/p>\n<p>&nbsp;<\/p>\n<p><img loading=\"lazy\" decoding=\"async\" class=\"aligncenter wp-image-67803 size-full\" src=\"https:\/\/inces.gob.ve\/wp-content\/uploads\/2025\/10\/1002065660-e1761315245362.jpg\" alt=\"\" width=\"800\" height=\"597\" \/><\/p>\n<p style=\"text-align: justify;\"><span style=\"font-family: helvetica, arial, sans-serif; font-size: 18px;\">La Zona de la Juventud Comunitaria no solo servir\u00e1 para la recreaci\u00f3n y el disfrute, sino que impulsar\u00e1 la ruta formativa en articulaci\u00f3n con el Inces Comunal, desde donde se aportar\u00e1 la formaci\u00f3n t\u00e9cnica profesional a los j\u00f3venes de m\u00e1s de seis consejos comunales que conforman la Comuna Robert Serra 2018.<\/span><\/p>\n<p>&nbsp;<\/p>\n<p style=\"text-align: justify;\"><span style=\"font-family: helvetica, arial, sans-serif; font-size: 18px;\">Durante el pase, el promotor joven Edward Medina, egresado del Programa Bachillerato Productivo del Inces Zulia Cabimas en el a\u00f1o 2024, manifest\u00f3 que este proyecto ganador de la Consulta Nacional de la Juventud no solo sirve para la recreaci\u00f3n de m\u00e1s de 1.200 j\u00f3venes, sino que, en articulaci\u00f3n con el Inces Comunal Zulia, servir\u00e1 para la formaci\u00f3n t\u00e9cnica profesional de la muchachada de esta comuna de la parroquia Ambrosio, disponiendo de espacios de encuentro para fortalecer sus habilidades y capacidades productivas y acad\u00e9micas.<\/span><\/p>\n<div class=\"yj6qo\" style=\"text-align: justify;\"><\/div>\n","protected":false},"excerpt":{"rendered":"<p>** El espacio servir\u00e1 para la recreaci\u00f3n y la formaci\u00f3n t\u00e9cnica profesional en articulaci\u00f3n con el Inces Zulia Comunal<\/p>\n","protected":false},"author":15,"featured_media":67804,"comment_status":"closed","ping_status":"closed","sticky":false,"template":"","format":"standard","meta":{"footnotes":""},"categories":[2],"tags":[],"class_list":["post-67802","post","type-post","status-publish","format-standard","has-post-thumbnail","hentry","category-blog"],"_links":{"self":[{"href":"https:\/\/inces.gob.ve\/index.php\/wp-json\/wp\/v2\/posts\/67802","targetHints":{"allow":["GET"]}}],"collection":[{"href":"https:\/\/inces.gob.ve\/index.php\/wp-json\/wp\/v2\/posts"}],"about":[{"href":"https:\/\/inces.gob.ve\/index.php\/wp-json\/wp\/v2\/types\/post"}],"author":[{"embeddable":true,"href":"https:\/\/inces.gob.ve\/index.php\/wp-json\/wp\/v2\/users\/15"}],"replies":[{"embeddable":true,"href":"https:\/\/inces.gob.ve\/index.php\/wp-json\/wp\/v2\/comments?post=67802"}],"version-history":[{"count":1,"href":"https:\/\/inces.gob.ve\/index.php\/wp-json\/wp\/v2\/posts\/67802\/revisions"}],"predecessor-version":[{"id":67805,"href":"https:\/\/inces.gob.ve\/index.php\/wp-json\/wp\/v2\/posts\/67802\/revisions\/67805"}],"wp:featuredmedia":[{"embeddable":true,"href":"https:\/\/inces.gob.ve\/index.php\/wp-json\/wp\/v2\/media\/67804"}],"wp:attachment":[{"href":"https:\/\/inces.gob.ve\/index.php\/wp-json\/wp\/v2\/media?parent=67802"}],"wp:term":[{"taxonomy":"category","embeddable":true,"href":"https:\/\/inces.gob.ve\/index.php\/wp-json\/wp\/v2\/categories?post=67802"},{"taxonomy":"post_tag","embeddable":true,"href":"https:\/\/inces.gob.ve\/index.php\/wp-json\/wp\/v2\/tags?post=67802"}],"curies":[{"name":"wp","href":"https:\/\/api.w.org\/{rel}","templated":true}]}}