{"id":67859,"date":"2025-09-29T14:46:53","date_gmt":"2025-09-29T18:46:53","guid":{"rendered":"https:\/\/inces.gob.ve\/?p=67859"},"modified":"2025-10-27T14:49:16","modified_gmt":"2025-10-27T18:49:16","slug":"apure-inces-e-inparques-iniciaron-formacion-conjunta-dirigida-a-guardaparques","status":"publish","type":"post","link":"https:\/\/inces.gob.ve\/index.php\/2025\/09\/29\/apure-inces-e-inparques-iniciaron-formacion-conjunta-dirigida-a-guardaparques\/","title":{"rendered":"APURE | Inces e Inparques iniciaron formaci\u00f3n conjunta dirigida a guardaparques"},"content":{"rendered":"<p class=\"ds-markdown-paragraph\" style=\"text-align: justify;\"><span style=\"font-family: helvetica, arial, sans-serif; font-size: 18px;\"><strong>** M\u00e1s de 420 guardaparques se estar\u00e1n formando en el Instituto Nacional de Capacitaci\u00f3n y Educaci\u00f3n Socialista en Apure<\/strong><\/span><!--more--><\/p>\n<p>&nbsp;<\/p>\n<p class=\"ds-markdown-paragraph\" style=\"text-align: justify;\"><span style=\"font-family: helvetica, arial, sans-serif; font-size: 18px;\">En el auditorio de la gerencia regional Apure se dio inicio a la formaci\u00f3n de Atenci\u00f3n y Orientaci\u00f3n al Usuario con la maestra t\u00e9cnico productiva Jennifer P\u00e9rez, dirigida a m\u00e1s de cuatrocientos guardaparques, gracias a la alianza del Inces con Inparques.<\/span><\/p>\n<p>&nbsp;<\/p>\n<p class=\"ds-markdown-paragraph\" style=\"text-align: justify;\"><span style=\"font-family: helvetica, arial, sans-serif; font-size: 18px;\">Al respecto, la gerente regional Maneilis P\u00e9rez manifest\u00f3: \u00ab\u00a1Qu\u00e9 alegr\u00eda que despu\u00e9s de una mesa de trabajo se vea hoy reflejada la consolidaci\u00f3n de esta formaci\u00f3n! Estamos orgullosos de recibirlos y ser parte de su crecimiento personal y acad\u00e9mico. Tambi\u00e9n es importante mencionar que la capacitaci\u00f3n forma parte de la Formaci\u00f3n y Autoformaci\u00f3n de la clase obrera del Ministerio del Poder Popular para el Proceso Social del Trabajo\u00bb.<\/span><\/p>\n<p>&nbsp;<\/p>\n<p class=\"ds-markdown-paragraph\" style=\"text-align: justify;\"><span style=\"font-family: helvetica, arial, sans-serif; font-size: 18px;\">Asimismo, el director de Inparques Eduardo Castillo destac\u00f3: \u00abHoy nos encontramos en el inicio de una formaci\u00f3n con el Inces capacitando a todo nuestro personal guardaparques, bomberos forestales y administrativo del Instituto Nacional de Parques. Son aproximadamente 420 funcionarios que vienen a cumplir con esa transformaci\u00f3n de proceso colectivo, de educaci\u00f3n desde el trabajo\u00bb. Tambi\u00e9n acot\u00f3 que esta formaci\u00f3n es un derecho de los trabajadores y las trabajadoras de la instituci\u00f3n.<\/span><\/p>\n<p>&nbsp;<\/p>\n<p class=\"ds-markdown-paragraph\" style=\"text-align: justify;\"><span style=\"font-family: helvetica, arial, sans-serif; font-size: 18px;\">La alianza cumple con el \u00e1mbito de Entidades de Trabajo de la matriz program\u00e1tica del Inces y est\u00e1 vinculada a la Gran Misi\u00f3n Madre Tierra.<\/span><\/p>\n","protected":false},"excerpt":{"rendered":"<p>** M\u00e1s de 420 guardaparques se estar\u00e1n formando en el Instituto Nacional de Capacitaci\u00f3n y Educaci\u00f3n Socialista en Apure<\/p>\n","protected":false},"author":4,"featured_media":67860,"comment_status":"closed","ping_status":"closed","sticky":false,"template":"","format":"standard","meta":{"footnotes":""},"categories":[2],"tags":[],"class_list":["post-67859","post","type-post","status-publish","format-standard","has-post-thumbnail","hentry","category-blog"],"_links":{"self":[{"href":"https:\/\/inces.gob.ve\/index.php\/wp-json\/wp\/v2\/posts\/67859","targetHints":{"allow":["GET"]}}],"collection":[{"href":"https:\/\/inces.gob.ve\/index.php\/wp-json\/wp\/v2\/posts"}],"about":[{"href":"https:\/\/inces.gob.ve\/index.php\/wp-json\/wp\/v2\/types\/post"}],"author":[{"embeddable":true,"href":"https:\/\/inces.gob.ve\/index.php\/wp-json\/wp\/v2\/users\/4"}],"replies":[{"embeddable":true,"href":"https:\/\/inces.gob.ve\/index.php\/wp-json\/wp\/v2\/comments?post=67859"}],"version-history":[{"count":1,"href":"https:\/\/inces.gob.ve\/index.php\/wp-json\/wp\/v2\/posts\/67859\/revisions"}],"predecessor-version":[{"id":67862,"href":"https:\/\/inces.gob.ve\/index.php\/wp-json\/wp\/v2\/posts\/67859\/revisions\/67862"}],"wp:featuredmedia":[{"embeddable":true,"href":"https:\/\/inces.gob.ve\/index.php\/wp-json\/wp\/v2\/media\/67860"}],"wp:attachment":[{"href":"https:\/\/inces.gob.ve\/index.php\/wp-json\/wp\/v2\/media?parent=67859"}],"wp:term":[{"taxonomy":"category","embeddable":true,"href":"https:\/\/inces.gob.ve\/index.php\/wp-json\/wp\/v2\/categories?post=67859"},{"taxonomy":"post_tag","embeddable":true,"href":"https:\/\/inces.gob.ve\/index.php\/wp-json\/wp\/v2\/tags?post=67859"}],"curies":[{"name":"wp","href":"https:\/\/api.w.org\/{rel}","templated":true}]}}