{"id":67918,"date":"2025-08-15T17:53:02","date_gmt":"2025-08-15T21:53:02","guid":{"rendered":"https:\/\/inces.gob.ve\/?p=67918"},"modified":"2025-10-27T17:54:00","modified_gmt":"2025-10-27T21:54:00","slug":"trujillo-inces-fortalecio-saberes-y-atencion-social-en-la-ruta-tecnica","status":"publish","type":"post","link":"https:\/\/inces.gob.ve\/index.php\/2025\/08\/15\/trujillo-inces-fortalecio-saberes-y-atencion-social-en-la-ruta-tecnica\/","title":{"rendered":"TRUJILLO | Inces fortaleci\u00f3 saberes y atenci\u00f3n social en la ruta t\u00e9cnica"},"content":{"rendered":"<p class=\"ds-markdown-paragraph\" style=\"text-align: justify;\"><em><span style=\"font-family: helvetica, arial, sans-serif; font-size: 18px;\"><strong>** Inces regional desarroll\u00f3 su ruta t\u00e9cnica, con jornada, promoci\u00f3n formativa, asesor\u00edas comunitarias y demostraciones productivas en el circuito comunal El Nuevo Renacer La Arboleda del municipio San Rafael de Carvajal<\/strong><\/span><\/em><!--more--><\/p>\n<p>&nbsp;<\/p>\n<p>&nbsp;<\/p>\n<p class=\"ds-markdown-paragraph\" style=\"text-align: justify;\"><span style=\"font-family: helvetica, arial, sans-serif; font-size: 18px;\"><strong>Prensa Inces Regi\u00f3n Trujillo<\/strong><\/span><\/p>\n<p class=\"ds-markdown-paragraph\" style=\"text-align: justify;\"><span style=\"font-family: helvetica, arial, sans-serif; font-size: 18px;\">El Instituto Nacional de Capacitaci\u00f3n y Educaci\u00f3n Socialista (Inces) de la regi\u00f3n Trujillo visit\u00f3 el circuito comunal El Nuevo Renacer de La Arboleda, espec\u00edficamente del municipio San Rafael de Carvajal, como parte de su ruta t\u00e9cnica, desarrollada con el prop\u00f3sito de acercar sus ofertas formativas y brindar atenci\u00f3n social directa a la comunidad. Durante la actividad, se ofrecieron servicios gratuitos de barber\u00eda, peluquer\u00eda, manicura y orientaci\u00f3n sobre las formaciones que actualmente se imparten en el Inces regional. Adem\u00e1s, se presentaron muestras productivas elaboradas por participantes de los programas de panader\u00eda y reposter\u00eda, evidenciando el impacto pr\u00e1ctico de los saberes adquiridos.<\/span><\/p>\n<p class=\"ds-markdown-paragraph\" style=\"text-align: justify;\"><span style=\"font-family: helvetica, arial, sans-serif; font-size: 18px;\">La coordinadora del \u00e1mbito Comuna del Inces Trujillo, Shirley Duque, destac\u00f3 el valor de estas jornadas: \u201cEstas acciones permiten que la comunidad se apropie de los conocimientos y reconozca el alcance transformador de la formaci\u00f3n t\u00e9cnica. Estas jornadas permiten a las comunidades promover la inclusi\u00f3n, el emprendimiento y la transformaci\u00f3n social desde la base\u201d.<\/span><\/p>\n<p class=\"ds-markdown-paragraph\" style=\"text-align: justify;\"><span style=\"font-family: helvetica, arial, sans-serif; font-size: 18px;\">Por su parte, Mar\u00eda Maldonado, miembro activo del circuito comunal, expres\u00f3 su agradecimiento: \u201cFue una experiencia enriquecedora, recibimos atenci\u00f3n en servicios que muchas veces no est\u00e1n al alcance y adem\u00e1s conocimos las opciones de formaci\u00f3n que ofrece el Inces. Muchos j\u00f3venes se motivaron a inscribirse\u201d.<\/span><\/p>\n<p class=\"ds-markdown-paragraph\" style=\"text-align: justify;\"><span style=\"font-family: helvetica, arial, sans-serif; font-size: 18px;\">La jornada tambi\u00e9n sirvi\u00f3 como espacio de articulaci\u00f3n entre el Inces y las organizaciones comunitarias, fortaleciendo el v\u00ednculo institucional y reafirmando el compromiso con el desarrollo integral del pueblo. La ruta t\u00e9cnica continuar\u00e1 despleg\u00e1ndose en otros sectores del estado, llevando formaci\u00f3n, producci\u00f3n y atenci\u00f3n social a cada rinc\u00f3n de Trujillo.<\/span><\/p>\n","protected":false},"excerpt":{"rendered":"<p>** Inces regional desarroll\u00f3 su ruta t\u00e9cnica, con jornada, promoci\u00f3n formativa, asesor\u00edas comunitarias y demostraciones productivas en el circuito comunal El Nuevo Renacer La Arboleda del municipio San Rafael de Carvajal<\/p>\n","protected":false},"author":4,"featured_media":67919,"comment_status":"closed","ping_status":"closed","sticky":false,"template":"","format":"standard","meta":{"footnotes":""},"categories":[2],"tags":[],"class_list":["post-67918","post","type-post","status-publish","format-standard","has-post-thumbnail","hentry","category-blog"],"_links":{"self":[{"href":"https:\/\/inces.gob.ve\/index.php\/wp-json\/wp\/v2\/posts\/67918","targetHints":{"allow":["GET"]}}],"collection":[{"href":"https:\/\/inces.gob.ve\/index.php\/wp-json\/wp\/v2\/posts"}],"about":[{"href":"https:\/\/inces.gob.ve\/index.php\/wp-json\/wp\/v2\/types\/post"}],"author":[{"embeddable":true,"href":"https:\/\/inces.gob.ve\/index.php\/wp-json\/wp\/v2\/users\/4"}],"replies":[{"embeddable":true,"href":"https:\/\/inces.gob.ve\/index.php\/wp-json\/wp\/v2\/comments?post=67918"}],"version-history":[{"count":1,"href":"https:\/\/inces.gob.ve\/index.php\/wp-json\/wp\/v2\/posts\/67918\/revisions"}],"predecessor-version":[{"id":67920,"href":"https:\/\/inces.gob.ve\/index.php\/wp-json\/wp\/v2\/posts\/67918\/revisions\/67920"}],"wp:featuredmedia":[{"embeddable":true,"href":"https:\/\/inces.gob.ve\/index.php\/wp-json\/wp\/v2\/media\/67919"}],"wp:attachment":[{"href":"https:\/\/inces.gob.ve\/index.php\/wp-json\/wp\/v2\/media?parent=67918"}],"wp:term":[{"taxonomy":"category","embeddable":true,"href":"https:\/\/inces.gob.ve\/index.php\/wp-json\/wp\/v2\/categories?post=67918"},{"taxonomy":"post_tag","embeddable":true,"href":"https:\/\/inces.gob.ve\/index.php\/wp-json\/wp\/v2\/tags?post=67918"}],"curies":[{"name":"wp","href":"https:\/\/api.w.org\/{rel}","templated":true}]}}