{"id":67979,"date":"2025-07-28T12:33:15","date_gmt":"2025-07-28T16:33:15","guid":{"rendered":"https:\/\/inces.gob.ve\/?p=67979"},"modified":"2025-10-28T12:36:29","modified_gmt":"2025-10-28T16:36:29","slug":"guarico-inces-coordina-plan-de-reinsercion-social-con-instituciones-educativas-en-recinto-penitenciario-de-guarico","status":"publish","type":"post","link":"https:\/\/inces.gob.ve\/index.php\/2025\/07\/28\/guarico-inces-coordina-plan-de-reinsercion-social-con-instituciones-educativas-en-recinto-penitenciario-de-guarico\/","title":{"rendered":"GU\u00c1RICO | Inces coordina plan de reinserci\u00f3n social con instituciones educativas en recinto penitenciario"},"content":{"rendered":"<p style=\"text-align: justify;\"><em><span style=\"font-family: helvetica, arial, sans-serif; font-size: 18px;\"><strong>**<\/strong> El Inces Gu\u00e1rico particip\u00f3 en encuentro interinstitucional en el centro penitenciario \u00ab26 de Julio\u00bb para coordinar la ruta de reinserci\u00f3n<\/span><\/em><!--more--><\/p>\n<p>&nbsp;<\/p>\n<p class=\"ds-markdown-paragraph\" style=\"text-align: justify;\"><span style=\"font-family: helvetica, arial, sans-serif; font-size: 18px;\">Con el compromiso de fortalecer los procesos de formaci\u00f3n liberadora y promover la atenci\u00f3n integral, el equipo formativo del \u00e1mbito de Resocializaci\u00f3n del Inces Gu\u00e1rico particip\u00f3 en un encuentro interinstitucional en el Centro Penitenciario para Procesados Judiciales \u00ab26 de Julio\u00bb en San Juan de los Morros.<\/span><\/p>\n<p>&nbsp;<\/p>\n<p class=\"ds-markdown-paragraph\" style=\"text-align: justify;\"><span style=\"font-family: helvetica, arial, sans-serif; font-size: 18px;\">La actividad congreg\u00f3 a representantes de las Misiones Robinson, Ribas y Sucre; la Universidad Nacional Experimental \u00abR\u00f3mulo Gallegos\u00bb (UNERG); la Universidad Nacional Experimental \u00abSim\u00f3n Rodr\u00edguez\u00bb (UNESR); el Consejo Nacional para las Personas con Discapacidad (Conapdis); el anexo femenino de la Penitenciar\u00eda General de Venezuela (PGV); el centro de reclusi\u00f3n Ezequiel Zamora; y la entidad de atenci\u00f3n de j\u00f3venes y adolescentes Jos\u00e9 Dami\u00e1n Ram\u00edrez Labrador.<\/span><\/p>\n<p>&nbsp;<\/p>\n<p class=\"ds-markdown-paragraph\" style=\"text-align: justify;\"><span style=\"font-family: helvetica, arial, sans-serif; font-size: 18px;\">Durante la jornada se socializaron los seis ejes de la ruta de rehabilitaci\u00f3n y reinserci\u00f3n de las personas privadas de libertad, adem\u00e1s de propuestas estrat\u00e9gicas que incluyen:<\/span><\/p>\n<p>&nbsp;<\/p>\n<ul style=\"text-align: justify;\">\n<li>\n<p class=\"ds-markdown-paragraph\"><span style=\"font-family: helvetica, arial, sans-serif; font-size: 18px;\">Construcci\u00f3n de una comuna penitenciaria para garantizar su funcionamiento org\u00e1nico y pol\u00edtico.<\/span><\/p>\n<\/li>\n<li>\n<p class=\"ds-markdown-paragraph\"><span style=\"font-family: helvetica, arial, sans-serif; font-size: 18px;\">Habilitaci\u00f3n de un espacio dedicado al Inces que albergue talleres y oficinas formativas dentro del recinto.<\/span><\/p>\n<\/li>\n<li>\n<p class=\"ds-markdown-paragraph\"><span style=\"font-family: helvetica, arial, sans-serif; font-size: 18px;\">Organizaci\u00f3n de una Feria de Oportunidades, donde cada instituci\u00f3n presente su oferta de cursos y programas.<\/span><\/p>\n<\/li>\n<li>\n<p class=\"ds-markdown-paragraph\"><span style=\"font-family: helvetica, arial, sans-serif; font-size: 18px;\">Evaluaci\u00f3n de internos con perfil promotor, quienes recibir\u00e1n formaci\u00f3n pedag\u00f3gica del Inces.<\/span><\/p>\n<\/li>\n<li>\n<p class=\"ds-markdown-paragraph\"><span style=\"font-family: helvetica, arial, sans-serif; font-size: 18px;\">Apoyo t\u00e9cnico en proyectos productivos agr\u00edcolas, como parte de la autosustentabilidad y aprendizaje pr\u00e1ctico.<\/span><\/p>\n<\/li>\n<li><\/li>\n<\/ul>\n<p class=\"ds-markdown-paragraph\" style=\"text-align: justify;\"><span style=\"font-family: helvetica, arial, sans-serif; font-size: 18px;\">La responsable de Resocializaci\u00f3n del Inces Gu\u00e1rico, Katherine Silva, destac\u00f3: \u00abEl trabajo conjunto con el Poder Popular y las instituciones educativas consolida una visi\u00f3n humanizadora de la justicia, donde la formaci\u00f3n y el trabajo son pilares para restituir derechos y dignidad\u00bb.<\/span><\/p>\n<p>&nbsp;<\/p>\n<p class=\"ds-markdown-paragraph\" style=\"text-align: justify;\"><span style=\"font-family: helvetica, arial, sans-serif; font-size: 18px;\">Como cierre, el equipo formativo realiz\u00f3 un recorrido por las \u00e1reas destinadas a la capacitaci\u00f3n, identificando las condiciones de los talleres y espacios de encuentro. Esta visita permitir\u00e1 definir la infraestructura y recursos necesarios para la pr\u00f3xima instalaci\u00f3n de acciones formativas del Inces en el penal.<\/span><\/p>\n","protected":false},"excerpt":{"rendered":"<p>** El Inces Gu\u00e1rico particip\u00f3 en encuentro interinstitucional en el centro penitenciario \u00ab26 de Julio\u00bb para coordinar la ruta de reinserci\u00f3n<\/p>\n","protected":false},"author":4,"featured_media":67977,"comment_status":"closed","ping_status":"closed","sticky":false,"template":"","format":"standard","meta":{"footnotes":""},"categories":[2],"tags":[],"class_list":["post-67979","post","type-post","status-publish","format-standard","has-post-thumbnail","hentry","category-blog"],"_links":{"self":[{"href":"https:\/\/inces.gob.ve\/index.php\/wp-json\/wp\/v2\/posts\/67979","targetHints":{"allow":["GET"]}}],"collection":[{"href":"https:\/\/inces.gob.ve\/index.php\/wp-json\/wp\/v2\/posts"}],"about":[{"href":"https:\/\/inces.gob.ve\/index.php\/wp-json\/wp\/v2\/types\/post"}],"author":[{"embeddable":true,"href":"https:\/\/inces.gob.ve\/index.php\/wp-json\/wp\/v2\/users\/4"}],"replies":[{"embeddable":true,"href":"https:\/\/inces.gob.ve\/index.php\/wp-json\/wp\/v2\/comments?post=67979"}],"version-history":[{"count":2,"href":"https:\/\/inces.gob.ve\/index.php\/wp-json\/wp\/v2\/posts\/67979\/revisions"}],"predecessor-version":[{"id":67981,"href":"https:\/\/inces.gob.ve\/index.php\/wp-json\/wp\/v2\/posts\/67979\/revisions\/67981"}],"wp:featuredmedia":[{"embeddable":true,"href":"https:\/\/inces.gob.ve\/index.php\/wp-json\/wp\/v2\/media\/67977"}],"wp:attachment":[{"href":"https:\/\/inces.gob.ve\/index.php\/wp-json\/wp\/v2\/media?parent=67979"}],"wp:term":[{"taxonomy":"category","embeddable":true,"href":"https:\/\/inces.gob.ve\/index.php\/wp-json\/wp\/v2\/categories?post=67979"},{"taxonomy":"post_tag","embeddable":true,"href":"https:\/\/inces.gob.ve\/index.php\/wp-json\/wp\/v2\/tags?post=67979"}],"curies":[{"name":"wp","href":"https:\/\/api.w.org\/{rel}","templated":true}]}}