{"id":68150,"date":"2025-06-17T19:47:35","date_gmt":"2025-06-17T23:47:35","guid":{"rendered":"https:\/\/inces.gob.ve\/?p=68150"},"modified":"2025-11-01T19:49:15","modified_gmt":"2025-11-01T23:49:15","slug":"delta-amacuro-30-participantes-culminan-unidad-curricular-de-oratoria-en-el-parque-central","status":"publish","type":"post","link":"https:\/\/inces.gob.ve\/index.php\/2025\/06\/17\/delta-amacuro-30-participantes-culminan-unidad-curricular-de-oratoria-en-el-parque-central\/","title":{"rendered":"DELTA AMACURO | 30 PARTICIPANTES CULMINAN UNIDAD CURRICULAR DE ORATORIA EN EL PARQUE CENTRAL"},"content":{"rendered":"<p style=\"text-align: justify;\"><span style=\"font-family: helvetica, arial, sans-serif; font-size: 18px;\"><i><span style=\"font-weight: 400;\">** El Parque Central de Tucupita\u2026 fue el escenario para la culminaci\u00f3n de la unidad curricular Oratoria<\/span><\/i><\/span><\/p>\n<p style=\"text-align: justify;\">\n<p style=\"text-align: justify;\"><span style=\"font-weight: 400; font-family: helvetica, arial, sans-serif; font-size: 18px;\">TITO Y\u00c1NEZ<\/span><\/p>\n<p style=\"text-align: justify;\"><span style=\"font-weight: 400; font-family: helvetica, arial, sans-serif; font-size: 18px;\">En un entorno cargado de vida y simbolismo, el Parque Central de Tucupita, sede natural del Instituto Nacional de Parques (Inparques), fue el escenario para la culminaci\u00f3n de la unidad curricular Oratoria, desarrollada por el Instituto Nacional de Capacitaci\u00f3n y Educaci\u00f3n Socialista (Inces). En esta jornada, 30 participantes recibieron sus certificados, reafirmando el lema que los acompa\u00f1\u00f3 durante todo el proceso: \u201cInparques somos todos\u201d.<\/span><\/p>\n<p style=\"text-align: justify;\"><span style=\"font-weight: 400; font-family: helvetica, arial, sans-serif; font-size: 18px;\">El objetivo de esta formaci\u00f3n fue reconocer y proyectar el potencial humano e institucional, conectando la palabra con el entorno natural como herramienta de liderazgo, conciencia y transformaci\u00f3n. El Parque Central, se convirti\u00f3 en aula viva donde la voz se entren\u00f3 entre \u00e1rboles, senderos y compromiso colectivo.<\/span><\/p>\n<p style=\"text-align: justify;\"><span style=\"font-weight: 400; font-family: helvetica, arial, sans-serif; font-size: 18px;\">Uno de los facilitadores de la jornada expres\u00f3: \u201cLo que m\u00e1s me llam\u00f3 la atenci\u00f3n fue la disciplina y la forma en que los participantes asumieron su rol como estudiantes. Se notaba el deseo genuino de aprender, de formarse, de crecer\u201d.<\/span><\/p>\n<p style=\"text-align: justify;\"><span style=\"font-weight: 400; font-family: helvetica, arial, sans-serif; font-size: 18px;\">Desde la perspectiva institucional, se destac\u00f3 que toda organizaci\u00f3n debe contar con protocolos, formaci\u00f3n y foros organizados, que permitan brindar una mejor respuesta a la comunidad. En ese sentido, la oratoria no solo se abord\u00f3 como t\u00e9cnica de expresi\u00f3n, sino como herramienta estrat\u00e9gica para el desempe\u00f1o laboral, la atenci\u00f3n al p\u00fablico y la construcci\u00f3n de equipos s\u00f3lidos.<\/span><\/p>\n<p style=\"text-align: justify;\"><span style=\"font-weight: 400; font-family: helvetica, arial, sans-serif; font-size: 18px;\">Los participantes manifestaron su inter\u00e9s en seguir form\u00e1ndose con el Inces, reconociendo la importancia de mantener un nexo educativo que les permita especializarse y crecer tanto en lo t\u00e9cnico como en lo humano. Ya se estudian nuevas unidades curriculares que puedan complementar este proceso.<\/span><\/p>\n<p style=\"text-align: justify;\"><span style=\"font-weight: 400; font-family: helvetica, arial, sans-serif; font-size: 18px;\">El mensaje final fue claro y motivador: \u201cLa formaci\u00f3n y la autoformaci\u00f3n deben ser constantes. No dejemos de estudiar, no dejemos de prepararnos. Busquemos especializarnos, no solo en la t\u00e9cnica, sino tambi\u00e9n en esa formaci\u00f3n que nos llevar\u00e1 a ser mejores personas\u201d.<\/span><\/p>\n","protected":false},"excerpt":{"rendered":"<p>** El Parque Central de Tucupita\u2026 fue el escenario para la culminaci\u00f3n de la unidad curricular Oratoria TITO Y\u00c1NEZ En un entorno cargado de vida y simbolismo, el Parque Central de Tucupita, sede natural del Instituto Nacional de Parques (Inparques), fue el escenario para la culminaci\u00f3n de la unidad curricular Oratoria, desarrollada por el Instituto [&hellip;]<\/p>\n","protected":false},"author":4,"featured_media":64782,"comment_status":"closed","ping_status":"closed","sticky":false,"template":"","format":"standard","meta":{"footnotes":""},"categories":[2],"tags":[],"class_list":["post-68150","post","type-post","status-publish","format-standard","has-post-thumbnail","hentry","category-blog"],"_links":{"self":[{"href":"https:\/\/inces.gob.ve\/index.php\/wp-json\/wp\/v2\/posts\/68150","targetHints":{"allow":["GET"]}}],"collection":[{"href":"https:\/\/inces.gob.ve\/index.php\/wp-json\/wp\/v2\/posts"}],"about":[{"href":"https:\/\/inces.gob.ve\/index.php\/wp-json\/wp\/v2\/types\/post"}],"author":[{"embeddable":true,"href":"https:\/\/inces.gob.ve\/index.php\/wp-json\/wp\/v2\/users\/4"}],"replies":[{"embeddable":true,"href":"https:\/\/inces.gob.ve\/index.php\/wp-json\/wp\/v2\/comments?post=68150"}],"version-history":[{"count":1,"href":"https:\/\/inces.gob.ve\/index.php\/wp-json\/wp\/v2\/posts\/68150\/revisions"}],"predecessor-version":[{"id":68151,"href":"https:\/\/inces.gob.ve\/index.php\/wp-json\/wp\/v2\/posts\/68150\/revisions\/68151"}],"wp:featuredmedia":[{"embeddable":true,"href":"https:\/\/inces.gob.ve\/index.php\/wp-json\/wp\/v2\/media\/64782"}],"wp:attachment":[{"href":"https:\/\/inces.gob.ve\/index.php\/wp-json\/wp\/v2\/media?parent=68150"}],"wp:term":[{"taxonomy":"category","embeddable":true,"href":"https:\/\/inces.gob.ve\/index.php\/wp-json\/wp\/v2\/categories?post=68150"},{"taxonomy":"post_tag","embeddable":true,"href":"https:\/\/inces.gob.ve\/index.php\/wp-json\/wp\/v2\/tags?post=68150"}],"curies":[{"name":"wp","href":"https:\/\/api.w.org\/{rel}","templated":true}]}}