{"id":68316,"date":"2025-11-07T17:17:21","date_gmt":"2025-11-07T21:17:21","guid":{"rendered":"https:\/\/inces.gob.ve\/?p=68316"},"modified":"2025-11-10T09:26:44","modified_gmt":"2025-11-10T13:26:44","slug":"escuela-de-medios-y-comunicacion-del-inces-inicia-su-mes-aniversario-con-clase-magistral-de-redaccion-seo","status":"publish","type":"post","link":"https:\/\/inces.gob.ve\/index.php\/2025\/11\/07\/escuela-de-medios-y-comunicacion-del-inces-inicia-su-mes-aniversario-con-clase-magistral-de-redaccion-seo\/","title":{"rendered":"Escuela de Medios y Comunicaci\u00f3n del Inces inicia su mes aniversario con clase magistral de redacci\u00f3n SEO"},"content":{"rendered":"<p style=\"text-align: justify;\"><span style=\"font-family: helvetica, arial, sans-serif; font-size: 18px;\"><strong><i><span lang=\"ES\">** La Escuela de Medios y Comunicaci\u00f3n del Inces (EMCI) dio inicio a la celebraci\u00f3n de su tercer aniversario con una clase magistral sobre redacci\u00f3n SEO, impartida\u00a0 por la periodista y redactora SEO, Zulma Gal\u00edndez y estuvo dirigida a 25 participantes que se dieron cita en las instalaciones de la instituci\u00f3n para formar parte de esta bonita\u00a0 experiencia de formaci\u00f3n.<\/span><\/i><\/strong><!--more--><\/span><\/p>\n<p style=\"text-align: justify;\"><span style=\"font-family: helvetica, arial, sans-serif; font-size: 18px;\"><i><span lang=\"ES\">\u00a0<\/span><\/i><\/span><\/p>\n<p style=\"text-align: justify;\"><span style=\"font-family: helvetica, arial, sans-serif; font-size: 18px;\"><i><span lang=\"ES\">T\/ Duglianny Ram\u00edrez<\/span><\/i><\/span><\/p>\n<p style=\"text-align: justify;\"><span lang=\"ES\" style=\"font-family: helvetica, arial, sans-serif; font-size: 18px;\">La jornada comenz\u00f3 con las palabras de Winder Rivero, coordinador de la EMCI, quien destac\u00f3 que esta clase marca el inicio de una etapa de cuatro clases magistrales que se desarrollar\u00e1n durante el mes de noviembre. Las formaciones incluyen neuromarketing, el actor en el cine y c\u00f3mo generar contenido para YouTube, todas en el marco de la celebraci\u00f3n de los tres a\u00f1os de creaci\u00f3n de la Escuela de Medios y Comunicaci\u00f3n del Inces, un espacio que ofrece herramientas en el \u00e1rea de la comunicaci\u00f3n a trav\u00e9s de maestros expertos.<\/span><\/p>\n<p style=\"text-align: justify;\"><span lang=\"ES\" style=\"font-family: helvetica, arial, sans-serif; font-size: 18px;\"> <img loading=\"lazy\" decoding=\"async\" class=\"aligncenter wp-image-68319 size-full\" src=\"https:\/\/inces.gob.ve\/wp-content\/uploads\/2025\/11\/DSC_0248-scaled-e1762549630311.jpg\" alt=\"\" width=\"800\" height=\"536\" \/><\/span><\/p>\n<p style=\"text-align: justify;\"><span lang=\"ES\" style=\"font-family: helvetica, arial, sans-serif; font-size: 18px;\">Rivero tambi\u00e9n resalt\u00f3 que el objetivo de la EMCI es ofrecer formaciones de corta duraci\u00f3n con micro certificaciones dirigidas a estudiantes, trabajadores y p\u00fablico en general, especialmente en \u00e1reas como cine, televisi\u00f3n, radio, prensa y redes sociales.<\/span><\/p>\n<p style=\"text-align: justify;\"><span lang=\"ES\" style=\"font-family: helvetica, arial, sans-serif; font-size: 18px;\">\u00a0<\/span><\/p>\n<p style=\"text-align: justify;\"><span lang=\"ES\" style=\"font-family: helvetica, arial, sans-serif; font-size: 18px;\">Por su parte, Zulma Gal\u00edndez agradeci\u00f3 a los asistentes por su participaci\u00f3n y subray\u00f3 que la clase no est\u00e1 dirigida \u00fanicamente a quienes poseen p\u00e1ginas web, sino que tambi\u00e9n es \u00fatil para aprender a redactar y posicionar cualquier tipo de producto en redes sociales o sitios web.<\/span><\/p>\n<p style=\"text-align: justify;\"><span lang=\"ES\" style=\"font-family: helvetica, arial, sans-serif; font-size: 18px;\"><img loading=\"lazy\" decoding=\"async\" class=\"aligncenter wp-image-68317 size-full\" src=\"https:\/\/inces.gob.ve\/wp-content\/uploads\/2025\/11\/DSC_0256-scaled-e1762549947978.jpg\" alt=\"\" width=\"800\" height=\"539\" \/>\u00a0<\/span><\/p>\n<p style=\"text-align: justify;\"><span lang=\"ES\" style=\"font-family: helvetica, arial, sans-serif; font-size: 18px;\">Durante la clase, los participantes adquirieron conocimientos sobre qu\u00e9 es el SEO (Search Engine Optimization, por sus siglas en ingl\u00e9s), traducido al espa\u00f1ol como Optimizaci\u00f3n de Motores de B\u00fasqueda. Tambi\u00e9n se abordaron temas como los objetivos del SEO, los algoritmos de b\u00fasqueda de Google, el concepto de palabras clave, sus tipos y su importancia tanto para el redactor como para el algoritmo, se explic\u00f3 la estructura de un art\u00edculo SEO, su longitud, la organizaci\u00f3n de los p\u00e1rrafos, y se profundiz\u00f3 en estrategias para seleccionar palabras clave efectivas, el n\u00famero adecuado de estas, las herramientas de investigaci\u00f3n de palabras claves y el funcionamiento de los motores de b\u00fasqueda.<\/span><\/p>\n<p style=\"text-align: justify;\"><span lang=\"ES\" style=\"font-family: helvetica, arial, sans-serif; font-size: 18px;\"><img loading=\"lazy\" decoding=\"async\" class=\"aligncenter wp-image-68318 size-full\" src=\"https:\/\/inces.gob.ve\/wp-content\/uploads\/2025\/11\/DSC_0255-scaled-e1762549736575.jpg\" alt=\"\" width=\"800\" height=\"536\" \/>\u00a0<\/span><\/p>\n<p style=\"text-align: justify;\"><span lang=\"ES\" style=\"font-family: helvetica, arial, sans-serif; font-size: 18px;\">Durante la clase, Gal\u00edndez interactu\u00f3 con los participantes para reflexionar sobre los contenidos abordados, generando un ambiente de comprensi\u00f3n y an\u00e1lisis entre participantes.<\/span><\/p>\n<p style=\"text-align: justify;\"><span lang=\"ES\" style=\"font-family: helvetica, arial, sans-serif; font-size: 18px;\">\u00a0<\/span><\/p>\n<p style=\"text-align: justify;\"><span lang=\"ES\" style=\"font-family: helvetica, arial, sans-serif; font-size: 18px;\">Como cierre, se discuti\u00f3 sobre el contenido generado por Inteligencia Artificial, su aplicaci\u00f3n en la redacci\u00f3n SEO, el tema del plagio y algunas consideraciones clave para redactores SEO o para quienes deseen iniciarse en la creaci\u00f3n de art\u00edculos SEO, adem\u00e1s los asistentes expresaron sentirse a gusto con la clase magistral y manifestaron su deseo de que se repita y se prolongue por m\u00e1s d\u00edas, ya que la clase es de mucha utilidad y debe seguir siendo compartida.<\/span><\/p>\n<p style=\"text-align: justify;\"><span lang=\"ES\" style=\"font-family: helvetica, arial, sans-serif; font-size: 18px;\">\u00a0<\/span><\/p>\n<p style=\"text-align: justify;\"><span lang=\"ES\" style=\"font-family: helvetica, arial, sans-serif; font-size: 18px;\">Es importante mencionar que la clase fue grabada y ser\u00e1 transmitida en los estados Anzo\u00e1tegui, Aragua, Bol\u00edvar, Carabobo, Cojedes, Delta Amacuro, Gu\u00e1rico, M\u00e9rida, Miranda, Monagas, Nueva Esparta, T\u00e1chira, Trujillo, Yaracuy y Zulia, donde la Escuela de Medios y Comunicaci\u00f3n del Inces tiene presencia.2560<\/span><\/p>\n<p style=\"text-align: justify;\"><span lang=\"ES\" style=\"font-family: helvetica, arial, sans-serif; font-size: 18px;\">\u00a0<\/span><\/p>\n<p style=\"text-align: justify;\"><span lang=\"ES\" style=\"font-family: helvetica, arial, sans-serif; font-size: 18px;\">Desde su creaci\u00f3n en el a\u00f1o 2022, la EMCI tiene como objetivo ofrecer formaciones breves con microcertificaciones en \u00e1reas vinculadas al cine, televisi\u00f3n, radio, prensa y redes sociales. Esta escuela naci\u00f3 de la necesidad de fortalecer los conocimientos comunicacionales, tanto para quienes desean aprender desde cero como para quienes ya trabajan en el medio y buscan evolucionar al ritmo de la tecnolog\u00eda.<\/span><\/p>\n","protected":false},"excerpt":{"rendered":"<p>** La Escuela de Medios y Comunicaci\u00f3n del Inces (EMCI) dio inicio a la celebraci\u00f3n de su tercer aniversario con una clase magistral sobre redacci\u00f3n SEO, impartida\u00a0 por la periodista y redactora SEO, Zulma Gal\u00edndez y estuvo dirigida a 25 participantes que se dieron cita en las instalaciones de la instituci\u00f3n para formar parte de [&hellip;]<\/p>\n","protected":false},"author":15,"featured_media":68320,"comment_status":"closed","ping_status":"closed","sticky":false,"template":"","format":"standard","meta":{"footnotes":""},"categories":[2],"tags":[],"class_list":["post-68316","post","type-post","status-publish","format-standard","has-post-thumbnail","hentry","category-blog"],"_links":{"self":[{"href":"https:\/\/inces.gob.ve\/index.php\/wp-json\/wp\/v2\/posts\/68316","targetHints":{"allow":["GET"]}}],"collection":[{"href":"https:\/\/inces.gob.ve\/index.php\/wp-json\/wp\/v2\/posts"}],"about":[{"href":"https:\/\/inces.gob.ve\/index.php\/wp-json\/wp\/v2\/types\/post"}],"author":[{"embeddable":true,"href":"https:\/\/inces.gob.ve\/index.php\/wp-json\/wp\/v2\/users\/15"}],"replies":[{"embeddable":true,"href":"https:\/\/inces.gob.ve\/index.php\/wp-json\/wp\/v2\/comments?post=68316"}],"version-history":[{"count":4,"href":"https:\/\/inces.gob.ve\/index.php\/wp-json\/wp\/v2\/posts\/68316\/revisions"}],"predecessor-version":[{"id":68324,"href":"https:\/\/inces.gob.ve\/index.php\/wp-json\/wp\/v2\/posts\/68316\/revisions\/68324"}],"wp:featuredmedia":[{"embeddable":true,"href":"https:\/\/inces.gob.ve\/index.php\/wp-json\/wp\/v2\/media\/68320"}],"wp:attachment":[{"href":"https:\/\/inces.gob.ve\/index.php\/wp-json\/wp\/v2\/media?parent=68316"}],"wp:term":[{"taxonomy":"category","embeddable":true,"href":"https:\/\/inces.gob.ve\/index.php\/wp-json\/wp\/v2\/categories?post=68316"},{"taxonomy":"post_tag","embeddable":true,"href":"https:\/\/inces.gob.ve\/index.php\/wp-json\/wp\/v2\/tags?post=68316"}],"curies":[{"name":"wp","href":"https:\/\/api.w.org\/{rel}","templated":true}]}}