{"id":68375,"date":"2025-11-10T15:08:56","date_gmt":"2025-11-10T19:08:56","guid":{"rendered":"https:\/\/inces.gob.ve\/?p=68375"},"modified":"2025-11-10T16:06:01","modified_gmt":"2025-11-10T20:06:01","slug":"el-inces-se-corono-campeon-de-la-copa-navidad-2025-tras-una-epopeya-deportiva","status":"publish","type":"post","link":"https:\/\/inces.gob.ve\/index.php\/2025\/11\/10\/el-inces-se-corono-campeon-de-la-copa-navidad-2025-tras-una-epopeya-deportiva\/","title":{"rendered":"El Inces se coron\u00f3 campe\u00f3n de la Copa navidad 2025 tras una epopeya deportiva"},"content":{"rendered":"<p style=\"text-align: justify;\"><span style=\"font-family: helvetica, arial, sans-serif; font-size: 18px;\"><em><strong>** Se llevaron 3 de 4 primeros lugares<\/strong><\/em><!--more--><\/span><\/p>\n<p style=\"text-align: justify;\"><span style=\"font-family: helvetica, arial, sans-serif; font-size: 18px;\">En una jornada deportiva celebrada en el N\u00facleo de Desarrollo End\u00f3geno Fabricio Ojeda de Gramoven-Catia, el equipo multideportivo del Inces conquist\u00f3 el primer lugar del torneo navide\u00f1o al imponerse en tres de las cuatro disciplinas, tras jugar partidos llenos de emoci\u00f3n.<\/span><\/p>\n<p>&nbsp;<\/p>\n<p style=\"text-align: justify;\"><img loading=\"lazy\" decoding=\"async\" class=\"aligncenter wp-image-68380 size-full\" src=\"https:\/\/inces.gob.ve\/wp-content\/uploads\/2025\/11\/WhatsApp-Image-2025-11-10-at-11.13.28-AM-1.jpeg\" alt=\"\" width=\"765\" height=\"579\" srcset=\"https:\/\/inces.gob.ve\/wp-content\/uploads\/2025\/11\/WhatsApp-Image-2025-11-10-at-11.13.28-AM-1.jpeg 765w, https:\/\/inces.gob.ve\/wp-content\/uploads\/2025\/11\/WhatsApp-Image-2025-11-10-at-11.13.28-AM-1-300x227.jpeg 300w, https:\/\/inces.gob.ve\/wp-content\/uploads\/2025\/11\/WhatsApp-Image-2025-11-10-at-11.13.28-AM-1-136x102.jpeg 136w\" sizes=\"auto, (max-width: 765px) 100vw, 765px\" \/><\/p>\n<p style=\"text-align: justify;\"><span style=\"font-family: helvetica, arial, sans-serif; font-size: 18px;\">En el marco de la\u00a0<strong>Copa Navidad 2025<\/strong>, organizada por el Ministerio del Poder Popular para el Trabajo, el Instituto Nacional de Capacitaci\u00f3n y Educaci\u00f3n Socialista (INCES) escribi\u00f3 con letras de oro su nombre en el cuadro de honor, alz\u00e1ndose como el gran campe\u00f3n del evento.<\/span><\/p>\n<p>&nbsp;<\/p>\n<p style=\"text-align: justify;\"><span style=\"font-family: helvetica, arial, sans-serif; font-size: 18px;\">La fiesta deportiva, que cont\u00f3 con la presencia de instituciones como la Tesorer\u00eda Nacional, el propio Ministerio del Trabajo e Inpsasel, fue testigo del temple del equipo del Inces en las disciplinas de\u00a0<strong>f\u00fatbol sala, s\u00f3ftbol y voleibol mixto<\/strong>.<\/span><\/p>\n<p>&nbsp;<\/p>\n<p><img loading=\"lazy\" decoding=\"async\" class=\"aligncenter wp-image-68376 size-full\" src=\"https:\/\/inces.gob.ve\/wp-content\/uploads\/2025\/11\/WhatsApp-Image-2025-11-10-at-11.13.29-AM-2-e1762801327882.jpeg\" alt=\"\" width=\"800\" height=\"369\" \/><\/p>\n<p style=\"text-align: justify;\"><span style=\"font-family: helvetica, arial, sans-serif; font-size: 18px;\">La tarde estuvo cargada de dramatismo, especialmente en la cancha de f\u00fatbol sala. En una\u00a0<strong>final \u00e9pica<\/strong>\u00a0contra el Ministerio del Poder Popular para el Trabajo, el cotejo culmin\u00f3 con un empate 4-4 en el tiempo reglamentario. Fue en esta loter\u00eda de los penales donde el INCES mostr\u00f3 su jerarqu\u00eda, imponi\u00e9ndose por un ajustado 5-4 para\u00a0<strong>colgarse la medalla de oro<\/strong>.<\/span><\/p>\n<p>&nbsp;<\/p>\n<p style=\"text-align: justify;\"><span style=\"font-family: helvetica, arial, sans-serif; font-size: 18px;\">En el diamante de s\u00f3ftbol, la victoria fue contundente. El equipo del Inces no dej\u00f3 lugar a dudas y se llev\u00f3 el primer lugar tras una victoria aplastante sobre Inpsasel, con un marcador de\u00a0<strong>26 carreras por 18<\/strong>.<\/span><\/p>\n<p>&nbsp;<\/p>\n<p><img loading=\"lazy\" decoding=\"async\" class=\"aligncenter wp-image-68379 size-full\" src=\"https:\/\/inces.gob.ve\/wp-content\/uploads\/2025\/11\/WhatsApp-Image-2025-11-10-at-11.13.28-AM-2-e1762801057758.jpeg\" alt=\"\" width=\"789\" height=\"501\" srcset=\"https:\/\/inces.gob.ve\/wp-content\/uploads\/2025\/11\/WhatsApp-Image-2025-11-10-at-11.13.28-AM-2-e1762801057758.jpeg 789w, https:\/\/inces.gob.ve\/wp-content\/uploads\/2025\/11\/WhatsApp-Image-2025-11-10-at-11.13.28-AM-2-e1762801057758-300x190.jpeg 300w, https:\/\/inces.gob.ve\/wp-content\/uploads\/2025\/11\/WhatsApp-Image-2025-11-10-at-11.13.28-AM-2-e1762801057758-768x488.jpeg 768w\" sizes=\"auto, (max-width: 789px) 100vw, 789px\" \/><\/p>\n<p style=\"text-align: justify;\"><span style=\"font-family: helvetica, arial, sans-serif; font-size: 18px;\">La corona se complet\u00f3 en la cancha de voleibol mixto, donde el Inces se enfrent\u00f3 tambi\u00e9n a Inpsasel en un partido que requiri\u00f3 de tres sets para decidir al campe\u00f3n. Tras caer en un primer set ajustad\u00edsimo (28-26), el cuadro del Inces reaccion\u00f3 con fuerza, dominando el segundo set 25-17 para forzar la definici\u00f3n en un tercer y \u00faltimo set, donde se impusieron por\u00a0<strong>15-10<\/strong>\u00a0para sellar su tercer cetro en el torneo.<\/span><\/p>\n<p>&nbsp;<\/p>\n<p><img loading=\"lazy\" decoding=\"async\" class=\"aligncenter wp-image-68377 size-full\" src=\"https:\/\/inces.gob.ve\/wp-content\/uploads\/2025\/11\/WhatsApp-Image-2025-11-10-at-11.13.29-AM-1-e1762801394106.jpeg\" alt=\"\" width=\"800\" height=\"613\" \/><\/p>\n<p style=\"text-align: justify;\"><span style=\"font-family: helvetica, arial, sans-serif; font-size: 18px;\">El evento cont\u00f3 con la presencia del\u00a0<strong>ciudadano Anderson Garc\u00eda<\/strong>, en representaci\u00f3n del Ministerio del Trabajo y Bienestar Social, quien fue el encargado de acompa\u00f1ar a los atletas durante esta exitosa jornada.<\/span><\/p>\n<p>&nbsp;<\/p>\n<p style=\"text-align: justify;\"><span style=\"font-family: helvetica, arial, sans-serif; font-size: 18px;\"><strong>Palmar\u00e9s del INCES &#8211; Copa Navidad 2025:<\/strong><\/span><\/p>\n<ul>\n<li style=\"text-align: justify;\"><span style=\"font-family: helvetica, arial, sans-serif; font-size: 18px;\"><strong>\u00a0Campe\u00f3n de F\u00fatbol Sala<\/strong><\/span><\/li>\n<li style=\"text-align: justify;\"><span style=\"font-family: helvetica, arial, sans-serif; font-size: 18px;\"><strong>\u00a0Campe\u00f3n de S\u00f3ftbol<\/strong><\/span><\/li>\n<li style=\"text-align: justify;\"><span style=\"font-family: helvetica, arial, sans-serif; font-size: 18px;\"><strong>\u00a0Campe\u00f3n de Voleibol Mixto<\/strong><\/span><\/li>\n<\/ul>\n","protected":false},"excerpt":{"rendered":"<p>** Se llevaron 3 de 4 primeros lugares<\/p>\n","protected":false},"author":15,"featured_media":68378,"comment_status":"closed","ping_status":"closed","sticky":false,"template":"","format":"standard","meta":{"footnotes":""},"categories":[2],"tags":[],"class_list":["post-68375","post","type-post","status-publish","format-standard","has-post-thumbnail","hentry","category-blog"],"_links":{"self":[{"href":"https:\/\/inces.gob.ve\/index.php\/wp-json\/wp\/v2\/posts\/68375","targetHints":{"allow":["GET"]}}],"collection":[{"href":"https:\/\/inces.gob.ve\/index.php\/wp-json\/wp\/v2\/posts"}],"about":[{"href":"https:\/\/inces.gob.ve\/index.php\/wp-json\/wp\/v2\/types\/post"}],"author":[{"embeddable":true,"href":"https:\/\/inces.gob.ve\/index.php\/wp-json\/wp\/v2\/users\/15"}],"replies":[{"embeddable":true,"href":"https:\/\/inces.gob.ve\/index.php\/wp-json\/wp\/v2\/comments?post=68375"}],"version-history":[{"count":8,"href":"https:\/\/inces.gob.ve\/index.php\/wp-json\/wp\/v2\/posts\/68375\/revisions"}],"predecessor-version":[{"id":68389,"href":"https:\/\/inces.gob.ve\/index.php\/wp-json\/wp\/v2\/posts\/68375\/revisions\/68389"}],"wp:featuredmedia":[{"embeddable":true,"href":"https:\/\/inces.gob.ve\/index.php\/wp-json\/wp\/v2\/media\/68378"}],"wp:attachment":[{"href":"https:\/\/inces.gob.ve\/index.php\/wp-json\/wp\/v2\/media?parent=68375"}],"wp:term":[{"taxonomy":"category","embeddable":true,"href":"https:\/\/inces.gob.ve\/index.php\/wp-json\/wp\/v2\/categories?post=68375"},{"taxonomy":"post_tag","embeddable":true,"href":"https:\/\/inces.gob.ve\/index.php\/wp-json\/wp\/v2\/tags?post=68375"}],"curies":[{"name":"wp","href":"https:\/\/api.w.org\/{rel}","templated":true}]}}