{"id":68420,"date":"2025-11-11T13:43:37","date_gmt":"2025-11-11T17:43:37","guid":{"rendered":"https:\/\/inces.gob.ve\/?p=68420"},"modified":"2025-11-11T14:05:33","modified_gmt":"2025-11-11T18:05:33","slug":"yaracuy-continua-cierre-de-unidades-curriculares-correspondientes-al-cuarto-trimestre-formativo","status":"publish","type":"post","link":"https:\/\/inces.gob.ve\/index.php\/2025\/11\/11\/yaracuy-continua-cierre-de-unidades-curriculares-correspondientes-al-cuarto-trimestre-formativo\/","title":{"rendered":"YARACUY | Contin\u00faa cierre de unidades curriculares correspondientes al cuarto trimestre formativo"},"content":{"rendered":"<p style=\"font-weight: 400; text-align: justify;\"><span style=\"font-family: helvetica, arial, sans-serif; font-size: 18px;\"><strong><em>*** El Centro Ministerial Kerigma, ofrece sus espacios al Inces como parte del compromiso de responsabilidad social<\/em><\/strong><!--more--><\/span><\/p>\n<p style=\"font-weight: 400; text-align: justify;\"><span style=\"font-family: helvetica, arial, sans-serif; font-size: 18px;\"><strong>YOLAICE VARGAS<\/strong><\/span><\/p>\n<p style=\"font-weight: 400; text-align: justify;\"><span style=\"font-family: helvetica, arial, sans-serif; font-size: 18px;\">Con una extraordinaria explicaci\u00f3n de los conocimientos aprendidos y exquisitas muestras, las y los participantes de las unidades curriculares Higiene y Manipulaci\u00f3n de Alimentos y Elaboraci\u00f3n de Pasapalos impartidas por la maestra t\u00e9cnica productiva Marina Bustillos, realizaron el cierre formativo correspondiente al cuarto trimestre 2025.<\/span><\/p>\n<p>&nbsp;<\/p>\n<p><img loading=\"lazy\" decoding=\"async\" class=\"aligncenter wp-image-68423 size-full\" src=\"https:\/\/inces.gob.ve\/wp-content\/uploads\/2025\/11\/574807662_18103398091725909_9151294043433683113_n-e1762882302652.jpg\" alt=\"\" width=\"800\" height=\"540\" \/><\/p>\n<p style=\"font-weight: 400; text-align: justify;\"><span style=\"font-family: helvetica, arial, sans-serif; font-size: 18px;\">Entre los temas que explicaron los participantes se pueden mencionar; \u00bfQu\u00e9 son bacterias y virus? La importancia de la higiene al momento de preparar los alimentos, diferencia entre herramientas, utensilios e insumos, \u00bfqu\u00e9 son los pasapalos?, adem\u00e1s de los tipos de salsas y dips, de acuerdo a los insumos o ingredientes que se utilicen para su preparaci\u00f3n.<\/span><\/p>\n<p>&nbsp;<\/p>\n<p><img loading=\"lazy\" decoding=\"async\" class=\"aligncenter wp-image-68427 size-full\" src=\"https:\/\/inces.gob.ve\/wp-content\/uploads\/2025\/11\/575743518_18103398118725909_1356415115157109316_n-e1762882371688.jpg\" alt=\"\" width=\"800\" height=\"600\" \/><\/p>\n<p style=\"font-weight: 400; text-align: justify;\"><span style=\"font-family: helvetica, arial, sans-serif; font-size: 18px;\">Es importante mencionar que el desarrollo de la capacitaci\u00f3n se llev\u00f3 a cabo en las instalaciones del Centro de Entrenamiento Ministerial Kerigma, el cual ofrece sus espacios como parte de la responsabilidad social con la comunidad del punto y c\u00edrculo, estableciendo una alianza con el Inces para formar a todas las personas que deseen aprender un oficio.<\/span><\/p>\n<p>&nbsp;<\/p>\n<p><img loading=\"lazy\" decoding=\"async\" class=\"aligncenter wp-image-68426 size-full\" src=\"https:\/\/inces.gob.ve\/wp-content\/uploads\/2025\/11\/573738530_18103398082725909_2052951350497106383_n-e1762882417559.jpg\" alt=\"\" width=\"800\" height=\"522\" \/><\/p>\n<p style=\"font-weight: 400; text-align: justify;\"><span style=\"font-family: helvetica, arial, sans-serif; font-size: 18px;\">Las y los participantes se mostraron gratamente complacidos con los conocimientos adquiridos, para alguna\/os experiencias nuevas, para otra\/os los encuentros sirvieron para reforzar conocimientos y aprender nuevas t\u00e9cnicas en el arte culinario.<\/span><\/p>\n<p>&nbsp;<\/p>\n<p><img loading=\"lazy\" decoding=\"async\" class=\"aligncenter wp-image-68424 size-full\" src=\"https:\/\/inces.gob.ve\/wp-content\/uploads\/2025\/11\/574807627_18103398100725909_6137992331399854625_n-e1762882792398.jpg\" alt=\"\" width=\"800\" height=\"600\" \/><\/p>\n<p>&nbsp;<\/p>\n<p style=\"font-weight: 400; text-align: justify;\"><span style=\"font-family: helvetica, arial, sans-serif; font-size: 18px;\">La actividad cont\u00f3 con la presencia de representantes del Inces; la jefa de Divisi\u00f3n de Talento Humano, Maigualida M\u00e9ndez; la responsable del \u00e1mbito Comunas, Mar\u00eda Jos\u00e9 Hern\u00e1ndez; la coordinadora de Textil, Ligia M\u00e1rquez y la asesora docente, Roraima Camacho, as\u00ed como del Centro Ministerial.<\/span><\/p>\n<p>&nbsp;<\/p>\n<p><img loading=\"lazy\" decoding=\"async\" class=\"aligncenter wp-image-68425 size-full\" src=\"https:\/\/inces.gob.ve\/wp-content\/uploads\/2025\/11\/574804544_18103398172725909_7648497892469441810_n-e1762882875398.jpg\" alt=\"\" width=\"800\" height=\"508\" \/><\/p>\n","protected":false},"excerpt":{"rendered":"<p>*** El Centro Ministerial Kerigma, ofrece sus espacios al Inces como parte del compromiso de responsabilidad social<\/p>\n","protected":false},"author":15,"featured_media":68421,"comment_status":"closed","ping_status":"closed","sticky":false,"template":"","format":"standard","meta":{"footnotes":""},"categories":[2],"tags":[],"class_list":["post-68420","post","type-post","status-publish","format-standard","has-post-thumbnail","hentry","category-blog"],"_links":{"self":[{"href":"https:\/\/inces.gob.ve\/index.php\/wp-json\/wp\/v2\/posts\/68420","targetHints":{"allow":["GET"]}}],"collection":[{"href":"https:\/\/inces.gob.ve\/index.php\/wp-json\/wp\/v2\/posts"}],"about":[{"href":"https:\/\/inces.gob.ve\/index.php\/wp-json\/wp\/v2\/types\/post"}],"author":[{"embeddable":true,"href":"https:\/\/inces.gob.ve\/index.php\/wp-json\/wp\/v2\/users\/15"}],"replies":[{"embeddable":true,"href":"https:\/\/inces.gob.ve\/index.php\/wp-json\/wp\/v2\/comments?post=68420"}],"version-history":[{"count":1,"href":"https:\/\/inces.gob.ve\/index.php\/wp-json\/wp\/v2\/posts\/68420\/revisions"}],"predecessor-version":[{"id":68428,"href":"https:\/\/inces.gob.ve\/index.php\/wp-json\/wp\/v2\/posts\/68420\/revisions\/68428"}],"wp:featuredmedia":[{"embeddable":true,"href":"https:\/\/inces.gob.ve\/index.php\/wp-json\/wp\/v2\/media\/68421"}],"wp:attachment":[{"href":"https:\/\/inces.gob.ve\/index.php\/wp-json\/wp\/v2\/media?parent=68420"}],"wp:term":[{"taxonomy":"category","embeddable":true,"href":"https:\/\/inces.gob.ve\/index.php\/wp-json\/wp\/v2\/categories?post=68420"},{"taxonomy":"post_tag","embeddable":true,"href":"https:\/\/inces.gob.ve\/index.php\/wp-json\/wp\/v2\/tags?post=68420"}],"curies":[{"name":"wp","href":"https:\/\/api.w.org\/{rel}","templated":true}]}}