{"id":68480,"date":"2025-11-13T10:26:43","date_gmt":"2025-11-13T14:26:43","guid":{"rendered":"https:\/\/inces.gob.ve\/?p=68480"},"modified":"2025-11-13T10:27:11","modified_gmt":"2025-11-13T14:27:11","slug":"monagas-unes-e-inces-amplian-habilidades-los-estudiantes-con-formacion-profesional","status":"publish","type":"post","link":"https:\/\/inces.gob.ve\/index.php\/2025\/11\/13\/monagas-unes-e-inces-amplian-habilidades-los-estudiantes-con-formacion-profesional\/","title":{"rendered":"MONAGAS | UNES e INCES amplian habilidades los estudiantes con formaci\u00f3n profesional"},"content":{"rendered":"<div dir=\"ltr\" style=\"text-align: justify;\">\n<p><span style=\"font-family: helvetica, arial, sans-serif; font-size: 18px;\"><em><strong>** 250 estudiantes de la UNES de distintas especialidades se caracterizaron con el Inces para recibir formaci\u00f3n de Oratoria<\/strong><\/em><\/span><\/p>\n<\/div>\n<p style=\"text-align: justify;\"><span style=\"font-family: helvetica, arial, sans-serif; font-size: 18px;\"><!--more--><\/span><\/p>\n<div dir=\"ltr\"><\/div>\n<div dir=\"ltr\" style=\"text-align: justify;\"><span style=\"font-family: helvetica, arial, sans-serif; font-size: 18px;\">El Consejo Legislativo Socialista del estado Monagas acogi\u00f3 este 12 de noviembre, en sus instalaciones a estudiantes, coordinadores institucionales, jefes de unidades, delegados acad\u00e9micos de la UNES y autoridades del Inces para dar inicio a la formaci\u00f3n en Oratoria seg\u00fan lo acordado previamente entre la\u00a0jefa regional de relaciones institucionales de la UNES Monagas,\u00a0Gertudris Bompart y el gerente regional del Inces Monagas,\u00a0Jackson Gonz\u00e1lez\u00a0.<\/span><\/div>\n<div dir=\"ltr\"><\/div>\n<div dir=\"ltr\" style=\"text-align: justify;\"><\/div>\n<div dir=\"ltr\" style=\"text-align: justify;\"><span style=\"font-family: helvetica, arial, sans-serif; font-size: 18px;\"><img loading=\"lazy\" decoding=\"async\" class=\"aligncenter wp-image-68483 size-full\" src=\"https:\/\/inces.gob.ve\/wp-content\/uploads\/2025\/11\/WhatsApp-Image-2025-11-12-at-11.59.09-AM-e1763043754488.jpeg\" alt=\"\" width=\"800\" height=\"600\" \/><\/span><\/div>\n<div dir=\"ltr\" style=\"text-align: justify;\"><\/div>\n<div dir=\"ltr\" style=\"text-align: justify;\"><span style=\"font-family: helvetica, arial, sans-serif; font-size: 18px;\">Este encuentro representa para los estudiantes de distintas especialidades entre ellas servicio de polic\u00eda, investigaci\u00f3n penal y criminal\u00edstica, protecci\u00f3n civil y administraci\u00f3n de desastres, servicio penitenciario, ciencias de fuego y seguridad contra incendios, la primera de muchas otras formaciones que est\u00e1n por venir para el a\u00f1o 2026.<\/span><\/div>\n<div dir=\"ltr\"><\/div>\n<div dir=\"ltr\" style=\"text-align: justify;\"><span style=\"font-family: helvetica, arial, sans-serif; font-size: 18px;\"><img loading=\"lazy\" decoding=\"async\" class=\"aligncenter wp-image-68484 size-full\" src=\"https:\/\/inces.gob.ve\/wp-content\/uploads\/2025\/11\/WhatsApp-Image-2025-11-12-at-11.59.08-AM-2-e1763043820347.jpeg\" alt=\"\" width=\"800\" height=\"478\" \/><\/span><br \/>\n<span style=\"font-family: helvetica, arial, sans-serif; font-size: 18px;\">El instituto nacional de capacitaci\u00f3n y educaci\u00f3n socialista (Inces) fortalece y seguir\u00e1 fortaleciendo las relaciones interinstitucionales seg\u00fan las directrices del presidente del Inces Wuikelman \u00c1ngel Paredes en beneficio a la formaci\u00f3n profesional y transformadora del futuro, gracias a ello cada vez son m\u00e1s personas y m\u00e1s instituciones que se forman con el Inces.<\/span><\/div>\n<div dir=\"ltr\"><\/div>\n<div dir=\"ltr\" style=\"text-align: justify;\"><\/div>\n<div dir=\"ltr\" style=\"text-align: justify;\"><img loading=\"lazy\" decoding=\"async\" class=\"aligncenter wp-image-68482 size-full\" src=\"https:\/\/inces.gob.ve\/wp-content\/uploads\/2025\/11\/WhatsApp-Image-2025-11-12-at-11.59.09-AM-1-e1763043897463.jpeg\" alt=\"\" width=\"800\" height=\"494\" \/><\/div>\n","protected":false},"excerpt":{"rendered":"<p>** 250 estudiantes de la UNES de distintas especialidades se caracterizaron con el Inces para recibir formaci\u00f3n de Oratoria<\/p>\n","protected":false},"author":15,"featured_media":68481,"comment_status":"closed","ping_status":"closed","sticky":false,"template":"","format":"standard","meta":{"footnotes":""},"categories":[2],"tags":[],"class_list":["post-68480","post","type-post","status-publish","format-standard","has-post-thumbnail","hentry","category-blog"],"_links":{"self":[{"href":"https:\/\/inces.gob.ve\/index.php\/wp-json\/wp\/v2\/posts\/68480","targetHints":{"allow":["GET"]}}],"collection":[{"href":"https:\/\/inces.gob.ve\/index.php\/wp-json\/wp\/v2\/posts"}],"about":[{"href":"https:\/\/inces.gob.ve\/index.php\/wp-json\/wp\/v2\/types\/post"}],"author":[{"embeddable":true,"href":"https:\/\/inces.gob.ve\/index.php\/wp-json\/wp\/v2\/users\/15"}],"replies":[{"embeddable":true,"href":"https:\/\/inces.gob.ve\/index.php\/wp-json\/wp\/v2\/comments?post=68480"}],"version-history":[{"count":3,"href":"https:\/\/inces.gob.ve\/index.php\/wp-json\/wp\/v2\/posts\/68480\/revisions"}],"predecessor-version":[{"id":68488,"href":"https:\/\/inces.gob.ve\/index.php\/wp-json\/wp\/v2\/posts\/68480\/revisions\/68488"}],"wp:featuredmedia":[{"embeddable":true,"href":"https:\/\/inces.gob.ve\/index.php\/wp-json\/wp\/v2\/media\/68481"}],"wp:attachment":[{"href":"https:\/\/inces.gob.ve\/index.php\/wp-json\/wp\/v2\/media?parent=68480"}],"wp:term":[{"taxonomy":"category","embeddable":true,"href":"https:\/\/inces.gob.ve\/index.php\/wp-json\/wp\/v2\/categories?post=68480"},{"taxonomy":"post_tag","embeddable":true,"href":"https:\/\/inces.gob.ve\/index.php\/wp-json\/wp\/v2\/tags?post=68480"}],"curies":[{"name":"wp","href":"https:\/\/api.w.org\/{rel}","templated":true}]}}