{"id":68539,"date":"2025-07-16T18:58:22","date_gmt":"2025-07-16T22:58:22","guid":{"rendered":"https:\/\/inces.gob.ve\/?p=68539"},"modified":"2025-11-16T11:00:46","modified_gmt":"2025-11-16T15:00:46","slug":"por-medio-de-la-caravana-caracas-sonrie-se-realizo-en-el-inces-la-1era-cohorte-de-formacion-para-emprendedores","status":"publish","type":"post","link":"https:\/\/inces.gob.ve\/index.php\/2025\/07\/16\/por-medio-de-la-caravana-caracas-sonrie-se-realizo-en-el-inces-la-1era-cohorte-de-formacion-para-emprendedores\/","title":{"rendered":"Por medio de la Caravana Caracas Sonr\u00ede se realiz\u00f3 en el Inces la 1era. Cohorte de formaci\u00f3n para emprendedores"},"content":{"rendered":"<p class=\"ds-markdown-paragraph\" style=\"text-align: justify;\"><span style=\"font-family: helvetica, arial, sans-serif; font-size: 18px;\"><em>** Trabajemos unidos y saquemos adelante al pa\u00eds con una econom\u00eda de avanzada<\/em><!--more--><\/span><\/p>\n<p style=\"text-align: justify;\">\n<p style=\"text-align: justify;\">\n<p class=\"ds-markdown-paragraph\" style=\"text-align: justify;\"><span style=\"font-family: helvetica, arial, sans-serif; font-size: 18px;\"><strong>Dimas P\u00e1ez<\/strong><\/span><br \/>\n<span style=\"font-family: helvetica, arial, sans-serif; font-size: 18px;\"><strong>F\/Luis Jos\u00e9 Gonz\u00e1lez<\/strong><\/span><\/p>\n<p class=\"ds-markdown-paragraph\" style=\"text-align: justify;\"><span style=\"font-family: helvetica, arial, sans-serif; font-size: 18px;\">La Caravana de las Soluciones, liderada por la alcaldesa Carmen Mel\u00e9ndez y apoyada por el presidente del Instituto Nacional de Capacitaci\u00f3n y Educaci\u00f3n Socialista (Inces), Wuikelman Angel, durante las caravanas que se est\u00e1n realizando en las diferentes parroquias de Caracas, capt\u00f3 a emprendedores y emprendedoras para ser capacitados en la Escuela de Emprendedores del Inces. Estos estar\u00e1n acompa\u00f1ados por sus similares que asisten regularmente a la escuela.<\/span><\/p>\n<p>&nbsp;<\/p>\n<p>&nbsp;<\/p>\n<p class=\"ds-markdown-paragraph\" style=\"text-align: justify;\"><span style=\"font-family: helvetica, arial, sans-serif; font-size: 18px;\">El Inces, a trav\u00e9s de la Escuela de Emprendedores, forma a todas aquellas personas interesadas en organizarse y legalizar sus emprendimientos. La misma est\u00e1 situada en el primer piso del edificio anexo del Inces sede.<\/span><\/p>\n<p>&nbsp;<\/p>\n<p>&nbsp;<\/p>\n<p class=\"ds-markdown-paragraph\" style=\"text-align: justify;\"><span style=\"font-family: helvetica, arial, sans-serif; font-size: 18px;\">El facilitador encargado de dictar el taller fue Alfredo Hern\u00e1ndez, y cont\u00f3 con la presencia de la directora de la escuela, Naty V\u00e1squez.<\/span><\/p>\n<p>&nbsp;<\/p>\n<p><img loading=\"lazy\" decoding=\"async\" class=\"aligncenter wp-image-68538 size-large\" src=\"https:\/\/inces.gob.ve\/wp-content\/uploads\/2025\/07\/IMG_3092-1024x683.jpg\" alt=\"\" width=\"640\" height=\"427\" srcset=\"https:\/\/inces.gob.ve\/wp-content\/uploads\/2025\/07\/IMG_3092-1024x683.jpg 1024w, https:\/\/inces.gob.ve\/wp-content\/uploads\/2025\/07\/IMG_3092-300x200.jpg 300w, https:\/\/inces.gob.ve\/wp-content\/uploads\/2025\/07\/IMG_3092-768x512.jpg 768w, https:\/\/inces.gob.ve\/wp-content\/uploads\/2025\/07\/IMG_3092-1536x1024.jpg 1536w, https:\/\/inces.gob.ve\/wp-content\/uploads\/2025\/07\/IMG_3092-2048x1365.jpg 2048w, https:\/\/inces.gob.ve\/wp-content\/uploads\/2025\/07\/IMG_3092-272x182.jpg 272w\" sizes=\"auto, (max-width: 640px) 100vw, 640px\" \/><\/p>\n<p>&nbsp;<\/p>\n<p class=\"ds-markdown-paragraph\" style=\"text-align: justify;\"><span style=\"font-family: helvetica, arial, sans-serif; font-size: 18px;\">En esta oportunidad se form\u00f3 a los emprendedores y emprendedoras con el taller \u00abFormalizaci\u00f3n de Emprendimientos\u00bb, donde los participantes obtuvieron formaci\u00f3n sobre \u00abEmprender Juntos\u00bb, que se constituye como la primera plataforma de servicios dise\u00f1ada para el impulso de la actividad emprendedora en Venezuela, en el marco de la Ley para el Fomento y Desarrollo de Nuevos Emprendimientos.<\/span><\/p>\n<p>&nbsp;<\/p>\n<p>&nbsp;<\/p>\n<p class=\"ds-markdown-paragraph\" style=\"text-align: justify;\"><span style=\"font-family: helvetica, arial, sans-serif; font-size: 18px;\">Por su parte, Alfredo Hern\u00e1ndez explic\u00f3 el objetivo de este taller: \u00abAqu\u00ed van a obtener todas las herramientas necesarias para que ellos terminen o inicien el registro en Emprender Juntos y las alternativas que les ofrece una vez que se cumplan tres a\u00f1os en Emprender Juntos, y avanzar para evolucionar como empresas, ya sean pymes o compa\u00f1\u00edas an\u00f3nimas, dependiendo de la evoluci\u00f3n que tenga cada emprendedor\u00bb.<\/span><\/p>\n<p>&nbsp;<\/p>\n<p>&nbsp;<\/p>\n<p class=\"ds-markdown-paragraph\" style=\"text-align: justify;\"><span style=\"font-family: helvetica, arial, sans-serif; font-size: 18px;\">La participante Ruth \u00c1lvarez declar\u00f3 su apreciaci\u00f3n en lo referente a la Caravana Caracas Sonr\u00ede: \u00abFui captada en la Parroquia El Para\u00edso, en la caravana Caracas Sonr\u00ede, y estoy en las instalaciones del Inces para realizar el taller de Formalizaci\u00f3n de Emprendimientos, que son los primeros pasos para emprender\u00bb.<\/span><\/p>\n<p>&nbsp;<\/p>\n<p>&nbsp;<\/p>\n<p class=\"ds-markdown-paragraph\" style=\"text-align: justify;\"><span style=\"font-family: helvetica, arial, sans-serif; font-size: 18px;\">Agreg\u00f3 \u00c1lvarez: \u00abEste es el primer m\u00f3dulo de tres. Los facilitadores te ense\u00f1an el camino para apoyar tu emprendimiento y formalizarlo legalmente ante los entes p\u00fablicos\u00bb.<\/span><\/p>\n<p>&nbsp;<\/p>\n<p>&nbsp;<\/p>\n<p class=\"ds-markdown-paragraph\" style=\"text-align: justify;\"><span style=\"font-family: helvetica, arial, sans-serif; font-size: 18px;\">Los otros m\u00f3dulos que faltan por dictar son: Proyectos Productivos, y Gastos y Contabilidad.<\/span><\/p>\n","protected":false},"excerpt":{"rendered":"<p>** Trabajemos unidos y saquemos adelante al pa\u00eds con una econom\u00eda de avanzada<\/p>\n","protected":false},"author":4,"featured_media":68540,"comment_status":"closed","ping_status":"closed","sticky":false,"template":"","format":"standard","meta":{"footnotes":""},"categories":[2],"tags":[],"class_list":["post-68539","post","type-post","status-publish","format-standard","has-post-thumbnail","hentry","category-blog"],"_links":{"self":[{"href":"https:\/\/inces.gob.ve\/index.php\/wp-json\/wp\/v2\/posts\/68539","targetHints":{"allow":["GET"]}}],"collection":[{"href":"https:\/\/inces.gob.ve\/index.php\/wp-json\/wp\/v2\/posts"}],"about":[{"href":"https:\/\/inces.gob.ve\/index.php\/wp-json\/wp\/v2\/types\/post"}],"author":[{"embeddable":true,"href":"https:\/\/inces.gob.ve\/index.php\/wp-json\/wp\/v2\/users\/4"}],"replies":[{"embeddable":true,"href":"https:\/\/inces.gob.ve\/index.php\/wp-json\/wp\/v2\/comments?post=68539"}],"version-history":[{"count":1,"href":"https:\/\/inces.gob.ve\/index.php\/wp-json\/wp\/v2\/posts\/68539\/revisions"}],"predecessor-version":[{"id":68541,"href":"https:\/\/inces.gob.ve\/index.php\/wp-json\/wp\/v2\/posts\/68539\/revisions\/68541"}],"wp:featuredmedia":[{"embeddable":true,"href":"https:\/\/inces.gob.ve\/index.php\/wp-json\/wp\/v2\/media\/68540"}],"wp:attachment":[{"href":"https:\/\/inces.gob.ve\/index.php\/wp-json\/wp\/v2\/media?parent=68539"}],"wp:term":[{"taxonomy":"category","embeddable":true,"href":"https:\/\/inces.gob.ve\/index.php\/wp-json\/wp\/v2\/categories?post=68539"},{"taxonomy":"post_tag","embeddable":true,"href":"https:\/\/inces.gob.ve\/index.php\/wp-json\/wp\/v2\/tags?post=68539"}],"curies":[{"name":"wp","href":"https:\/\/api.w.org\/{rel}","templated":true}]}}