{"id":68545,"date":"2025-07-26T11:24:04","date_gmt":"2025-07-26T15:24:04","guid":{"rendered":"https:\/\/inces.gob.ve\/?p=68545"},"modified":"2025-11-16T11:25:52","modified_gmt":"2025-11-16T15:25:52","slug":"cojedes-culmina-formacion-en-unidad-curricular-productos-y-materiales-textiles","status":"publish","type":"post","link":"https:\/\/inces.gob.ve\/index.php\/2025\/07\/26\/cojedes-culmina-formacion-en-unidad-curricular-productos-y-materiales-textiles\/","title":{"rendered":"COJEDES | Culmina formaci\u00f3n en unidad curricular Productos y Materiales Textiles"},"content":{"rendered":"<p class=\"ds-markdown-paragraph\" style=\"text-align: justify;\"><span style=\"font-family: helvetica, arial, sans-serif; font-size: 18px;\"><em>** Se observ\u00f3 un trabajo hermoso que destaca la voluntad de poder aprender, avanzar e impactar en el sector textil<\/em><\/span><!--more--><\/p>\n<p>&nbsp;<\/p>\n<p class=\"ds-markdown-paragraph\" style=\"text-align: justify;\"><span style=\"font-family: helvetica, arial, sans-serif; font-size: 18px;\">Los participantes del programa textil realizaron el cierre formativo de la unidad curricular Productos y Materiales Textiles, logrando destacar la importancia de la selecci\u00f3n de los productos y materiales necesarios para la confecci\u00f3n de prendas. La actividad se realiz\u00f3 en el Centro de Formaci\u00f3n Socialista Argimiro Gabald\u00f3n, donde estuvieron presentes el jefe de formaci\u00f3n profesional Jos\u00e9 Matute, la coordinadora Jacabel Vargas y la maestra t\u00e9cnico productiva Darling Arteaga.<\/span><\/p>\n<p>&nbsp;<\/p>\n<p>&nbsp;<\/p>\n<p class=\"ds-markdown-paragraph\" style=\"text-align: justify;\"><span style=\"font-family: helvetica, arial, sans-serif; font-size: 18px;\">Al encuentro tambi\u00e9n asistieron los participantes de la unidad curricular Mec\u00e1nica de M\u00e1quina de Coser, a cargo de la maestra t\u00e9cnico voluntaria Mar\u00eda M\u00e1rquez, quienes con su experiencia realizaron una demostraci\u00f3n de toma de medidas para caballeros. Asimismo, el participante Elvis Ter\u00e1n explic\u00f3 de manera acertada el proceso de enhebrado y ajuste de aguja en la m\u00e1quina de coser.<\/span><\/p>\n<p>&nbsp;<\/p>\n<p>&nbsp;<\/p>\n<p class=\"ds-markdown-paragraph\" style=\"text-align: justify;\"><span style=\"font-family: helvetica, arial, sans-serif; font-size: 18px;\">La maestra Arteaga destac\u00f3 que los participantes recibieron formaci\u00f3n en ejes transversales, trabajo productivo, seguridad y salud en el trabajo. Adem\u00e1s, conocieron sobre los materiales para la confecci\u00f3n y dise\u00f1o de prendas, partes de la m\u00e1quina, estructura de la cadena productiva de la industria textil, la colorimetr\u00eda y los tipos de tela que se utilizan en el \u00e1rea textil.<\/span><\/p>\n<p>&nbsp;<\/p>\n<p>&nbsp;<\/p>\n<p class=\"ds-markdown-paragraph\" style=\"text-align: justify;\"><span style=\"font-family: helvetica, arial, sans-serif; font-size: 18px;\">\u201cMuy interesante el desarrollo de estas dos unidades curriculares; ha sido de mucho provecho para los participantes e invitados. Cada aspecto del contenido nos permite distinguir y visualizar la calidad de los productos para la confecci\u00f3n de cualquier tipo de prenda en el \u00e1rea textil\u201d, explic\u00f3 la participante Carmen Jim\u00e9nez.<\/span><\/p>\n<p>&nbsp;<\/p>\n<p>&nbsp;<\/p>\n<p class=\"ds-markdown-paragraph\" style=\"text-align: justify;\"><span style=\"font-family: helvetica, arial, sans-serif; font-size: 18px;\">Finalmente, la coordinadora enfatiz\u00f3 que se viene desarrollando una gesti\u00f3n en el Inces que conlleva a la realizaci\u00f3n de diferentes Perfiles Productivos Laborales (PPL) y microtalleres, los cuales contribuyen al crecimiento y desarrollo productivo de mujeres y hombres que desean emprender en esta industria.<\/span><\/p>\n","protected":false},"excerpt":{"rendered":"<p>** Se observ\u00f3 un trabajo hermoso que destaca la voluntad de poder aprender, avanzar e impactar en el sector textil<\/p>\n","protected":false},"author":4,"featured_media":68546,"comment_status":"closed","ping_status":"closed","sticky":false,"template":"","format":"standard","meta":{"footnotes":""},"categories":[2],"tags":[],"class_list":["post-68545","post","type-post","status-publish","format-standard","has-post-thumbnail","hentry","category-blog"],"_links":{"self":[{"href":"https:\/\/inces.gob.ve\/index.php\/wp-json\/wp\/v2\/posts\/68545","targetHints":{"allow":["GET"]}}],"collection":[{"href":"https:\/\/inces.gob.ve\/index.php\/wp-json\/wp\/v2\/posts"}],"about":[{"href":"https:\/\/inces.gob.ve\/index.php\/wp-json\/wp\/v2\/types\/post"}],"author":[{"embeddable":true,"href":"https:\/\/inces.gob.ve\/index.php\/wp-json\/wp\/v2\/users\/4"}],"replies":[{"embeddable":true,"href":"https:\/\/inces.gob.ve\/index.php\/wp-json\/wp\/v2\/comments?post=68545"}],"version-history":[{"count":1,"href":"https:\/\/inces.gob.ve\/index.php\/wp-json\/wp\/v2\/posts\/68545\/revisions"}],"predecessor-version":[{"id":68547,"href":"https:\/\/inces.gob.ve\/index.php\/wp-json\/wp\/v2\/posts\/68545\/revisions\/68547"}],"wp:featuredmedia":[{"embeddable":true,"href":"https:\/\/inces.gob.ve\/index.php\/wp-json\/wp\/v2\/media\/68546"}],"wp:attachment":[{"href":"https:\/\/inces.gob.ve\/index.php\/wp-json\/wp\/v2\/media?parent=68545"}],"wp:term":[{"taxonomy":"category","embeddable":true,"href":"https:\/\/inces.gob.ve\/index.php\/wp-json\/wp\/v2\/categories?post=68545"},{"taxonomy":"post_tag","embeddable":true,"href":"https:\/\/inces.gob.ve\/index.php\/wp-json\/wp\/v2\/tags?post=68545"}],"curies":[{"name":"wp","href":"https:\/\/api.w.org\/{rel}","templated":true}]}}