{"id":68548,"date":"2025-08-05T11:30:31","date_gmt":"2025-08-05T15:30:31","guid":{"rendered":"https:\/\/inces.gob.ve\/?p=68548"},"modified":"2025-11-16T11:32:37","modified_gmt":"2025-11-16T15:32:37","slug":"delta-amacuro-cafe-literario-y-mural-participativo-rindieron-homenaje-a-luis-beltran-prieto-figueroa","status":"publish","type":"post","link":"https:\/\/inces.gob.ve\/index.php\/2025\/08\/05\/delta-amacuro-cafe-literario-y-mural-participativo-rindieron-homenaje-a-luis-beltran-prieto-figueroa\/","title":{"rendered":"DELTA AMACURO | Caf\u00e9 Literario y Mural Participativo rindieron homenaje a Luis Beltr\u00e1n Prieto Figueroa"},"content":{"rendered":"<p style=\"text-align: justify;\"><span style=\"font-family: helvetica, arial, sans-serif; font-size: 18px;\"><em>\u201cPinta un libro en la pared\u201d, en homenaje al maestro Luis Beltr\u00e1n Prieto Figueroa\u2026 La actividad, liderada por la gerente Yecenia Valderrey, reuni\u00f3 a artistas, aprendices y comunidad en un emotivo encuentro cultural\u201d<\/em><\/span><!--more--><\/p>\n<p>&nbsp;<\/p>\n<p>&nbsp;<\/p>\n<p style=\"text-align: justify;\"><span style=\"font-family: helvetica, arial, sans-serif; font-size: 18px;\"><strong>TITO Y\u00c1NEZ <\/strong><\/span><\/p>\n<p style=\"text-align: justify;\"><span style=\"font-family: helvetica, arial, sans-serif; font-size: 18px;\">En un emotivo y concurrido encuentro, la sede del Inces Delta Amacuro se convirti\u00f3 en el epicentro de la expresi\u00f3n art\u00edstica y educativa popular, con la celebraci\u00f3n del Caf\u00e9 Literario y la inauguraci\u00f3n del mural participativo \u201cPinta un libro en la pared\u201d, actividades dedicadas al legado del ilustre maestro Luis Beltr\u00e1n Prieto Figueroa.<\/span><\/p>\n<p style=\"text-align: justify;\"><span style=\"font-family: helvetica, arial, sans-serif; font-size: 18px;\">La jornada fue liderada por la gerente regional del Inces Delta Amacuro, Yecenia Valderrey, quien, junto a trabajadores de la instituci\u00f3n, aprendices Inces, participantes de las diferentes formaciones, representantes de (ASOLOPEDA) Asociaci\u00f3n de Locutores, Periodistas y afines del Estado, medios de comunicaci\u00f3n, artistas y miembros de la comunidad, dio apertura a este espacio de identidad y reflexi\u00f3n.<\/span><\/p>\n<p style=\"text-align: justify;\"><span style=\"font-family: helvetica, arial, sans-serif; font-size: 18px;\">\u00a0El arte como memoria viva, el mural, producto del talento y compromiso de los artistas pl\u00e1sticos Jenny Acosta, Betsy Astudillos y Ovelh Acosta, plasm\u00f3 en im\u00e1genes la trayectoria y pensamiento del insigne educador venezolano, invitando a la colectividad a encontrarse con la historia a trav\u00e9s del color y la forma. La participaci\u00f3n activa de la gerente del Inces, pincel en mano, a\u00f1ade un hermoso gesto de compromiso institucional y humano al proyecto.<\/span><\/p>\n<p style=\"text-align: justify;\"><span style=\"font-family: helvetica, arial, sans-serif; font-size: 18px;\">Cultura que enaltece el alma, la actividad cont\u00f3 adem\u00e1s con la participaci\u00f3n cultural del gabinete de cultura del Estado Delta Amacuro, representado por los cantantes Andrisbeidys Rodr\u00edguez, Kristhye Brito y Diomar Rodr\u00edguez, quienes con su interpretaci\u00f3n pusieron ritmo y emoci\u00f3n a la ma\u00f1ana.<\/span><\/p>\n<p style=\"text-align: justify;\"><span style=\"font-family: helvetica, arial, sans-serif; font-size: 18px;\">Reconocimiento al compromiso colectivo, durante el evento, se hizo entrega de certificados a los participantes involucrados en la construcci\u00f3n colectiva del mural, reconociendo su valioso aporte al fortalecimiento del v\u00ednculo entre arte, educaci\u00f3n y comunidad.<\/span><\/p>\n","protected":false},"excerpt":{"rendered":"<p>\u201cPinta un libro en la pared\u201d, en homenaje al maestro Luis Beltr\u00e1n Prieto Figueroa\u2026 La actividad, liderada por la gerente Yecenia Valderrey, reuni\u00f3 a artistas, aprendices y comunidad en un emotivo encuentro cultural\u201d<\/p>\n","protected":false},"author":4,"featured_media":68549,"comment_status":"closed","ping_status":"closed","sticky":false,"template":"","format":"standard","meta":{"footnotes":""},"categories":[2],"tags":[],"class_list":["post-68548","post","type-post","status-publish","format-standard","has-post-thumbnail","hentry","category-blog"],"_links":{"self":[{"href":"https:\/\/inces.gob.ve\/index.php\/wp-json\/wp\/v2\/posts\/68548","targetHints":{"allow":["GET"]}}],"collection":[{"href":"https:\/\/inces.gob.ve\/index.php\/wp-json\/wp\/v2\/posts"}],"about":[{"href":"https:\/\/inces.gob.ve\/index.php\/wp-json\/wp\/v2\/types\/post"}],"author":[{"embeddable":true,"href":"https:\/\/inces.gob.ve\/index.php\/wp-json\/wp\/v2\/users\/4"}],"replies":[{"embeddable":true,"href":"https:\/\/inces.gob.ve\/index.php\/wp-json\/wp\/v2\/comments?post=68548"}],"version-history":[{"count":1,"href":"https:\/\/inces.gob.ve\/index.php\/wp-json\/wp\/v2\/posts\/68548\/revisions"}],"predecessor-version":[{"id":68550,"href":"https:\/\/inces.gob.ve\/index.php\/wp-json\/wp\/v2\/posts\/68548\/revisions\/68550"}],"wp:featuredmedia":[{"embeddable":true,"href":"https:\/\/inces.gob.ve\/index.php\/wp-json\/wp\/v2\/media\/68549"}],"wp:attachment":[{"href":"https:\/\/inces.gob.ve\/index.php\/wp-json\/wp\/v2\/media?parent=68548"}],"wp:term":[{"taxonomy":"category","embeddable":true,"href":"https:\/\/inces.gob.ve\/index.php\/wp-json\/wp\/v2\/categories?post=68548"},{"taxonomy":"post_tag","embeddable":true,"href":"https:\/\/inces.gob.ve\/index.php\/wp-json\/wp\/v2\/tags?post=68548"}],"curies":[{"name":"wp","href":"https:\/\/api.w.org\/{rel}","templated":true}]}}