{"id":68588,"date":"2025-11-17T11:00:22","date_gmt":"2025-11-17T15:00:22","guid":{"rendered":"https:\/\/inces.gob.ve\/?p=68588"},"modified":"2025-11-17T11:00:50","modified_gmt":"2025-11-17T15:00:50","slug":"aragua-participantes-del-pna-recibieron-taller-para-el-emprendimiento-productivo","status":"publish","type":"post","link":"https:\/\/inces.gob.ve\/index.php\/2025\/11\/17\/aragua-participantes-del-pna-recibieron-taller-para-el-emprendimiento-productivo\/","title":{"rendered":"Aragua | Participantes del PNA recibieron taller para el emprendimiento productivo"},"content":{"rendered":"<p style=\"text-align: justify;\"><span style=\"font-family: helvetica, arial, sans-serif; font-size: 18px;\"><strong><em>**La actividad se realiz\u00f3 en la sede La Romana con el plan de acci\u00f3n de las 4F del emprendimiento que contempla: formalizaci\u00f3n, formaci\u00f3n, financiamiento y acceso a ferias productivas<\/em><\/strong><!--more--><\/span><\/p>\n<p>&nbsp;<\/p>\n<p style=\"text-align: justify;\"><span style=\"font-family: helvetica, arial, sans-serif; font-size: 18px;\">Ana Rodr\u00edguez<\/span><\/p>\n<p style=\"text-align: justify;\"><span style=\"font-family: helvetica, arial, sans-serif; font-size: 18px;\">Participantes del Programa Nacional de Aprendizaje (PNA) de los convenios 19 y 20 recibieron un taller denominado \u00abEmprender Juntos\u00bb en las instalaciones del Inces sede La Romana.<\/span><\/p>\n<p>&nbsp;<\/p>\n<p><img loading=\"lazy\" decoding=\"async\" class=\"wp-image-68591 size-full aligncenter\" src=\"https:\/\/inces.gob.ve\/wp-content\/uploads\/2025\/11\/1000974977-e1763391460885.jpg\" alt=\"\" width=\"800\" height=\"561\" \/><\/p>\n<p style=\"text-align: justify;\"><span style=\"font-family: helvetica, arial, sans-serif; font-size: 18px;\">La actividad se realiz\u00f3 con el objetivo de brindar a los j\u00f3venes aprendices las herramientas necesarias para iniciar sus propios proyectos socioproductivos y fortalecer el aparato econ\u00f3mico nacional.<\/span><\/p>\n<p>&nbsp;<\/p>\n<p style=\"text-align: justify;\"><span style=\"font-family: helvetica, arial, sans-serif; font-size: 18px;\">El director socioproductivo de la Secretar\u00eda de Desarrollo Econ\u00f3mico de la Gobernaci\u00f3n del Estado Aragua, Pierre Curvelo, present\u00f3 el plan de acci\u00f3n de las 4F. Este plan formar\u00e1 parte del motor de emprendedores creado para el reimpulso del aparato productivo del pa\u00eds, y contempla la formalizaci\u00f3n, la formaci\u00f3n, el financiamiento y el acceso a los espacios p\u00fablicos a trav\u00e9s de las ferias productivas.<\/span><\/p>\n<p>&nbsp;<\/p>\n<p style=\"text-align: justify;\"><span style=\"font-family: helvetica, arial, sans-serif; font-size: 18px;\">Curvelo explic\u00f3 a los j\u00f3venes que este plan no es solo una ruta, sino que representa el verdadero motor para los emprendedores, una iniciativa dise\u00f1ada para inyectar vitalidad al aparato productivo nacional.<\/span><\/p>\n<p>&nbsp;<\/p>\n<p><img loading=\"lazy\" decoding=\"async\" class=\"aligncenter wp-image-68590 size-full\" src=\"https:\/\/inces.gob.ve\/wp-content\/uploads\/2025\/11\/1000974978-e1763391522766.jpg\" alt=\"\" width=\"800\" height=\"543\" \/><\/p>\n<p style=\"text-align: justify;\"><span style=\"font-family: helvetica, arial, sans-serif; font-size: 18px;\">Asimismo, desglos\u00f3 con entusiasmo cada una de las \u00abF\u00bb: La primera es la Formalizaci\u00f3n, porque no basta con tener una buena idea, hay que darle seriedad y estructura legal. La segunda es la Formaci\u00f3n; el conocimiento es su mejor activo, por eso este taller es crucial. La tercera, y una de las m\u00e1s esperadas, es el Financiamiento, los recursos que les permitir\u00e1n materializar esa visi\u00f3n. Y finalmente, la cuarta que son las Ferias Productivas, que son esos espacios p\u00fablicos donde podr\u00e1n mostrar y vender con orgullo lo que han creado, conectando directamente con el pueblo consumidor.<\/span><\/p>\n<p>&nbsp;<\/p>\n<p style=\"text-align: justify;\"><span style=\"font-family: helvetica, arial, sans-serif; font-size: 18px;\">La tutora de los participantes, Adriana G\u00f3mez, expres\u00f3 la importancia de aprovechar todo el conocimiento que se presenta en las distintas oportunidades, alent\u00e1ndolos a estar en constante aprendizaje, ya que el cerebro siempre est\u00e1 \u00e1vido de conocimiento. Destac\u00f3 que el conocimiento adquirido hoy es la base de sus futuros logros.<\/span><\/p>\n<p>&nbsp;<\/p>\n<p style=\"text-align: justify;\"><span style=\"font-family: helvetica, arial, sans-serif; font-size: 18px;\">Isaileskys Bol\u00edvar y Radielcys P\u00e9rez, dos j\u00f3venes que formaron parte del PNA y que estuvieron presentes en el taller, compartieron lo que vivieron y aprendieron. Radielcys coment\u00f3 que le gustar\u00eda emprender algo relacionado con el caf\u00e9, ya sea en la producci\u00f3n o la comercializaci\u00f3n, puesto que su familia trabaja en este sector. Para ella, ser\u00eda ideal que su emprendimiento a futuro estuviera vinculado al caf\u00e9.<\/span><\/p>\n<p>&nbsp;<\/p>\n<p style=\"text-align: justify;\"><span style=\"font-family: helvetica, arial, sans-serif; font-size: 18px;\">Isaileskys Bol\u00edvar mencion\u00f3 que a\u00fan est\u00e1 en proceso de decidir qu\u00e9 tipo de emprendimiento desea iniciar, pero al tener las herramientas y el conocimiento para hacerlo, se le har\u00e1 m\u00e1s f\u00e1cil. Ambas invitaron a otros j\u00f3venes a realizar sus emprendimientos.<\/span><\/p>\n","protected":false},"excerpt":{"rendered":"<p>**La actividad se realiz\u00f3 en la sede La Romana con el plan de acci\u00f3n de las 4F del emprendimiento que contempla: formalizaci\u00f3n, formaci\u00f3n, financiamiento y acceso a ferias productivas<\/p>\n","protected":false},"author":15,"featured_media":68589,"comment_status":"closed","ping_status":"closed","sticky":false,"template":"","format":"standard","meta":{"footnotes":""},"categories":[2],"tags":[],"class_list":["post-68588","post","type-post","status-publish","format-standard","has-post-thumbnail","hentry","category-blog"],"_links":{"self":[{"href":"https:\/\/inces.gob.ve\/index.php\/wp-json\/wp\/v2\/posts\/68588","targetHints":{"allow":["GET"]}}],"collection":[{"href":"https:\/\/inces.gob.ve\/index.php\/wp-json\/wp\/v2\/posts"}],"about":[{"href":"https:\/\/inces.gob.ve\/index.php\/wp-json\/wp\/v2\/types\/post"}],"author":[{"embeddable":true,"href":"https:\/\/inces.gob.ve\/index.php\/wp-json\/wp\/v2\/users\/15"}],"replies":[{"embeddable":true,"href":"https:\/\/inces.gob.ve\/index.php\/wp-json\/wp\/v2\/comments?post=68588"}],"version-history":[{"count":1,"href":"https:\/\/inces.gob.ve\/index.php\/wp-json\/wp\/v2\/posts\/68588\/revisions"}],"predecessor-version":[{"id":68592,"href":"https:\/\/inces.gob.ve\/index.php\/wp-json\/wp\/v2\/posts\/68588\/revisions\/68592"}],"wp:featuredmedia":[{"embeddable":true,"href":"https:\/\/inces.gob.ve\/index.php\/wp-json\/wp\/v2\/media\/68589"}],"wp:attachment":[{"href":"https:\/\/inces.gob.ve\/index.php\/wp-json\/wp\/v2\/media?parent=68588"}],"wp:term":[{"taxonomy":"category","embeddable":true,"href":"https:\/\/inces.gob.ve\/index.php\/wp-json\/wp\/v2\/categories?post=68588"},{"taxonomy":"post_tag","embeddable":true,"href":"https:\/\/inces.gob.ve\/index.php\/wp-json\/wp\/v2\/tags?post=68588"}],"curies":[{"name":"wp","href":"https:\/\/api.w.org\/{rel}","templated":true}]}}