{"id":68600,"date":"2025-11-17T11:34:28","date_gmt":"2025-11-17T15:34:28","guid":{"rendered":"https:\/\/inces.gob.ve\/?p=68600"},"modified":"2025-11-17T11:40:02","modified_gmt":"2025-11-17T15:40:02","slug":"inces-impulsa-a-emprendedores-con-jornadas-gratuitas","status":"publish","type":"post","link":"https:\/\/inces.gob.ve\/index.php\/2025\/11\/17\/inces-impulsa-a-emprendedores-con-jornadas-gratuitas\/","title":{"rendered":"Inces impulsa a emprendedores con jornadas gratuitas"},"content":{"rendered":"<div>\n<p><span style=\"font-family: helvetica, arial, sans-serif; font-size: 18px;\"><em><strong>** El Inces ofrece esta semana actividades formativas gratuitas para emprendedores, con herramientas clave y espacios de networking.<\/strong><\/em><\/span><\/p>\n<p>&nbsp;<\/p>\n<\/div>\n<p><span style=\"font-family: helvetica, arial, sans-serif; font-size: 18px;\"><!--more--><\/span><\/p>\n<div>\n<p><span style=\"font-family: helvetica, arial, sans-serif; font-size: 18px;\">El Instituto Nacional de Capacitaci\u00f3n y Educaci\u00f3n Socialista (Inces) y su Escuela de Emprendedores, organiz\u00f3 una serie de actividades gratuitas dirigidas a emprendedores con el objetivo de brindarles herramientas pr\u00e1cticas, fomentar el intercambio de experiencias y facilitar el encadenamiento productivo.<\/span><\/p>\n<p>&nbsp;<\/p>\n<p><span style=\"font-family: helvetica, arial, sans-serif; font-size: 18px;\">La agenda se desarrollar\u00e1 esta semana en el Inces de la avenida Nueva Granada, tanto en el auditorio como en el sal\u00f3n de usos m\u00faltiples del edificio anexo de esta misma localidad.<\/span><\/p>\n<p>&nbsp;<\/p>\n<p><span style=\"font-family: helvetica, arial, sans-serif; font-size: 18px;\">Las jornadas comenzar\u00e1n este\u00a0<strong>martes 18 de noviembre<\/strong>\u00a0con el conversatorio \u201cExpobanca Emprende\u201d. El\u00a0<strong>mi\u00e9rcoles 19<\/strong>\u00a0se llevar\u00e1 a cabo el encuentro \u201cM\u00e1s all\u00e1 del comienzo: el poder de persistir\u201d, dise\u00f1ado para motivar y fortalecer la resiliencia en los negocios. La semana culminar\u00e1 el\u00a0<strong>jueves 20<\/strong>\u00a0con el intercambio de experiencias \u201cEmprender y Crecer: voces que inspiran\u201d, donde participantes podr\u00e1n conocer historias de \u00e9xito y establecer contactos valiosos. Todas las actividades iniciar\u00e1n a las 9:00 a.m.<\/span><\/p>\n<p>&nbsp;<\/p>\n<p><span style=\"font-family: helvetica, arial, sans-serif; font-size: 18px;\">El Inces toma como excusa la semana global del emprendimiento para consolidar el trabajo que hace a diario, en todo el territorio, que es procurar una red de apoyo para los nuevos negocios, proporcionando no solo conocimientos t\u00e9cnicos sino tambi\u00e9n un espacio para la colaboraci\u00f3n y el crecimiento conjunto.<\/span><\/p>\n<p>&nbsp;<\/p>\n<p><span style=\"font-family: helvetica, arial, sans-serif; font-size: 18px;\">Los emprendedores interesados en participar en estas actividades de formaci\u00f3n e intercambio est\u00e1n cordialmente invitados a asistir al Inces sede y a estar pendiente de las redes sociales del Inces en las que se publica todas las semanas actividades dirigidas a quienes inicia un negocio.<\/span><\/p>\n<\/div>\n<p>&nbsp;<\/p>\n","protected":false},"excerpt":{"rendered":"<p>** El Inces ofrece esta semana actividades formativas gratuitas para emprendedores, con herramientas clave y espacios de networking. &nbsp;<\/p>\n","protected":false},"author":15,"featured_media":68602,"comment_status":"closed","ping_status":"closed","sticky":false,"template":"","format":"standard","meta":{"footnotes":""},"categories":[2],"tags":[],"class_list":["post-68600","post","type-post","status-publish","format-standard","has-post-thumbnail","hentry","category-blog"],"_links":{"self":[{"href":"https:\/\/inces.gob.ve\/index.php\/wp-json\/wp\/v2\/posts\/68600","targetHints":{"allow":["GET"]}}],"collection":[{"href":"https:\/\/inces.gob.ve\/index.php\/wp-json\/wp\/v2\/posts"}],"about":[{"href":"https:\/\/inces.gob.ve\/index.php\/wp-json\/wp\/v2\/types\/post"}],"author":[{"embeddable":true,"href":"https:\/\/inces.gob.ve\/index.php\/wp-json\/wp\/v2\/users\/15"}],"replies":[{"embeddable":true,"href":"https:\/\/inces.gob.ve\/index.php\/wp-json\/wp\/v2\/comments?post=68600"}],"version-history":[{"count":2,"href":"https:\/\/inces.gob.ve\/index.php\/wp-json\/wp\/v2\/posts\/68600\/revisions"}],"predecessor-version":[{"id":68603,"href":"https:\/\/inces.gob.ve\/index.php\/wp-json\/wp\/v2\/posts\/68600\/revisions\/68603"}],"wp:featuredmedia":[{"embeddable":true,"href":"https:\/\/inces.gob.ve\/index.php\/wp-json\/wp\/v2\/media\/68602"}],"wp:attachment":[{"href":"https:\/\/inces.gob.ve\/index.php\/wp-json\/wp\/v2\/media?parent=68600"}],"wp:term":[{"taxonomy":"category","embeddable":true,"href":"https:\/\/inces.gob.ve\/index.php\/wp-json\/wp\/v2\/categories?post=68600"},{"taxonomy":"post_tag","embeddable":true,"href":"https:\/\/inces.gob.ve\/index.php\/wp-json\/wp\/v2\/tags?post=68600"}],"curies":[{"name":"wp","href":"https:\/\/api.w.org\/{rel}","templated":true}]}}