{"id":68621,"date":"2025-11-18T14:16:14","date_gmt":"2025-11-18T18:16:14","guid":{"rendered":"https:\/\/inces.gob.ve\/?p=68621"},"modified":"2025-11-19T16:23:02","modified_gmt":"2025-11-19T20:23:02","slug":"zulia-equipo-del-inces-comunal-se-reune-con-comuneros-del-municipio-santa-rita","status":"publish","type":"post","link":"https:\/\/inces.gob.ve\/index.php\/2025\/11\/18\/zulia-equipo-del-inces-comunal-se-reune-con-comuneros-del-municipio-santa-rita\/","title":{"rendered":"ZULIA | Equipo del Inces Comunal se re\u00fane con comuneros del municipio Santa Rita"},"content":{"rendered":"<p style=\"text-align: justify;\"><span style=\"font-family: helvetica, arial, sans-serif; font-size: 18px;\"><strong><em>** Voceros y voceras de 11 comunas del municipio Santa Rita asistieron a la reuni\u00f3n de trabajo con el Inces Comunal Zulia<\/em><\/strong><!--more--><\/span><\/p>\n<p style=\"text-align: justify;\"><span style=\"font-family: helvetica, arial, sans-serif; font-size: 18px;\">El Inces Comunal Zulia, conjuntamente con la Alcald\u00eda del municipio Santa Rita, realiz\u00f3 una reuni\u00f3n de trabajo con voceros y voceras de 11 comunas de esta jurisdicci\u00f3n, con el objetivo de organizar y planificar la ruta formativa que el Instituto Nacional de Capacitaci\u00f3n Socialista implementar\u00e1 en las comunidades que las conforman, en respuesta a sus necesidades de formaci\u00f3n.<\/span><\/p>\n<p>&nbsp;<\/p>\n<p style=\"text-align: justify;\"><img loading=\"lazy\" decoding=\"async\" class=\"aligncenter wp-image-68625 size-full\" src=\"https:\/\/inces.gob.ve\/wp-content\/uploads\/2025\/11\/1002225534-scaled-e1763489619129.jpg\" alt=\"\" width=\"800\" height=\"516\" \/><\/p>\n<p style=\"text-align: justify;\"><span style=\"font-family: helvetica, arial, sans-serif; font-size: 18px;\">En este sentido, la mesa de trabajo cont\u00f3 con la participaci\u00f3n de responsables de las comunas de las parroquias Santa Rita y Jos\u00e9 Cenobio Urribarr\u00ed, quienes intercambiaron experiencias con el equipo del Inces Comunal Zulia para generar un plan de trabajo acorde con los requerimientos de cada comuna.<\/span><\/p>\n<p><img loading=\"lazy\" decoding=\"async\" class=\"aligncenter wp-image-68622 size-full\" src=\"https:\/\/inces.gob.ve\/wp-content\/uploads\/2025\/11\/1002226369-scaled-e1763489650149.jpg\" alt=\"\" width=\"800\" height=\"603\" \/><\/p>\n<p style=\"text-align: justify;\"><span style=\"font-family: helvetica, arial, sans-serif; font-size: 18px;\">Cabe destacar que, con esta acci\u00f3n \u2014orientada por el Gobierno Nacional y el gobernador del estado Zulia, Luis Caldera\u2014, se pretende fortalecer las comunas a trav\u00e9s de las formaciones del Inces, brindando herramientas al pueblo comunero para su crecimiento t\u00e9cnico profesional y sus proyectos productivos.<\/span><\/p>\n<p><img loading=\"lazy\" decoding=\"async\" class=\"aligncenter wp-image-68624 size-full\" src=\"https:\/\/inces.gob.ve\/wp-content\/uploads\/2025\/11\/1002225583-scaled-e1763489737782.jpg\" alt=\"\" width=\"800\" height=\"603\" \/><\/p>\n","protected":false},"excerpt":{"rendered":"<p>** Voceros y voceras de 11 comunas del municipio Santa Rita asistieron a la reuni\u00f3n de trabajo con el Inces Comunal Zulia<\/p>\n","protected":false},"author":15,"featured_media":68623,"comment_status":"closed","ping_status":"closed","sticky":false,"template":"","format":"standard","meta":{"footnotes":""},"categories":[2],"tags":[],"class_list":["post-68621","post","type-post","status-publish","format-standard","has-post-thumbnail","hentry","category-blog"],"_links":{"self":[{"href":"https:\/\/inces.gob.ve\/index.php\/wp-json\/wp\/v2\/posts\/68621","targetHints":{"allow":["GET"]}}],"collection":[{"href":"https:\/\/inces.gob.ve\/index.php\/wp-json\/wp\/v2\/posts"}],"about":[{"href":"https:\/\/inces.gob.ve\/index.php\/wp-json\/wp\/v2\/types\/post"}],"author":[{"embeddable":true,"href":"https:\/\/inces.gob.ve\/index.php\/wp-json\/wp\/v2\/users\/15"}],"replies":[{"embeddable":true,"href":"https:\/\/inces.gob.ve\/index.php\/wp-json\/wp\/v2\/comments?post=68621"}],"version-history":[{"count":4,"href":"https:\/\/inces.gob.ve\/index.php\/wp-json\/wp\/v2\/posts\/68621\/revisions"}],"predecessor-version":[{"id":68672,"href":"https:\/\/inces.gob.ve\/index.php\/wp-json\/wp\/v2\/posts\/68621\/revisions\/68672"}],"wp:featuredmedia":[{"embeddable":true,"href":"https:\/\/inces.gob.ve\/index.php\/wp-json\/wp\/v2\/media\/68623"}],"wp:attachment":[{"href":"https:\/\/inces.gob.ve\/index.php\/wp-json\/wp\/v2\/media?parent=68621"}],"wp:term":[{"taxonomy":"category","embeddable":true,"href":"https:\/\/inces.gob.ve\/index.php\/wp-json\/wp\/v2\/categories?post=68621"},{"taxonomy":"post_tag","embeddable":true,"href":"https:\/\/inces.gob.ve\/index.php\/wp-json\/wp\/v2\/tags?post=68621"}],"curies":[{"name":"wp","href":"https:\/\/api.w.org\/{rel}","templated":true}]}}