{"id":68726,"date":"2025-08-21T19:43:05","date_gmt":"2025-08-21T23:43:05","guid":{"rendered":"https:\/\/inces.gob.ve\/?p=68726"},"modified":"2025-11-21T19:46:58","modified_gmt":"2025-11-21T23:46:58","slug":"amazonas-funcionarios-publicos-del-dem-dieron-a-conocer-los-saberes-adquiridos-en-formacion-del-inces","status":"publish","type":"post","link":"https:\/\/inces.gob.ve\/index.php\/2025\/08\/21\/amazonas-funcionarios-publicos-del-dem-dieron-a-conocer-los-saberes-adquiridos-en-formacion-del-inces\/","title":{"rendered":"AMAZONAS | Funcionarios p\u00fablicos del DEM dieron a conocer los saberes adquiridos en formaci\u00f3n del Inces"},"content":{"rendered":"<div class=\"dad65929\">\n<div class=\"_4f9bf79 d7dc56a8 _43c05b5\">\n<div class=\"ds-message _63c77b1\">\n<div class=\"ds-markdown\">\n<p class=\"ds-markdown-paragraph\" style=\"text-align: justify;\"><span style=\"font-family: helvetica, arial, sans-serif; font-size: 18px;\">** <\/span><span style=\"font-family: helvetica, arial, sans-serif; font-size: 18px;\"><em><strong>\u00c1mbito Entidades de Trabajo presenta los conocimientos adquiridos por participantes<\/strong><\/em><\/span><\/p>\n<\/div>\n<\/div>\n<\/div>\n<\/div>\n<p><!--more--><\/p>\n<p>&nbsp;<\/p>\n<p class=\"ds-markdown-paragraph\" style=\"text-align: justify;\"><span style=\"font-family: helvetica, arial, sans-serif; font-size: 18px;\">En el marco de la celebraci\u00f3n del 66\u00b0 aniversario del Instituto Nacional de Capacitaci\u00f3n y Educaci\u00f3n Socialista (Inces), un grupo de trabajadores de la Direcci\u00f3n Ejecutiva de la Magistratura (DEM) en el estado Amazonas present\u00f3 los conocimientos adquiridos durante el proceso formativo en el perfil laboral de Mec\u00e1nico de Refrigeraci\u00f3n.<\/span><\/p>\n<p class=\"ds-markdown-paragraph\" style=\"text-align: justify;\"><span style=\"font-family: helvetica, arial, sans-serif; font-size: 18px;\">La actividad, cargada de entusiasmo y compromiso, cont\u00f3 con la presencia del gerente regional del Inces Amazonas, Tom\u00e1s Vivas, y de la directora regional de la Magistratura, Gladys Omaira Tirado, quienes acompa\u00f1aron a los participantes en este emotivo encuentro de saberes y vocaci\u00f3n de servicio.<\/span><\/p>\n<p class=\"ds-markdown-paragraph\" style=\"text-align: justify;\"><span style=\"font-family: helvetica, arial, sans-serif; font-size: 18px;\">Es importante acotar que durante su intervenci\u00f3n, la directora regional Gladys Omaira Tirado expres\u00f3:<\/span><br \/>\n<span style=\"font-family: helvetica, arial, sans-serif; font-size: 18px;\">\u00abEste tipo de articulaci\u00f3n con el Inces nos permite dignificar el trabajo de nuestros funcionarios, brind\u00e1ndoles herramientas concretas para crecer, servir mejor y sentirse parte activa de la transformaci\u00f3n que vive nuestro pa\u00eds. La formaci\u00f3n no solo mejora capacidades t\u00e9cnicas, tambi\u00e9n fortalece el alma institucional.\u00bb<\/span><\/p>\n<p class=\"ds-markdown-paragraph\" style=\"text-align: justify;\"><span style=\"font-family: helvetica, arial, sans-serif; font-size: 18px;\">Los funcionarios p\u00fablicos, pertenecientes a este organismo auxiliar del Tribunal Supremo de Justicia (TSJ), compartieron los avances t\u00e9cnicos y pr\u00e1cticos obtenidos gracias a la orientaci\u00f3n del maestro t\u00e9cnico productivo (MTP) Luis Navarro, destacando la importancia de la formaci\u00f3n como herramienta para el fortalecimiento institucional y el desarrollo profesional dentro del Poder Judicial. Con muestras como estas se reafirma el papel del Inces como puente entre el conocimiento y la transformaci\u00f3n social de los trabajadores de las diferentes entidades de trabajo regionales que apuestan por el aprendizaje continuo y el trabajo con prop\u00f3sito.<\/span><\/p>\n","protected":false},"excerpt":{"rendered":"<p>** \u00c1mbito Entidades de Trabajo presenta los conocimientos adquiridos por participantes<\/p>\n","protected":false},"author":4,"featured_media":68727,"comment_status":"closed","ping_status":"closed","sticky":false,"template":"","format":"standard","meta":{"footnotes":""},"categories":[2],"tags":[],"class_list":["post-68726","post","type-post","status-publish","format-standard","has-post-thumbnail","hentry","category-blog"],"_links":{"self":[{"href":"https:\/\/inces.gob.ve\/index.php\/wp-json\/wp\/v2\/posts\/68726","targetHints":{"allow":["GET"]}}],"collection":[{"href":"https:\/\/inces.gob.ve\/index.php\/wp-json\/wp\/v2\/posts"}],"about":[{"href":"https:\/\/inces.gob.ve\/index.php\/wp-json\/wp\/v2\/types\/post"}],"author":[{"embeddable":true,"href":"https:\/\/inces.gob.ve\/index.php\/wp-json\/wp\/v2\/users\/4"}],"replies":[{"embeddable":true,"href":"https:\/\/inces.gob.ve\/index.php\/wp-json\/wp\/v2\/comments?post=68726"}],"version-history":[{"count":1,"href":"https:\/\/inces.gob.ve\/index.php\/wp-json\/wp\/v2\/posts\/68726\/revisions"}],"predecessor-version":[{"id":68728,"href":"https:\/\/inces.gob.ve\/index.php\/wp-json\/wp\/v2\/posts\/68726\/revisions\/68728"}],"wp:featuredmedia":[{"embeddable":true,"href":"https:\/\/inces.gob.ve\/index.php\/wp-json\/wp\/v2\/media\/68727"}],"wp:attachment":[{"href":"https:\/\/inces.gob.ve\/index.php\/wp-json\/wp\/v2\/media?parent=68726"}],"wp:term":[{"taxonomy":"category","embeddable":true,"href":"https:\/\/inces.gob.ve\/index.php\/wp-json\/wp\/v2\/categories?post=68726"},{"taxonomy":"post_tag","embeddable":true,"href":"https:\/\/inces.gob.ve\/index.php\/wp-json\/wp\/v2\/tags?post=68726"}],"curies":[{"name":"wp","href":"https:\/\/api.w.org\/{rel}","templated":true}]}}