{"id":68729,"date":"2025-08-21T19:48:29","date_gmt":"2025-08-21T23:48:29","guid":{"rendered":"https:\/\/inces.gob.ve\/?p=68729"},"modified":"2025-11-21T19:51:19","modified_gmt":"2025-11-21T23:51:19","slug":"aragua-inces-celebra-66-anos-comprometido-con-la-formacion-para-el-emprendimiento","status":"publish","type":"post","link":"https:\/\/inces.gob.ve\/index.php\/2025\/08\/21\/aragua-inces-celebra-66-anos-comprometido-con-la-formacion-para-el-emprendimiento\/","title":{"rendered":"ARAGUA | Inces celebra 66 a\u00f1os comprometido con la formaci\u00f3n para el emprendimiento"},"content":{"rendered":"<p class=\"ds-markdown-paragraph\" style=\"text-align: justify;\"><em><strong><span style=\"font-family: helvetica, arial, sans-serif; font-size: 18px;\">** La instituci\u00f3n destaca el inter\u00e9s de los venezolanos en la formaci\u00f3n presencial en \u00e1reas como la administraci\u00f3n, cocina y competencias digitales, seg\u00fan una encuesta reciente<\/span><\/strong><\/em><!--more--><\/p>\n<p>&nbsp;<\/p>\n<p class=\"ds-markdown-paragraph\" style=\"text-align: justify;\"><span style=\"font-family: helvetica, arial, sans-serif; font-size: 18px;\"><b>NINOSKA PATRIZ<\/b><\/span><\/p>\n<p class=\"ds-markdown-paragraph\" style=\"text-align: justify;\"><span style=\"font-family: helvetica, arial, sans-serif; font-size: 18px;\">En rueda de prensa desde el Auditorio \u00abSim\u00f3n Bol\u00edvar\u00bb, la gerente Alba Galindo comparti\u00f3 su emoci\u00f3n en torno a la celebraci\u00f3n del 66\u00b0 Aniversario. La misma agradeci\u00f3 la oportunidad de rendir honores al Padre de la Patria \u00abSim\u00f3n Bol\u00edvar\u00bb y destac\u00f3, durante la ofrenda floral al busto del Maestro de Maestros \u00abLuis Beltr\u00e1n Prieto Figueroa\u00bb, la importancia del impacto positivo que esta instituci\u00f3n ha tenido en la formaci\u00f3n de profesionales.<\/span><\/p>\n<p>&nbsp;<\/p>\n<p class=\"ds-markdown-paragraph\" style=\"text-align: justify;\"><span style=\"font-family: helvetica, arial, sans-serif; font-size: 18px;\">\u00abEstos 66 a\u00f1os son un testimonio de nuestra dedicaci\u00f3n a formar ciudadanos competentes y solidarios, preparados para enfrentar los retos del futuro en la construcci\u00f3n de una sociedad m\u00e1s justa y equitativa. Vienen cosas bonitas\u00bb.<\/span><\/p>\n<p>&nbsp;<\/p>\n<p class=\"ds-markdown-paragraph\" style=\"text-align: justify;\"><span style=\"font-family: helvetica, arial, sans-serif; font-size: 18px;\">Asimismo, resalt\u00f3 que, de acuerdo con la reciente encuesta del Instituto Nacional de Capacitaci\u00f3n y Educaci\u00f3n Socialista (Inces), los venezolanos muestran un marcado inter\u00e9s en formarse en administraci\u00f3n, cocina y competencias digitales a nivel nacional, destacando particularmente en Aragua las \u00e1reas de comercio, construcci\u00f3n, ventas (de comida) y hoteler\u00eda con 52,05 %, 24,66%, 16,44 % y 16,44%, respectivamente.<\/span><\/p>\n<p>&nbsp;<\/p>\n<p class=\"ds-markdown-paragraph\" style=\"text-align: justify;\"><span style=\"font-family: helvetica, arial, sans-serif; font-size: 18px;\">Este estudio, al que hizo referencia, fue realizado entre diciembre de 2024 y febrero de 2025 en alianza con el grupo \u00daltimas Noticias, consult\u00f3 a j\u00f3venes de 14 a 17 a\u00f1os y a adultos a partir de 18, revelando que ambos grupos consideran que el Motor Emprendimiento debe ser la prioridad formativa. Por su parte, en referencia a la encuesta, tambi\u00e9n destac\u00f3 la alta preferencia por la formaci\u00f3n presencial, si bien la mayor\u00eda de los encuestados cuenta con un tel\u00e9fono inteligente para clases en l\u00ednea. El objetivo principal de la investigaci\u00f3n fue ajustar la oferta educativa del Inces a las necesidades de la poblaci\u00f3n y del sector productivo.<\/span><\/p>\n<p>&nbsp;<\/p>\n<p class=\"ds-markdown-paragraph\" style=\"text-align: justify;\"><span style=\"font-family: helvetica, arial, sans-serif; font-size: 18px;\">Para concluir, la gerente expres\u00f3 su profundo reconocimiento a todos los colaboradores por su arduo trabajo y las contribuciones significativas que han realizado a lo largo de los a\u00f1os, e inst\u00f3 a disfrutar las actividades del 66\u00b0 Aniversario en cada Centro de Formaci\u00f3n Socialista de la regi\u00f3n.<\/span><\/p>\n","protected":false},"excerpt":{"rendered":"<p>** La instituci\u00f3n destaca el inter\u00e9s de los venezolanos en la formaci\u00f3n presencial en \u00e1reas como la administraci\u00f3n, cocina y competencias digitales, seg\u00fan una encuesta reciente<\/p>\n","protected":false},"author":4,"featured_media":68730,"comment_status":"closed","ping_status":"closed","sticky":false,"template":"","format":"standard","meta":{"footnotes":""},"categories":[2],"tags":[],"class_list":["post-68729","post","type-post","status-publish","format-standard","has-post-thumbnail","hentry","category-blog"],"_links":{"self":[{"href":"https:\/\/inces.gob.ve\/index.php\/wp-json\/wp\/v2\/posts\/68729","targetHints":{"allow":["GET"]}}],"collection":[{"href":"https:\/\/inces.gob.ve\/index.php\/wp-json\/wp\/v2\/posts"}],"about":[{"href":"https:\/\/inces.gob.ve\/index.php\/wp-json\/wp\/v2\/types\/post"}],"author":[{"embeddable":true,"href":"https:\/\/inces.gob.ve\/index.php\/wp-json\/wp\/v2\/users\/4"}],"replies":[{"embeddable":true,"href":"https:\/\/inces.gob.ve\/index.php\/wp-json\/wp\/v2\/comments?post=68729"}],"version-history":[{"count":1,"href":"https:\/\/inces.gob.ve\/index.php\/wp-json\/wp\/v2\/posts\/68729\/revisions"}],"predecessor-version":[{"id":68731,"href":"https:\/\/inces.gob.ve\/index.php\/wp-json\/wp\/v2\/posts\/68729\/revisions\/68731"}],"wp:featuredmedia":[{"embeddable":true,"href":"https:\/\/inces.gob.ve\/index.php\/wp-json\/wp\/v2\/media\/68730"}],"wp:attachment":[{"href":"https:\/\/inces.gob.ve\/index.php\/wp-json\/wp\/v2\/media?parent=68729"}],"wp:term":[{"taxonomy":"category","embeddable":true,"href":"https:\/\/inces.gob.ve\/index.php\/wp-json\/wp\/v2\/categories?post=68729"},{"taxonomy":"post_tag","embeddable":true,"href":"https:\/\/inces.gob.ve\/index.php\/wp-json\/wp\/v2\/tags?post=68729"}],"curies":[{"name":"wp","href":"https:\/\/api.w.org\/{rel}","templated":true}]}}