{"id":68785,"date":"2025-11-27T16:13:12","date_gmt":"2025-11-27T20:13:12","guid":{"rendered":"https:\/\/inces.gob.ve\/?p=68785"},"modified":"2025-11-27T16:13:12","modified_gmt":"2025-11-27T20:13:12","slug":"coro-en-el-liceo-inces-falcon-celebraron-el-dia-del-estudiante-con-gran-jornada-deportiva","status":"publish","type":"post","link":"https:\/\/inces.gob.ve\/index.php\/2025\/11\/27\/coro-en-el-liceo-inces-falcon-celebraron-el-dia-del-estudiante-con-gran-jornada-deportiva\/","title":{"rendered":"CORO | En el Liceo Inces Falc\u00f3n Celebraron el d\u00eda del Estudiante con gran jornada deportiva"},"content":{"rendered":"<p align=\"justify\"><em><strong><span style=\"font-family: helvetica, arial, sans-serif; font-size: 18px;\">** La actividad se enfoc\u00f3 en encuentros de voleibol, f\u00fatbol sala, juegos tradicionales como, pelotica de goma y de estrategias con encuentros de Domin\u00f3<\/span><\/strong><\/em><!--more--><\/p>\n<p align=\"justify\">\n<p align=\"justify\">\n<p align=\"justify\"><span style=\"font-family: helvetica, arial, sans-serif; font-size: 18px;\"><b>MIRIAM GONZ\u00c1LEZ VILLARROEL<\/b><\/span><\/p>\n<p align=\"justify\"><span style=\"font-family: helvetica, arial, sans-serif; font-size: 18px;\">M\u00e1s de 200 estudiantes del Liceo Inces Falc\u00f3n, pertenecientes a los distintos per\u00edodos acad\u00e9micos, protagonizaron una vibrante jornada deportiva y recreativa en conmemoraci\u00f3n del D\u00eda del Estudiante. El evento se llev\u00f3 a cabo en la emblem\u00e1tica cancha deportiva \u00abMano Peche Ugarte\u00bb de la ciudad de Coro, transform\u00e1ndose en un epicentro de energ\u00eda y sana competencia.<\/span><\/p>\n<p align=\"justify\">\n<p align=\"justify\">\n<p align=\"justify\"><span style=\"font-family: helvetica, arial, sans-serif; font-size: 18px;\">La actividad comenz\u00f3 con un emotivo desfile inaugural, donde los j\u00f3venes exhibieron el orgullo de su instituci\u00f3n. Seguidamente, y como acto protocolar, los presentes entonaron el Himno Nacional de la Rep\u00fablica Bolivariana de Venezuela.<\/span><\/p>\n<p align=\"justify\">\n<p align=\"justify\">\n<p align=\"justify\"><span style=\"font-size: 18px; font-family: helvetica, arial, sans-serif;\"><span style=\"color: #000000;\">Esta actividad deportiva cont\u00f3 con la presencia de Salvador Petit,\u00a0<\/span><span style=\"color: #000000;\">como invitado especial,\u00a0<\/span><span style=\"color: #000000;\">reconocido en la regi\u00f3n,\u00a0<\/span><span style=\"color: #000000;\">por sus clases de zumba,\u00a0<\/span><span style=\"color: #000000;\">quien anim\u00f3 a los j\u00f3venes\u00a0<\/span><span style=\"color: #000000;\">con<\/span>\u00a0bailes que combinaron movimientos de alta y baja intensidad<span style=\"color: #000000;\">.<\/span><\/span><\/p>\n<p align=\"justify\">\n<p align=\"justify\">\n<p align=\"justify\"><span style=\"font-family: helvetica, arial, sans-serif; font-size: 18px;\">Tambi\u00e9n, la actividad se enfoc\u00f3 en encuentros de voleibol, f\u00fatbol sala, juegos tradicionales como, pelotica de goma y de estrategias con encuentros de Domin\u00f3.<\/span><\/p>\n<p align=\"justify\">\n<p align=\"justify\"><span style=\"font-family: helvetica, arial, sans-serif; font-size: 18px;\">En la jornada deportiva se evidenci\u00f3 el liderazgo y compromiso institucional, expres\u00f3 la directora del Liceo Masly Espinoza, quien estuvo acompa\u00f1ada por su equipo de trabajo y los maestros t\u00e9cnicos productivos.<\/span><\/p>\n<p align=\"justify\">\n<p align=\"justify\"><span style=\"font-family: helvetica, arial, sans-serif; font-size: 18px;\">Resalt\u00f3 Espinoza, la importancia de la educaci\u00f3n integral que combina el conocimiento acad\u00e9mico con el bienestar f\u00edsico y social. \u00abVer a nuestros estudiantes disfrutar, competir y compartir en un ambiente de sano esparcimiento, es la mejor recompensa. En el Inces Falc\u00f3n formamos ciudadanos comprometidos y saludables y agradecemos a todos por hacer del D\u00eda del Estudiante, una celebraci\u00f3n memorable\u00bb.<\/span><\/p>\n<p align=\"justify\">\n<p align=\"justify\"><span style=\"font-family: helvetica, arial, sans-serif; font-size: 18px;\">La jornada concluy\u00f3 con un importante acto de solidaridad, los estudiantes tuvieron un gesto de compromiso social y empat\u00eda que destac\u00f3 la esencia formativa del liceo: entregaron un importante donativo al encargado de la cancha deportiva, lo cual, refuerza, los valores de servicio y apoyo comunitario entre la juventud.<\/span><\/p>\n<p align=\"justify\">\n","protected":false},"excerpt":{"rendered":"<p>** La actividad se enfoc\u00f3 en encuentros de voleibol, f\u00fatbol sala, juegos tradicionales como, pelotica de goma y de estrategias con encuentros de Domin\u00f3<\/p>\n","protected":false},"author":4,"featured_media":68786,"comment_status":"closed","ping_status":"closed","sticky":false,"template":"","format":"standard","meta":{"footnotes":""},"categories":[2],"tags":[],"class_list":["post-68785","post","type-post","status-publish","format-standard","has-post-thumbnail","hentry","category-blog"],"_links":{"self":[{"href":"https:\/\/inces.gob.ve\/index.php\/wp-json\/wp\/v2\/posts\/68785","targetHints":{"allow":["GET"]}}],"collection":[{"href":"https:\/\/inces.gob.ve\/index.php\/wp-json\/wp\/v2\/posts"}],"about":[{"href":"https:\/\/inces.gob.ve\/index.php\/wp-json\/wp\/v2\/types\/post"}],"author":[{"embeddable":true,"href":"https:\/\/inces.gob.ve\/index.php\/wp-json\/wp\/v2\/users\/4"}],"replies":[{"embeddable":true,"href":"https:\/\/inces.gob.ve\/index.php\/wp-json\/wp\/v2\/comments?post=68785"}],"version-history":[{"count":1,"href":"https:\/\/inces.gob.ve\/index.php\/wp-json\/wp\/v2\/posts\/68785\/revisions"}],"predecessor-version":[{"id":68787,"href":"https:\/\/inces.gob.ve\/index.php\/wp-json\/wp\/v2\/posts\/68785\/revisions\/68787"}],"wp:featuredmedia":[{"embeddable":true,"href":"https:\/\/inces.gob.ve\/index.php\/wp-json\/wp\/v2\/media\/68786"}],"wp:attachment":[{"href":"https:\/\/inces.gob.ve\/index.php\/wp-json\/wp\/v2\/media?parent=68785"}],"wp:term":[{"taxonomy":"category","embeddable":true,"href":"https:\/\/inces.gob.ve\/index.php\/wp-json\/wp\/v2\/categories?post=68785"},{"taxonomy":"post_tag","embeddable":true,"href":"https:\/\/inces.gob.ve\/index.php\/wp-json\/wp\/v2\/tags?post=68785"}],"curies":[{"name":"wp","href":"https:\/\/api.w.org\/{rel}","templated":true}]}}