{"id":68826,"date":"2025-11-28T15:55:12","date_gmt":"2025-11-28T19:55:12","guid":{"rendered":"https:\/\/inces.gob.ve\/?p=68826"},"modified":"2025-11-28T15:55:44","modified_gmt":"2025-11-28T19:55:44","slug":"exposicion-el-arte-de-la-resistencia-ofrecio-conversatorio-sobre-seguridad-y-articulacion-ciudadana","status":"publish","type":"post","link":"https:\/\/inces.gob.ve\/index.php\/2025\/11\/28\/exposicion-el-arte-de-la-resistencia-ofrecio-conversatorio-sobre-seguridad-y-articulacion-ciudadana\/","title":{"rendered":"Exposici\u00f3n el Arte de la Resistencia ofreci\u00f3 conversatorio sobre seguridad y articulaci\u00f3n ciudadana"},"content":{"rendered":"<div>\n<p style=\"text-align: justify;\" align=\"justify\"><b><br \/>\n<\/b><span style=\"font-family: helvetica, arial, sans-serif; font-size: 18px;\"><em><strong>**Para dar continuidad a la exposici\u00f3n el Arte de la Resistencia, inaugurada el pasado 11 de noviembre en los espacios de la Galer\u00eda \u00a0Wad\u00e4ka, el Instituto Nacional de Capacitaci\u00f3n y Educaci\u00f3n Socialista (Inces) desarroll\u00f3 un conversatorio donde participaron profesionales de la Polic\u00eda Nacional Bolivariana, el poder popular y la Milicia Nacional Bolivariana que tuvo por finalidad recordar todas las luchas que ha llevado a cabo el Gobierno Nacional por garantizar la paz en el pa\u00eds.<\/strong><\/em><b><\/b><\/span><\/p>\n<\/div>\n<p style=\"text-align: justify;\"><span style=\"font-family: helvetica, arial, sans-serif; font-size: 18px;\"><!--more--><\/span><\/p>\n<div style=\"text-align: justify;\"><\/div>\n<div><\/div>\n<div style=\"text-align: justify;\"><span style=\"font-family: helvetica, arial, sans-serif; font-size: 18px;\"><b>T\/ Zulma Zamora<br \/>\nF\/Rafael Urbina<\/b><\/span><span style=\"font-family: helvetica, arial, sans-serif; font-size: 18px;\">Por parte del poder popular asistieron el club de abuelos de la Universidad Bolivariana de Venezuela, club de abuelos de la parroquia Santa Rosal\u00eda y Yasm\u00edn Campos, representante del Concejo Municipal de Caracas, equipo parroquial de Coche y participantes del Programa Nacional de aprendizaje del Inces (PNA)<\/span><\/div>\n<div><\/div>\n<div><\/div>\n<div><\/div>\n<div><img loading=\"lazy\" decoding=\"async\" class=\"aligncenter wp-image-68827 size-full\" src=\"https:\/\/inces.gob.ve\/wp-content\/uploads\/2025\/11\/WhatsApp-Image-2025-11-28-at-3.11.25-PM-e1764359491124.jpeg\" alt=\"\" width=\"800\" height=\"511\" \/><\/div>\n<p style=\"text-align: justify;\"><span style=\"font-family: helvetica, arial, sans-serif; font-size: 18px;\"><b>Polic\u00eda junto al pueblo<\/b><\/span><\/p>\n<div style=\"text-align: justify;\">\n<p><span style=\"font-family: helvetica, arial, sans-serif; font-size: 18px;\">El ponente principal fue el primer inspector de la Polic\u00eda Nacional Bolivariana Michael Rodr\u00edguez \u00c1lvarez, quien trajo al presente los combates a los que se ha enfrentado este cuerpo de seguridad para garantizar la paz de los ciudadanos.\u00a0<\/span><span style=\"font-family: helvetica, arial, sans-serif; font-size: 18px;\">Hizo referencia a los hechos del 11, 12, y 13 de abril del 2002, as\u00ed como a las manifestaciones en contra del gobierno (guarimbas) en el 2014, enfatizando que esos hechos permitieron la consolidaci\u00f3n de la uni\u00f3n c\u00edvico militar.<\/span><\/p>\n<\/div>\n<div><\/div>\n<div><\/div>\n<div style=\"text-align: justify;\">\n<p><img loading=\"lazy\" decoding=\"async\" class=\"aligncenter wp-image-68828 size-full\" src=\"https:\/\/inces.gob.ve\/wp-content\/uploads\/2025\/11\/WhatsApp-Image-2025-11-28-at-3.09.53-PM-e1764359528498.jpeg\" alt=\"\" width=\"800\" height=\"536\" \/><\/p>\n<p><span style=\"font-family: helvetica, arial, sans-serif; font-size: 18px;\">\u201cHoy somos todos un pueblo, cada ciudadano es parte de este proceso, estamos en diferentes escenarios, \u00a0defendiendo, luchando, y sobre todo haciendo lo propio por contribuir a la paz del p\u00e1is.\u00a0 Tenemos una representaci\u00f3n aqu\u00ed de j\u00f3venes que se encuentran \u00a0estudiando, porque son parte \u00a0de este Estado, y ellos tambi\u00e9n, como ciudadanos, tienen un rol \u00a0fundamental\u201d puntualiz\u00f3.<\/span><\/p>\n<p><span style=\"font-family: helvetica, arial, sans-serif; font-size: 18px;\">Por su parte el primer inspector Jos\u00e9 Antonio Toro D\u00edaz en su derecho de palabra recalc\u00f3 que los hechos de violencia suscitados en el a\u00f1o 2014 y la explosi\u00f3n en la plaza Altamira en en 2017 dieron muestra de que esas situaciones eran parte del crimen organizado y no una simple manifestaci\u00f3n popular.<\/span><\/p>\n<\/div>\n<div><\/div>\n<div><\/div>\n<div style=\"text-align: justify;\">\n<p><img loading=\"lazy\" decoding=\"async\" class=\"aligncenter wp-image-68829 size-full\" src=\"https:\/\/inces.gob.ve\/wp-content\/uploads\/2025\/11\/WhatsApp-Image-2025-11-28-at-3.09.39-PM1-e1764359624287.jpeg\" alt=\"\" width=\"800\" height=\"421\" \/><\/p>\n<p><span style=\"font-family: helvetica, arial, sans-serif; font-size: 18px;\">El Inspector Derick Zerpa fue el \u00faltimo ponente del encuentro. Zerpa indic\u00f3 que el componente c\u00edvico militar es m\u00e1s que una estrategia de defensa del Estado \u201cLa imagen c\u00edvica es nuestra g\u00e9nesis y en nuestra identidad. En cada uniforme policial o militar hay un venezolano que tiene una identidad que no ha surgido de la nada sino que ha surgido de un c\u00famulo de luchas que hemos realizado juntos.<\/span><\/p>\n<\/div>\n","protected":false},"excerpt":{"rendered":"<p>**Para dar continuidad a la exposici\u00f3n el Arte de la Resistencia, inaugurada el pasado 11 de noviembre en los espacios de la Galer\u00eda \u00a0Wad\u00e4ka, el Instituto Nacional de Capacitaci\u00f3n y Educaci\u00f3n Socialista (Inces) desarroll\u00f3 un conversatorio donde participaron profesionales de la Polic\u00eda Nacional Bolivariana, el poder popular y la Milicia Nacional Bolivariana que tuvo por [&hellip;]<\/p>\n","protected":false},"author":15,"featured_media":68830,"comment_status":"closed","ping_status":"closed","sticky":false,"template":"","format":"standard","meta":{"footnotes":""},"categories":[2],"tags":[],"class_list":["post-68826","post","type-post","status-publish","format-standard","has-post-thumbnail","hentry","category-blog"],"_links":{"self":[{"href":"https:\/\/inces.gob.ve\/index.php\/wp-json\/wp\/v2\/posts\/68826","targetHints":{"allow":["GET"]}}],"collection":[{"href":"https:\/\/inces.gob.ve\/index.php\/wp-json\/wp\/v2\/posts"}],"about":[{"href":"https:\/\/inces.gob.ve\/index.php\/wp-json\/wp\/v2\/types\/post"}],"author":[{"embeddable":true,"href":"https:\/\/inces.gob.ve\/index.php\/wp-json\/wp\/v2\/users\/15"}],"replies":[{"embeddable":true,"href":"https:\/\/inces.gob.ve\/index.php\/wp-json\/wp\/v2\/comments?post=68826"}],"version-history":[{"count":3,"href":"https:\/\/inces.gob.ve\/index.php\/wp-json\/wp\/v2\/posts\/68826\/revisions"}],"predecessor-version":[{"id":68833,"href":"https:\/\/inces.gob.ve\/index.php\/wp-json\/wp\/v2\/posts\/68826\/revisions\/68833"}],"wp:featuredmedia":[{"embeddable":true,"href":"https:\/\/inces.gob.ve\/index.php\/wp-json\/wp\/v2\/media\/68830"}],"wp:attachment":[{"href":"https:\/\/inces.gob.ve\/index.php\/wp-json\/wp\/v2\/media?parent=68826"}],"wp:term":[{"taxonomy":"category","embeddable":true,"href":"https:\/\/inces.gob.ve\/index.php\/wp-json\/wp\/v2\/categories?post=68826"},{"taxonomy":"post_tag","embeddable":true,"href":"https:\/\/inces.gob.ve\/index.php\/wp-json\/wp\/v2\/tags?post=68826"}],"curies":[{"name":"wp","href":"https:\/\/api.w.org\/{rel}","templated":true}]}}