{"id":68897,"date":"2025-12-01T13:53:29","date_gmt":"2025-12-01T17:53:29","guid":{"rendered":"https:\/\/inces.gob.ve\/?p=68897"},"modified":"2025-12-01T13:57:18","modified_gmt":"2025-12-01T17:57:18","slug":"falcon-inces-supera-los-800-profesionales-formados-en-el-area-de-refrigeracion-y-aire-acondicionado","status":"publish","type":"post","link":"https:\/\/inces.gob.ve\/index.php\/2025\/12\/01\/falcon-inces-supera-los-800-profesionales-formados-en-el-area-de-refrigeracion-y-aire-acondicionado\/","title":{"rendered":"FALC\u00d3N | Inces supera los 800 profesionales formados en el \u00e1rea de Refrigeraci\u00f3n y Aire Acondicionado"},"content":{"rendered":"<p style=\"text-align: justify;\" align=\"center\"><span style=\"font-family: helvetica, arial, sans-serif; font-size: 18px;\"><em><strong>*18 nuevos instaladores de Refrigeraci\u00f3n y Aire Acondicionado egresan de la instituci\u00f3n<\/strong><\/em><!--more--><\/span><\/p>\n<p style=\"text-align: justify;\" align=\"justify\"><span style=\"font-family: helvetica, arial, sans-serif; font-size: 18px;\"><b>MIRIAM GONZ\u00c1LEZ VILLARROEL<\/b><\/span><\/p>\n<p style=\"text-align: justify;\" align=\"justify\"><span style=\"font-family: helvetica, arial, sans-serif; font-size: 18px;\">Dieciocho participantes provenientes de los municipios Petit, Carirubana, Miranda y diversas parroquias for\u00e1neas, culminaron exitosamente el perfil productivo laboral: Instalador de Equipos Refrigeraci\u00f3n y Aire Acondicionado a trav\u00e9s del programa Unidades M\u00f3viles del Instituto Nacional de Capacitaci\u00f3n y Educaci\u00f3n Socialista (Inces) en el estado Falc\u00f3n.<\/span><\/p>\n<p style=\"text-align: justify;\" align=\"justify\"><span style=\"font-family: helvetica, arial, sans-serif; font-size: 18px;\"><img loading=\"lazy\" decoding=\"async\" class=\"aligncenter wp-image-68902 size-full\" src=\"https:\/\/inces.gob.ve\/wp-content\/uploads\/2025\/12\/REFRIGERACION-26-11-2025-4.jpg\" alt=\"\" width=\"800\" height=\"600\" srcset=\"https:\/\/inces.gob.ve\/wp-content\/uploads\/2025\/12\/REFRIGERACION-26-11-2025-4.jpg 800w, https:\/\/inces.gob.ve\/wp-content\/uploads\/2025\/12\/REFRIGERACION-26-11-2025-4-300x225.jpg 300w, https:\/\/inces.gob.ve\/wp-content\/uploads\/2025\/12\/REFRIGERACION-26-11-2025-4-768x576.jpg 768w, https:\/\/inces.gob.ve\/wp-content\/uploads\/2025\/12\/REFRIGERACION-26-11-2025-4-136x102.jpg 136w\" sizes=\"auto, (max-width: 800px) 100vw, 800px\" \/><\/span><\/p>\n<p style=\"text-align: justify;\" align=\"justify\"><span style=\"font-family: helvetica, arial, sans-serif; font-size: 18px;\">Este egreso se suma a los logros de la Gerencia Regional del Inces Falc\u00f3n del a\u00f1o 2025, periodo en el cual el Inces ha formado a m\u00e1s de 800 participantes en el \u00e1rea de Refrigeraci\u00f3n y Aire Acondicionado, con el maestro Freddy D&#8217;Le\u00f3n Colina, reforzando as\u00ed la reserva de profesionales comprometidos con este sector vital para la industria local, regional y nacional.<\/span><\/p>\n<p align=\"justify\"><img loading=\"lazy\" decoding=\"async\" class=\"aligncenter wp-image-68905 size-full\" src=\"https:\/\/inces.gob.ve\/wp-content\/uploads\/2025\/12\/REFRIGERACION-26-11-2025-1.jpg\" alt=\"\" width=\"800\" height=\"478\" srcset=\"https:\/\/inces.gob.ve\/wp-content\/uploads\/2025\/12\/REFRIGERACION-26-11-2025-1.jpg 800w, https:\/\/inces.gob.ve\/wp-content\/uploads\/2025\/12\/REFRIGERACION-26-11-2025-1-300x179.jpg 300w, https:\/\/inces.gob.ve\/wp-content\/uploads\/2025\/12\/REFRIGERACION-26-11-2025-1-768x459.jpg 768w\" sizes=\"auto, (max-width: 800px) 100vw, 800px\" \/><\/p>\n<p style=\"text-align: justify;\" align=\"justify\"><span style=\"font-family: helvetica, arial, sans-serif; font-size: 18px;\">En este contexto, el maestro t\u00e9cnico productivo (MTP) Freddy D&#8217;Le\u00f3n, manifest\u00f3 su profunda satisfacci\u00f3n por el desarrollo positivo de la formaci\u00f3n, destacando la calidad de los nuevos egresados y del apoyo de la gerente regional del Inces, Eneyda Mart\u00ednez, para el desarrollo de los procesos formativos.<\/span><\/p>\n<p style=\"text-align: justify;\" align=\"justify\"><span style=\"font-family: helvetica, arial, sans-serif; font-size: 18px;\">Por su parte, el jefe de Formaci\u00f3n y Autoformaci\u00f3n Profesional, Jorge Luis Guzm\u00e1n, enfatiz\u00f3 la importancia de la relaci\u00f3n entre el maestro y el participante. Guzm\u00e1n inst\u00f3 a los egresados a empoderarse de los aprendizajes para emprender profesionalmente, reconociendo de igual manera, el valioso rol que desempe\u00f1an los maestros en este proceso en ense\u00f1anza aprendizaje.<\/span><\/p>\n<p align=\"justify\"><img loading=\"lazy\" decoding=\"async\" class=\"aligncenter wp-image-68904 size-full\" src=\"https:\/\/inces.gob.ve\/wp-content\/uploads\/2025\/12\/REFRIGERACION-26-11-2025-e1764611287397.jpg\" alt=\"\" width=\"500\" height=\"597\" \/><\/p>\n<p style=\"text-align: justify;\" align=\"center\"><span style=\"font-family: helvetica, arial, sans-serif; font-size: 18px;\"><b>Impacto social y acad\u00e9mico<\/b><\/span><\/p>\n<p style=\"text-align: justify;\" align=\"justify\"><span style=\"font-family: helvetica, arial, sans-serif; font-size: 18px;\">Los egresados compartieron sus experiencias, destacando \u00c1ngel Su\u00e1rez, \u00abmuy productiva la formaci\u00f3n\u00bb, mientras que Luis Trejo, extendi\u00f3 su agradecimiento por la capacitaci\u00f3n recibida y las pr\u00e1cticas profesionales realizadas, lo cual reforz\u00f3 los conocimientos te\u00f3ricos.<\/span><\/p>\n<p style=\"text-align: justify;\" align=\"justify\"><img loading=\"lazy\" decoding=\"async\" class=\"aligncenter wp-image-68900 \" src=\"https:\/\/inces.gob.ve\/wp-content\/uploads\/2025\/12\/REFRIGERACION-26-11-2025-6.jpg\" alt=\"\" width=\"724\" height=\"635\" srcset=\"https:\/\/inces.gob.ve\/wp-content\/uploads\/2025\/12\/REFRIGERACION-26-11-2025-6.jpg 800w, https:\/\/inces.gob.ve\/wp-content\/uploads\/2025\/12\/REFRIGERACION-26-11-2025-6-300x263.jpg 300w, https:\/\/inces.gob.ve\/wp-content\/uploads\/2025\/12\/REFRIGERACION-26-11-2025-6-768x674.jpg 768w\" sizes=\"auto, (max-width: 724px) 100vw, 724px\" \/><\/p>\n<p style=\"text-align: justify;\" align=\"justify\"><span style=\"font-family: helvetica, arial, sans-serif; font-size: 18px;\">De igual forma, el participante Elvis Morles, ingeniero de profesi\u00f3n, destac\u00f3, la formaci\u00f3n le permiti\u00f3 aprender mucho y a reforzar otros conocimientos que ya pose\u00eda. A su vez, Joan Arteaga, resalt\u00f3 la productiva vinculaci\u00f3n con el Inces y la labor social realizada, que incluy\u00f3 la recuperaci\u00f3n de equipos de aires acondicionados en la Universidad Polit\u00e9cnica Territorial \u201cAlonso Gamero\u201d (Uptag) y en las propias instalaciones del Inces.<\/span><\/p>\n<p style=\"text-align: justify;\" align=\"justify\"><span style=\"font-family: helvetica, arial, sans-serif; font-size: 18px;\">Precis\u00f3 el MTP Freddy D&#8217;Le\u00f3n, los participantes abarcaron m\u00e1s de 600 horas de formaci\u00f3n productiva con las unidades curriculares: Principios de Refrigeraci\u00f3n, Circuitos El\u00e9ctricos en Sistemas de Refrigeraci\u00f3n y Climatizaci\u00f3n, Fundamentos de Tuber\u00edas en Refrigeraci\u00f3n y Aires Acondicionados, Instalaci\u00f3n de Tuber\u00edas en Sistemas de Refrigeraci\u00f3n y Climatizaci\u00f3n, Soldadura de Refrigeraci\u00f3n, Mantenimiento y Diagn\u00f3stico en Refrigeraci\u00f3n y Climatizaci\u00f3n.<\/span><\/p>\n<p align=\"justify\"><img loading=\"lazy\" decoding=\"async\" class=\"aligncenter wp-image-68901 \" src=\"https:\/\/inces.gob.ve\/wp-content\/uploads\/2025\/12\/REFRIGERACION-26-11-2025-5.jpg\" alt=\"\" width=\"610\" height=\"583\" srcset=\"https:\/\/inces.gob.ve\/wp-content\/uploads\/2025\/12\/REFRIGERACION-26-11-2025-5.jpg 800w, https:\/\/inces.gob.ve\/wp-content\/uploads\/2025\/12\/REFRIGERACION-26-11-2025-5-300x287.jpg 300w, https:\/\/inces.gob.ve\/wp-content\/uploads\/2025\/12\/REFRIGERACION-26-11-2025-5-768x734.jpg 768w\" sizes=\"auto, (max-width: 610px) 100vw, 610px\" \/><\/p>\n<p style=\"text-align: justify;\" align=\"justify\">\n","protected":false},"excerpt":{"rendered":"<p>*18 nuevos instaladores de Refrigeraci\u00f3n y Aire Acondicionado egresan de la instituci\u00f3n<\/p>\n","protected":false},"author":15,"featured_media":68903,"comment_status":"closed","ping_status":"closed","sticky":false,"template":"","format":"standard","meta":{"footnotes":""},"categories":[2],"tags":[],"class_list":["post-68897","post","type-post","status-publish","format-standard","has-post-thumbnail","hentry","category-blog"],"_links":{"self":[{"href":"https:\/\/inces.gob.ve\/index.php\/wp-json\/wp\/v2\/posts\/68897","targetHints":{"allow":["GET"]}}],"collection":[{"href":"https:\/\/inces.gob.ve\/index.php\/wp-json\/wp\/v2\/posts"}],"about":[{"href":"https:\/\/inces.gob.ve\/index.php\/wp-json\/wp\/v2\/types\/post"}],"author":[{"embeddable":true,"href":"https:\/\/inces.gob.ve\/index.php\/wp-json\/wp\/v2\/users\/15"}],"replies":[{"embeddable":true,"href":"https:\/\/inces.gob.ve\/index.php\/wp-json\/wp\/v2\/comments?post=68897"}],"version-history":[{"count":2,"href":"https:\/\/inces.gob.ve\/index.php\/wp-json\/wp\/v2\/posts\/68897\/revisions"}],"predecessor-version":[{"id":68907,"href":"https:\/\/inces.gob.ve\/index.php\/wp-json\/wp\/v2\/posts\/68897\/revisions\/68907"}],"wp:featuredmedia":[{"embeddable":true,"href":"https:\/\/inces.gob.ve\/index.php\/wp-json\/wp\/v2\/media\/68903"}],"wp:attachment":[{"href":"https:\/\/inces.gob.ve\/index.php\/wp-json\/wp\/v2\/media?parent=68897"}],"wp:term":[{"taxonomy":"category","embeddable":true,"href":"https:\/\/inces.gob.ve\/index.php\/wp-json\/wp\/v2\/categories?post=68897"},{"taxonomy":"post_tag","embeddable":true,"href":"https:\/\/inces.gob.ve\/index.php\/wp-json\/wp\/v2\/tags?post=68897"}],"curies":[{"name":"wp","href":"https:\/\/api.w.org\/{rel}","templated":true}]}}