{"id":68916,"date":"2025-12-01T16:11:05","date_gmt":"2025-12-01T20:11:05","guid":{"rendered":"https:\/\/inces.gob.ve\/?p=68916"},"modified":"2025-12-01T16:38:41","modified_gmt":"2025-12-01T20:38:41","slug":"inces-dio-inicio-a-la-navidad-con-emotivas-actividades-culturales-y-recreativas","status":"publish","type":"post","link":"https:\/\/inces.gob.ve\/index.php\/2025\/12\/01\/inces-dio-inicio-a-la-navidad-con-emotivas-actividades-culturales-y-recreativas\/","title":{"rendered":"Inces dio inicio a la Navidad con emotivas actividades culturales y recreativas"},"content":{"rendered":"<p dir=\"ltr\" style=\"text-align: justify;\"><span style=\"font-family: helvetica, arial, sans-serif; font-size: 18px;\"><em><strong>** Trabajadores activos y jubilados del Inces\u00a0 dieron inicio a la \u00e9poca decembrina con un rico desayuno, un recorrido piso por piso interpretando m\u00fasicas\u00a0 t\u00edpicas\u00a0 de la temporada y actividades culturales realizadas en la plazoleta de la instituci\u00f3n<\/strong><\/em> <!--more--><\/span><\/p>\n<p dir=\"ltr\" style=\"text-align: justify;\"><span style=\"font-family: helvetica, arial, sans-serif; font-size: 18px;\">El Instituto Nacional de Capacitaci\u00f3n y Educaci\u00f3n Socialista (Inces) recibi\u00f3 a sus trabajadores este primero de diciembre con un desayuno que marc\u00f3 el inicio de las celebraciones navide\u00f1as. La actividad inici\u00f3 con un recorrido\u00a0 acompa\u00f1ado de la coral de la instituci\u00f3n\u00a0\u00a0\u201cRa\u00fal Delgado Mar\u00edn\u201d, que interpret\u00f3 temas propios de la \u00e9poca decembrina. En el recorrido tambi\u00e9n particip\u00f3 una estudiante del preescolar del Inces, representando el papel de la Estrella de Bel\u00e9n, una tradici\u00f3n que simboliza esperanza, fe y renovaci\u00f3n espiritual.<\/span><\/p>\n<p dir=\"ltr\"><img loading=\"lazy\" decoding=\"async\" class=\"aligncenter wp-image-68932 size-full\" src=\"https:\/\/inces.gob.ve\/wp-content\/uploads\/2025\/12\/IMG_3389-scaled-e1764620646449.jpg\" alt=\"\" width=\"800\" height=\"533\" \/><\/p>\n<p dir=\"ltr\" style=\"text-align: justify;\"><span style=\"font-family: helvetica, arial, sans-serif; font-size: 18px;\">El recorrido culmin\u00f3 en la plazoleta del Inces, donde los ni\u00f1os del preescolar y maternal del CEI Inces realizaron una hermosa y emotiva presentaci\u00f3n de el\u00a0\u201cNacimiento Viviente\u201d, dramatizando el nacimiento del Ni\u00f1o Jes\u00fas. Posteriormente, los ni\u00f1os del n\u00facleo del Sistema Nacional de Orquestas y Coros Juveniles e Infantiles de Venezuela, Fundamusical, ofrecieron un repertorio de villancicos y parrandas, incluyendo\u00a0\u201cNoche de Paz\u201d, \u201cNi\u00f1o Lindo\u201d y \u201cLa Vaca de Oro\u201d.<\/span><\/p>\n<p dir=\"ltr\"><img loading=\"lazy\" decoding=\"async\" class=\"aligncenter wp-image-68938 size-full\" src=\"https:\/\/inces.gob.ve\/wp-content\/uploads\/2025\/12\/IMG_3398-scaled-e1764620923160.jpg\" alt=\"\" width=\"800\" height=\"533\" \/><\/p>\n<p dir=\"ltr\" style=\"text-align: justify;\"><span style=\"font-family: helvetica, arial, sans-serif; font-size: 18px;\">Tambi\u00e9n participaron los adultos mayores que son parte de la formaci\u00f3n de Danza Tradicional, quienes interpretaron el baile de\u00a0\u201cLa Zaragoza\u201d, una manifestaci\u00f3n cultural transmitida de generaci\u00f3n en generaci\u00f3n durante a\u00f1os.<\/span><\/p>\n<p dir=\"ltr\"><img loading=\"lazy\" decoding=\"async\" class=\"aligncenter wp-image-68935 size-full\" src=\"https:\/\/inces.gob.ve\/wp-content\/uploads\/2025\/12\/IMG_3347-scaled-e1764620970593.jpg\" alt=\"\" width=\"800\" height=\"533\" \/><\/p>\n<p dir=\"ltr\" style=\"text-align: justify;\"><span style=\"font-family: helvetica, arial, sans-serif; font-size: 18px;\">El evento finaliz\u00f3 con las palabras del director de Formaci\u00f3n y Autoformaci\u00f3n, Jorge P\u00e9rez, quien\u00a0 agradeci\u00f3 la participaci\u00f3n de todos los trabajadores, destacando el compromiso que tiene la casa de formaci\u00f3n t\u00e9cnica profesional con la educaci\u00f3n en Venezuela. En su mensaje, expres\u00f3 deseos de uni\u00f3n y motivaci\u00f3n para continuar fortaleciendo la clase trabajadora que d\u00eda a d\u00eda se esfuerza por mantener de pie la instituci\u00f3n, adem\u00e1s extendi\u00f3 un saludo navide\u00f1o a toda la comunidad deseando un feliz y pr\u00f3spero a\u00f1o nuevo 2026.<\/span><\/p>\n<p dir=\"ltr\"><img loading=\"lazy\" decoding=\"async\" class=\"aligncenter wp-image-68939 size-full\" src=\"https:\/\/inces.gob.ve\/wp-content\/uploads\/2025\/12\/IMG_3376-scaled-e1764621054708.jpg\" alt=\"\" width=\"800\" height=\"533\" \/><\/p>\n<p dir=\"ltr\"><img loading=\"lazy\" decoding=\"async\" class=\"aligncenter wp-image-68937 size-full\" src=\"https:\/\/inces.gob.ve\/wp-content\/uploads\/2025\/12\/IMG_3343-scaled-e1764621073258.jpg\" alt=\"\" width=\"800\" height=\"533\" \/><\/p>\n<p dir=\"ltr\"><img loading=\"lazy\" decoding=\"async\" class=\"aligncenter wp-image-68936 size-full\" src=\"https:\/\/inces.gob.ve\/wp-content\/uploads\/2025\/12\/IMG_3346-scaled-e1764621090409.jpg\" alt=\"\" width=\"800\" height=\"533\" \/><\/p>\n<p dir=\"ltr\"><img loading=\"lazy\" decoding=\"async\" class=\"aligncenter wp-image-68934 size-full\" src=\"https:\/\/inces.gob.ve\/wp-content\/uploads\/2025\/12\/IMG_3371-scaled-e1764621181335.jpg\" alt=\"\" width=\"800\" height=\"533\" \/><\/p>\n<p dir=\"ltr\">\n","protected":false},"excerpt":{"rendered":"<p>** Trabajadores activos y jubilados del Inces\u00a0 dieron inicio a la \u00e9poca decembrina con un rico desayuno, un recorrido piso por piso interpretando m\u00fasicas\u00a0 t\u00edpicas\u00a0 de la temporada y actividades culturales realizadas en la plazoleta de la instituci\u00f3n<\/p>\n","protected":false},"author":15,"featured_media":68919,"comment_status":"closed","ping_status":"closed","sticky":false,"template":"","format":"standard","meta":{"footnotes":""},"categories":[2],"tags":[],"class_list":["post-68916","post","type-post","status-publish","format-standard","has-post-thumbnail","hentry","category-blog"],"_links":{"self":[{"href":"https:\/\/inces.gob.ve\/index.php\/wp-json\/wp\/v2\/posts\/68916","targetHints":{"allow":["GET"]}}],"collection":[{"href":"https:\/\/inces.gob.ve\/index.php\/wp-json\/wp\/v2\/posts"}],"about":[{"href":"https:\/\/inces.gob.ve\/index.php\/wp-json\/wp\/v2\/types\/post"}],"author":[{"embeddable":true,"href":"https:\/\/inces.gob.ve\/index.php\/wp-json\/wp\/v2\/users\/15"}],"replies":[{"embeddable":true,"href":"https:\/\/inces.gob.ve\/index.php\/wp-json\/wp\/v2\/comments?post=68916"}],"version-history":[{"count":9,"href":"https:\/\/inces.gob.ve\/index.php\/wp-json\/wp\/v2\/posts\/68916\/revisions"}],"predecessor-version":[{"id":68943,"href":"https:\/\/inces.gob.ve\/index.php\/wp-json\/wp\/v2\/posts\/68916\/revisions\/68943"}],"wp:featuredmedia":[{"embeddable":true,"href":"https:\/\/inces.gob.ve\/index.php\/wp-json\/wp\/v2\/media\/68919"}],"wp:attachment":[{"href":"https:\/\/inces.gob.ve\/index.php\/wp-json\/wp\/v2\/media?parent=68916"}],"wp:term":[{"taxonomy":"category","embeddable":true,"href":"https:\/\/inces.gob.ve\/index.php\/wp-json\/wp\/v2\/categories?post=68916"},{"taxonomy":"post_tag","embeddable":true,"href":"https:\/\/inces.gob.ve\/index.php\/wp-json\/wp\/v2\/tags?post=68916"}],"curies":[{"name":"wp","href":"https:\/\/api.w.org\/{rel}","templated":true}]}}