{"id":68973,"date":"2025-12-04T19:08:22","date_gmt":"2025-12-04T23:08:22","guid":{"rendered":"https:\/\/inces.gob.ve\/?p=68973"},"modified":"2025-12-04T20:16:36","modified_gmt":"2025-12-05T00:16:36","slug":"inces-proceso-2-639-836-inscripciones-en-2025-y-proyecta-innovacion-tecnologica-y-curricular-para-2026","status":"publish","type":"post","link":"https:\/\/inces.gob.ve\/index.php\/2025\/12\/04\/inces-proceso-2-639-836-inscripciones-en-2025-y-proyecta-innovacion-tecnologica-y-curricular-para-2026\/","title":{"rendered":"Inces proces\u00f3 2.639.836 inscripciones en 2025 y proyecta innovaci\u00f3n tecnol\u00f3gica y curricular para 2026"},"content":{"rendered":"<p class=\"ds-markdown-paragraph\" style=\"text-align: justify;\"><span style=\"font-family: arial, helvetica, sans-serif;\"><em>** En su \u00faltimo Consejo de Gesti\u00f3n Regional del a\u00f1o, la instituci\u00f3n reconoci\u00f3 a los estados con mejores desempe\u00f1os y detall\u00f3 su plan de trabajo, alineado con el Plan de la Patria<\/em><\/span><!--more--><\/p>\n<p>&nbsp;<\/p>\n<p><strong><span style=\"font-family: arial, helvetica, sans-serif; text-align: justify;\">LONGINA TOVAR<\/span><\/strong><\/p>\n<p><span style=\"font-family: arial, helvetica, sans-serif; text-align: justify;\">El Instituto Nacional de Capacitaci\u00f3n y Educaci\u00f3n Socialista (Inces) culmin\u00f3 el a\u00f1o 2025 con la atenci\u00f3n de <\/span><strong style=\"font-family: arial, helvetica, sans-serif; text-align: justify;\">631.590 personas<\/strong><span style=\"font-family: arial, helvetica, sans-serif; text-align: justify;\">, de las cuales el 71,70% (452.838) fueron j\u00f3venes, a trav\u00e9s de un total de\u00a0<\/span><strong style=\"font-family: arial, helvetica, sans-serif; text-align: justify;\">2.639.836 inscripciones<\/strong><span style=\"font-family: arial, helvetica, sans-serif; text-align: justify;\">\u00a0en sus programas formativos. <\/span><\/p>\n<p>&nbsp;<\/p>\n<p><img loading=\"lazy\" decoding=\"async\" class=\"aligncenter wp-image-68976 size-large\" src=\"https:\/\/inces.gob.ve\/wp-content\/uploads\/2025\/12\/Imagen-de-WhatsApp-2025-12-04-a-las-15.03.43_37b7610c-1024x682.jpg\" alt=\"\" width=\"640\" height=\"426\" srcset=\"https:\/\/inces.gob.ve\/wp-content\/uploads\/2025\/12\/Imagen-de-WhatsApp-2025-12-04-a-las-15.03.43_37b7610c-1024x682.jpg 1024w, https:\/\/inces.gob.ve\/wp-content\/uploads\/2025\/12\/Imagen-de-WhatsApp-2025-12-04-a-las-15.03.43_37b7610c-300x200.jpg 300w, https:\/\/inces.gob.ve\/wp-content\/uploads\/2025\/12\/Imagen-de-WhatsApp-2025-12-04-a-las-15.03.43_37b7610c-768x512.jpg 768w, https:\/\/inces.gob.ve\/wp-content\/uploads\/2025\/12\/Imagen-de-WhatsApp-2025-12-04-a-las-15.03.43_37b7610c-1536x1023.jpg 1536w, https:\/\/inces.gob.ve\/wp-content\/uploads\/2025\/12\/Imagen-de-WhatsApp-2025-12-04-a-las-15.03.43_37b7610c-272x182.jpg 272w, https:\/\/inces.gob.ve\/wp-content\/uploads\/2025\/12\/Imagen-de-WhatsApp-2025-12-04-a-las-15.03.43_37b7610c.jpg 1600w\" sizes=\"auto, (max-width: 640px) 100vw, 640px\" \/><\/p>\n<p>&nbsp;<\/p>\n<p><span style=\"font-family: arial, helvetica, sans-serif; text-align: justify;\">Estas cifras nacionales fueron el centro del Consejo de Gesti\u00f3n Regional &#8211; Diciembre 2025, donde se evaluaron los logros del a\u00f1o y se proyectaron las principales l\u00edneas de acci\u00f3n para 2026, con \u00e9nfasis en la soberan\u00eda, la transformaci\u00f3n tecnol\u00f3gica y la actualizaci\u00f3n curricular.<\/span><\/p>\n<p>&nbsp;<\/p>\n<p class=\"ds-markdown-paragraph\" style=\"text-align: justify;\"><span style=\"font-family: arial, helvetica, sans-serif;\">Durante el evento, realizado en la sede de la avenida Nueva Granada con la participaci\u00f3n virtual de todos los estados, se realiz\u00f3 un reconocimiento especial a las entidades que destacaron por su gesti\u00f3n durante el 2025. Los galardonados fueron: <strong>Trujillo<\/strong>\u00a0(1er lugar por cumplimiento de metas por \u00e1mbitos de formaci\u00f3n),\u00a0<strong>Apure<\/strong>\u00a0(2do lugar) y\u00a0<strong>Sucre<\/strong> (3er lugar).<\/span><\/p>\n<p>&nbsp;<\/p>\n<p><img loading=\"lazy\" decoding=\"async\" class=\"aligncenter wp-image-68978 size-large\" src=\"https:\/\/inces.gob.ve\/wp-content\/uploads\/2025\/12\/Imagen-de-WhatsApp-2025-12-04-a-las-15.03.44_8bac8380-1024x682.jpg\" alt=\"\" width=\"640\" height=\"426\" srcset=\"https:\/\/inces.gob.ve\/wp-content\/uploads\/2025\/12\/Imagen-de-WhatsApp-2025-12-04-a-las-15.03.44_8bac8380-1024x682.jpg 1024w, https:\/\/inces.gob.ve\/wp-content\/uploads\/2025\/12\/Imagen-de-WhatsApp-2025-12-04-a-las-15.03.44_8bac8380-300x200.jpg 300w, https:\/\/inces.gob.ve\/wp-content\/uploads\/2025\/12\/Imagen-de-WhatsApp-2025-12-04-a-las-15.03.44_8bac8380-768x512.jpg 768w, https:\/\/inces.gob.ve\/wp-content\/uploads\/2025\/12\/Imagen-de-WhatsApp-2025-12-04-a-las-15.03.44_8bac8380-1536x1023.jpg 1536w, https:\/\/inces.gob.ve\/wp-content\/uploads\/2025\/12\/Imagen-de-WhatsApp-2025-12-04-a-las-15.03.44_8bac8380-272x182.jpg 272w, https:\/\/inces.gob.ve\/wp-content\/uploads\/2025\/12\/Imagen-de-WhatsApp-2025-12-04-a-las-15.03.44_8bac8380.jpg 1600w\" sizes=\"auto, (max-width: 640px) 100vw, 640px\" \/><\/p>\n<p>&nbsp;<\/p>\n<p class=\"ds-markdown-paragraph\" style=\"text-align: justify;\"><span style=\"font-family: arial, helvetica, sans-serif;\">Asimismo, se reconoci\u00f3 al estado\u00a0<strong>Zulia<\/strong>\u00a0por la mayor cantidad de personas atendidas; a\u00a0<strong>Aragua<\/strong>\u00a0por el funcionamiento y crecimiento del Programa Nacional de Aprendizaje (PNA); a\u00a0<strong>Nueva Esparta<\/strong>\u00a0por el Bachillerato Productivo (PBP); a\u00a0<strong>Barinas<\/strong>\u00a0por el mayor porcentaje de atenci\u00f3n a j\u00f3venes; y nuevamente a\u00a0<strong>Trujillo<\/strong>\u00a0por el mayor porcentaje de atenci\u00f3n a mujeres.<\/span><\/p>\n<p>&nbsp;<\/p>\n<p class=\"ds-markdown-paragraph\" style=\"text-align: justify;\"><span style=\"font-family: arial, helvetica, sans-serif;\">El presidente del Inces fue el encargado de abrir la jornada, contextualizando estos \u00e9xitos dentro de un escenario geopol\u00edtico complejo, y reafirmando el compromiso de la instituci\u00f3n con el desarrollo productivo y la soberan\u00eda nacional.<\/span><\/p>\n<p>&nbsp;<\/p>\n<p><img loading=\"lazy\" decoding=\"async\" class=\"aligncenter wp-image-68983 size-large\" src=\"https:\/\/inces.gob.ve\/wp-content\/uploads\/2025\/12\/Imagen-de-WhatsApp-2025-12-04-a-las-15.03.44_a56603fd-1024x682.jpg\" alt=\"\" width=\"640\" height=\"426\" srcset=\"https:\/\/inces.gob.ve\/wp-content\/uploads\/2025\/12\/Imagen-de-WhatsApp-2025-12-04-a-las-15.03.44_a56603fd-1024x682.jpg 1024w, https:\/\/inces.gob.ve\/wp-content\/uploads\/2025\/12\/Imagen-de-WhatsApp-2025-12-04-a-las-15.03.44_a56603fd-300x200.jpg 300w, https:\/\/inces.gob.ve\/wp-content\/uploads\/2025\/12\/Imagen-de-WhatsApp-2025-12-04-a-las-15.03.44_a56603fd-768x512.jpg 768w, https:\/\/inces.gob.ve\/wp-content\/uploads\/2025\/12\/Imagen-de-WhatsApp-2025-12-04-a-las-15.03.44_a56603fd-1536x1023.jpg 1536w, https:\/\/inces.gob.ve\/wp-content\/uploads\/2025\/12\/Imagen-de-WhatsApp-2025-12-04-a-las-15.03.44_a56603fd-272x182.jpg 272w, https:\/\/inces.gob.ve\/wp-content\/uploads\/2025\/12\/Imagen-de-WhatsApp-2025-12-04-a-las-15.03.44_a56603fd.jpg 1600w\" sizes=\"auto, (max-width: 640px) 100vw, 640px\" \/><\/p>\n<p>&nbsp;<\/p>\n<p class=\"ds-markdown-paragraph\" style=\"text-align: justify;\"><span style=\"font-family: arial, helvetica, sans-serif;\"><strong>Planificaci\u00f3n estrat\u00e9gica y transformaci\u00f3n institucional<\/strong><\/span><\/p>\n<p class=\"ds-markdown-paragraph\" style=\"text-align: justify;\"><span style=\"font-family: arial, helvetica, sans-serif;\">El asesor de la presidencia,\u00a0<strong>Hildemaro Mexicano<\/strong>, present\u00f3 los resultados de la consulta nacional realizada al colectivo Inces. Explic\u00f3 que este documento sintetiza las l\u00edneas de acci\u00f3n y debe convertirse en una herramienta permanente de planificaci\u00f3n, ya que sus objetivos est\u00e1n alineados directamente con el Plan de la Patria 2025-2030 (7T).<\/span><\/p>\n<p>&nbsp;<\/p>\n<p><img loading=\"lazy\" decoding=\"async\" class=\"aligncenter wp-image-68981 size-large\" src=\"https:\/\/inces.gob.ve\/wp-content\/uploads\/2025\/12\/Imagen-de-WhatsApp-2025-12-04-a-las-15.03.44_2867f7d2-1024x682.jpg\" alt=\"\" width=\"640\" height=\"426\" srcset=\"https:\/\/inces.gob.ve\/wp-content\/uploads\/2025\/12\/Imagen-de-WhatsApp-2025-12-04-a-las-15.03.44_2867f7d2-1024x682.jpg 1024w, https:\/\/inces.gob.ve\/wp-content\/uploads\/2025\/12\/Imagen-de-WhatsApp-2025-12-04-a-las-15.03.44_2867f7d2-300x200.jpg 300w, https:\/\/inces.gob.ve\/wp-content\/uploads\/2025\/12\/Imagen-de-WhatsApp-2025-12-04-a-las-15.03.44_2867f7d2-768x512.jpg 768w, https:\/\/inces.gob.ve\/wp-content\/uploads\/2025\/12\/Imagen-de-WhatsApp-2025-12-04-a-las-15.03.44_2867f7d2-1536x1023.jpg 1536w, https:\/\/inces.gob.ve\/wp-content\/uploads\/2025\/12\/Imagen-de-WhatsApp-2025-12-04-a-las-15.03.44_2867f7d2-272x182.jpg 272w, https:\/\/inces.gob.ve\/wp-content\/uploads\/2025\/12\/Imagen-de-WhatsApp-2025-12-04-a-las-15.03.44_2867f7d2.jpg 1600w\" sizes=\"auto, (max-width: 640px) 100vw, 640px\" \/><\/p>\n<p>&nbsp;<\/p>\n<p class=\"ds-markdown-paragraph\" style=\"text-align: justify;\"><span style=\"font-family: arial, helvetica, sans-serif;\">Por su parte,\u00a0<strong>Arelis Mantilla<\/strong>, directora operativa, anunci\u00f3 importantes innovaciones tecnol\u00f3gicas para 2026. \u201cTrabajaremos con una nueva plataforma, m\u00e1s amigable para el participante, y un sistema nuevo e independiente para el Programa Nacional de Aprendizaje\u201d, se\u00f1al\u00f3. Hizo un llamado al uso consciente de estas herramientas, a mantener los datos actualizados y a capacitarse en el uso de\u00a0<em>Metabase<\/em>\u00a0para la gesti\u00f3n de la informaci\u00f3n.<\/span><\/p>\n<p>&nbsp;<\/p>\n<p><img loading=\"lazy\" decoding=\"async\" class=\"aligncenter wp-image-68982 size-large\" src=\"https:\/\/inces.gob.ve\/wp-content\/uploads\/2025\/12\/Imagen-de-WhatsApp-2025-12-04-a-las-15.03.44_a71f4048-1024x682.jpg\" alt=\"\" width=\"640\" height=\"426\" srcset=\"https:\/\/inces.gob.ve\/wp-content\/uploads\/2025\/12\/Imagen-de-WhatsApp-2025-12-04-a-las-15.03.44_a71f4048-1024x682.jpg 1024w, https:\/\/inces.gob.ve\/wp-content\/uploads\/2025\/12\/Imagen-de-WhatsApp-2025-12-04-a-las-15.03.44_a71f4048-300x200.jpg 300w, https:\/\/inces.gob.ve\/wp-content\/uploads\/2025\/12\/Imagen-de-WhatsApp-2025-12-04-a-las-15.03.44_a71f4048-768x512.jpg 768w, https:\/\/inces.gob.ve\/wp-content\/uploads\/2025\/12\/Imagen-de-WhatsApp-2025-12-04-a-las-15.03.44_a71f4048-1536x1023.jpg 1536w, https:\/\/inces.gob.ve\/wp-content\/uploads\/2025\/12\/Imagen-de-WhatsApp-2025-12-04-a-las-15.03.44_a71f4048-272x182.jpg 272w, https:\/\/inces.gob.ve\/wp-content\/uploads\/2025\/12\/Imagen-de-WhatsApp-2025-12-04-a-las-15.03.44_a71f4048.jpg 1600w\" sizes=\"auto, (max-width: 640px) 100vw, 640px\" \/><\/p>\n<p>&nbsp;<\/p>\n<p class=\"ds-markdown-paragraph\" style=\"text-align: justify;\"><span style=\"font-family: arial, helvetica, sans-serif;\">En el \u00e1rea formativa,\u00a0<strong>Vanessa Sterling<\/strong>, gerente de Formaci\u00f3n Profesional, detall\u00f3 la reestructuraci\u00f3n de trabajo bajo la metodolog\u00eda <strong>Invedecor<\/strong> y la importancia de fomentar equipos de trabajo concatenados entre departamentos para una atenci\u00f3n m\u00e1s eficaz en todos los \u00e1mbitos.<\/span><\/p>\n<p>&nbsp;<\/p>\n<p class=\"ds-markdown-paragraph\" style=\"text-align: justify;\"><span style=\"font-family: arial, helvetica, sans-serif;\">La b\u00fasqueda de autogesti\u00f3n y sostenibilidad tambi\u00e9n fue un tema clave. El <strong>gerente de Encadenamiento Productivo, Luis Morillo,<\/strong> inst\u00f3 a sus hom\u00f3logos a \u201cbuscar alianzas con quienes se puedan hacer negocios que favorezcan al Inces\u201d, destacando el inter\u00e9s externo en la capacidad instalada de la instituci\u00f3n como una oportunidad para generar ingresos propios.<\/span><\/p>\n<p>&nbsp;<\/p>\n<p class=\"ds-markdown-paragraph\" style=\"text-align: justify;\"><span style=\"font-family: arial, helvetica, sans-serif;\">Finalmente, el <strong>director estrat\u00e9gico de Investigaci\u00f3n y Desarrollo, Richard Delgado<\/strong> ampli\u00f3 los detalles de la transformaci\u00f3n curricular en marcha, basada ahora en <strong>Unidades Curriculares<\/strong>\u00a0que conducen a un perfil productivo y una ocupaci\u00f3n. Reiter\u00f3 el rigor de este proceso, el cual se rige por lo establecido en la Resoluci\u00f3n 208 de la Organizaci\u00f3n Internacional del Trabajo (OIT).<\/span><\/p>\n<p><img loading=\"lazy\" decoding=\"async\" class=\"aligncenter wp-image-68984 size-large\" src=\"https:\/\/inces.gob.ve\/wp-content\/uploads\/2025\/12\/Imagen-de-WhatsApp-2025-12-04-a-las-15.03.44_e5034202-1024x682.jpg\" alt=\"\" width=\"640\" height=\"426\" srcset=\"https:\/\/inces.gob.ve\/wp-content\/uploads\/2025\/12\/Imagen-de-WhatsApp-2025-12-04-a-las-15.03.44_e5034202-1024x682.jpg 1024w, https:\/\/inces.gob.ve\/wp-content\/uploads\/2025\/12\/Imagen-de-WhatsApp-2025-12-04-a-las-15.03.44_e5034202-300x200.jpg 300w, https:\/\/inces.gob.ve\/wp-content\/uploads\/2025\/12\/Imagen-de-WhatsApp-2025-12-04-a-las-15.03.44_e5034202-768x512.jpg 768w, https:\/\/inces.gob.ve\/wp-content\/uploads\/2025\/12\/Imagen-de-WhatsApp-2025-12-04-a-las-15.03.44_e5034202-1536x1023.jpg 1536w, https:\/\/inces.gob.ve\/wp-content\/uploads\/2025\/12\/Imagen-de-WhatsApp-2025-12-04-a-las-15.03.44_e5034202-272x182.jpg 272w, https:\/\/inces.gob.ve\/wp-content\/uploads\/2025\/12\/Imagen-de-WhatsApp-2025-12-04-a-las-15.03.44_e5034202.jpg 1600w\" sizes=\"auto, (max-width: 640px) 100vw, 640px\" \/><\/p>\n<p class=\"ds-markdown-paragraph\" style=\"text-align: justify;\"><span style=\"font-family: arial, helvetica, sans-serif;\"><strong>Visita protocolaria y reconocimiento externo<\/strong><\/span><\/p>\n<p class=\"ds-markdown-paragraph\" style=\"text-align: justify;\"><span style=\"font-family: arial, helvetica, sans-serif;\">Cabe destacar que durante el desarrollo del consejo, el viceministro de Temas Multilaterales, Rub\u00e9n Dario Molina, visit\u00f3 de manera causal la sede, para una reuni\u00f3n con el presidente Angel. El servidor catalog\u00f3 al Inces como \u201cuna de las instituciones transversales que hacen posible la construcci\u00f3n de un pa\u00eds potencia\u201d, y reconoci\u00f3 que es una de las pocas instituciones que tiene perfectamente sistematizados todos sus indicadores de gesti\u00f3n.<\/span><\/p>\n<p>&nbsp;<\/p>\n<p><img loading=\"lazy\" decoding=\"async\" class=\"aligncenter wp-image-68985 size-large\" src=\"https:\/\/inces.gob.ve\/wp-content\/uploads\/2025\/12\/Imagen-de-WhatsApp-2025-12-04-a-las-15.03.44_f2e098fe-1024x682.jpg\" alt=\"\" width=\"640\" height=\"426\" srcset=\"https:\/\/inces.gob.ve\/wp-content\/uploads\/2025\/12\/Imagen-de-WhatsApp-2025-12-04-a-las-15.03.44_f2e098fe-1024x682.jpg 1024w, https:\/\/inces.gob.ve\/wp-content\/uploads\/2025\/12\/Imagen-de-WhatsApp-2025-12-04-a-las-15.03.44_f2e098fe-300x200.jpg 300w, https:\/\/inces.gob.ve\/wp-content\/uploads\/2025\/12\/Imagen-de-WhatsApp-2025-12-04-a-las-15.03.44_f2e098fe-768x512.jpg 768w, https:\/\/inces.gob.ve\/wp-content\/uploads\/2025\/12\/Imagen-de-WhatsApp-2025-12-04-a-las-15.03.44_f2e098fe-1536x1023.jpg 1536w, https:\/\/inces.gob.ve\/wp-content\/uploads\/2025\/12\/Imagen-de-WhatsApp-2025-12-04-a-las-15.03.44_f2e098fe-272x182.jpg 272w, https:\/\/inces.gob.ve\/wp-content\/uploads\/2025\/12\/Imagen-de-WhatsApp-2025-12-04-a-las-15.03.44_f2e098fe.jpg 1600w\" sizes=\"auto, (max-width: 640px) 100vw, 640px\" \/><\/p>\n<p>&nbsp;<\/p>\n<p class=\"ds-markdown-paragraph\" style=\"text-align: justify;\"><span style=\"font-family: arial, helvetica, sans-serif;\"><strong>Cifras destacadas del 2025:<\/strong><\/span><\/p>\n<ul>\n<li style=\"text-align: justify;\">\n<p class=\"ds-markdown-paragraph\"><span style=\"font-family: arial, helvetica, sans-serif;\"><strong>Total de personas atendidas:<\/strong>\u00a0631.590.<\/span><\/p>\n<\/li>\n<li style=\"text-align: justify;\">\n<p class=\"ds-markdown-paragraph\"><span style=\"font-family: arial, helvetica, sans-serif;\"><strong>J\u00f3venes atendidos:<\/strong>\u00a0452.838 (71,70%).<\/span><\/p>\n<\/li>\n<li style=\"text-align: justify;\">\n<p class=\"ds-markdown-paragraph\"><span style=\"font-family: arial, helvetica, sans-serif;\"><strong>Total de inscripciones:<\/strong>\u00a02.639.836 (4,1 por persona en promedio).<\/span><\/p>\n<\/li>\n<li style=\"text-align: justify;\">\n<p class=\"ds-markdown-paragraph\"><span style=\"font-family: arial, helvetica, sans-serif;\"><strong>Acciones formativas ejecutadas:<\/strong>\u00a084.666.<\/span><\/p>\n<\/li>\n<li style=\"text-align: justify;\">\n<p class=\"ds-markdown-paragraph\"><span style=\"font-family: arial, helvetica, sans-serif;\"><strong>Ofertas formativas vinculadas:<\/strong>\u00a0613.<\/span><\/p>\n<\/li>\n<li style=\"text-align: justify;\">\n<p class=\"ds-markdown-paragraph\"><span style=\"font-family: arial, helvetica, sans-serif;\"><strong>Estudiantes de Bachillerato Productivo:<\/strong>\u00a016.928.<\/span><\/p>\n<\/li>\n<li style=\"text-align: justify;\">\n<p class=\"ds-markdown-paragraph\"><span style=\"font-family: arial, helvetica, sans-serif;\"><strong>Aprendices (PNA):<\/strong>\u00a018.755.<\/span><\/p>\n<\/li>\n<li style=\"text-align: justify;\">\n<p class=\"ds-markdown-paragraph\"><span style=\"font-family: arial, helvetica, sans-serif;\"><strong>Atenci\u00f3n en entidades de trabajo:<\/strong>\u00a0107.837 personas (370.629 inscripciones) en 1.344 entidades.<\/span><\/p>\n<\/li>\n<li>\n<p class=\"ds-markdown-paragraph\" style=\"text-align: justify;\"><span style=\"font-family: arial, helvetica, sans-serif;\"><strong>Vinculaci\u00f3n con comunas:<\/strong>\u00a0131.836 personas (453.113 inscripciones) en 918 comunas y circuitos comunales.<\/span><\/p>\n<\/li>\n<\/ul>\n<p>&nbsp;<\/p>\n","protected":false},"excerpt":{"rendered":"<p>** En su \u00faltimo Consejo de Gesti\u00f3n Regional del a\u00f1o, la instituci\u00f3n reconoci\u00f3 a los estados con mejores desempe\u00f1os y detall\u00f3 su plan de trabajo, alineado con el Plan de la Patria<\/p>\n","protected":false},"author":4,"featured_media":68975,"comment_status":"closed","ping_status":"closed","sticky":false,"template":"","format":"standard","meta":{"footnotes":""},"categories":[2],"tags":[],"class_list":["post-68973","post","type-post","status-publish","format-standard","has-post-thumbnail","hentry","category-blog"],"_links":{"self":[{"href":"https:\/\/inces.gob.ve\/index.php\/wp-json\/wp\/v2\/posts\/68973","targetHints":{"allow":["GET"]}}],"collection":[{"href":"https:\/\/inces.gob.ve\/index.php\/wp-json\/wp\/v2\/posts"}],"about":[{"href":"https:\/\/inces.gob.ve\/index.php\/wp-json\/wp\/v2\/types\/post"}],"author":[{"embeddable":true,"href":"https:\/\/inces.gob.ve\/index.php\/wp-json\/wp\/v2\/users\/4"}],"replies":[{"embeddable":true,"href":"https:\/\/inces.gob.ve\/index.php\/wp-json\/wp\/v2\/comments?post=68973"}],"version-history":[{"count":2,"href":"https:\/\/inces.gob.ve\/index.php\/wp-json\/wp\/v2\/posts\/68973\/revisions"}],"predecessor-version":[{"id":68987,"href":"https:\/\/inces.gob.ve\/index.php\/wp-json\/wp\/v2\/posts\/68973\/revisions\/68987"}],"wp:featuredmedia":[{"embeddable":true,"href":"https:\/\/inces.gob.ve\/index.php\/wp-json\/wp\/v2\/media\/68975"}],"wp:attachment":[{"href":"https:\/\/inces.gob.ve\/index.php\/wp-json\/wp\/v2\/media?parent=68973"}],"wp:term":[{"taxonomy":"category","embeddable":true,"href":"https:\/\/inces.gob.ve\/index.php\/wp-json\/wp\/v2\/categories?post=68973"},{"taxonomy":"post_tag","embeddable":true,"href":"https:\/\/inces.gob.ve\/index.php\/wp-json\/wp\/v2\/tags?post=68973"}],"curies":[{"name":"wp","href":"https:\/\/api.w.org\/{rel}","templated":true}]}}