{"id":69001,"date":"2025-12-05T11:45:33","date_gmt":"2025-12-05T15:45:33","guid":{"rendered":"https:\/\/inces.gob.ve\/?p=69001"},"modified":"2025-12-05T11:54:45","modified_gmt":"2025-12-05T15:54:45","slug":"yaracuy-inces-otorga-certificados-a-privados-de-libertad-del-ccp-marin-en-yaracuy","status":"publish","type":"post","link":"https:\/\/inces.gob.ve\/index.php\/2025\/12\/05\/yaracuy-inces-otorga-certificados-a-privados-de-libertad-del-ccp-marin-en-yaracuy\/","title":{"rendered":"YARACUY | Inces otorga certificados a privados de libertad del CCP Mar\u00edn en Yaracuy"},"content":{"rendered":"<p style=\"text-align: justify;\"><span style=\"font-family: helvetica, arial, sans-serif; font-size: 18px;\"><em><strong>** Capacitar en ocupaciones productivas es esencial para lograr la reinserci\u00f3n laboral<\/strong><\/em><!--more--><\/span><\/p>\n<p>&nbsp;<\/p>\n<p style=\"text-align: justify;\"><span style=\"font-family: helvetica, arial, sans-serif; font-size: 18px;\"><b>YOALAICE VARGAS<\/b><\/span><\/p>\n<p style=\"text-align: justify;\"><span style=\"font-family: helvetica, arial, sans-serif; font-size: 18px;\">El Instituto Nacional de Capacitaci\u00f3n y Educaci\u00f3n Socialista (Inces), regi\u00f3n Yaracuy, hizo entrega de certificados a privados de libertad recluidos en el Centro de Coordinaci\u00f3n Policial (CCP) Mar\u00edn, municipio San Felipe.<\/span><\/p>\n<p style=\"text-align: justify;\"><span style=\"font-family: helvetica, arial, sans-serif; font-size: 18px;\">El acto de entrega cont\u00f3 con la presencia del gerente regional del Inces, Dalvi Torrealba, y del secretario de Seguridad Ciudadana, Antonio Pe\u00f1a, quienes, acompa\u00f1ados por representantes de ambas dependencias, entregaron 28 certificados a catorce reclusos.<\/span><\/p>\n<p>&nbsp;<\/p>\n<p>&nbsp;<\/p>\n<p><img loading=\"lazy\" decoding=\"async\" class=\"aligncenter wp-image-69003 \" src=\"https:\/\/inces.gob.ve\/wp-content\/uploads\/2025\/12\/IMG-20251202-WA0119-e1764949403141.jpg\" alt=\"\" width=\"596\" height=\"630\" srcset=\"https:\/\/inces.gob.ve\/wp-content\/uploads\/2025\/12\/IMG-20251202-WA0119-e1764949403141.jpg 800w, https:\/\/inces.gob.ve\/wp-content\/uploads\/2025\/12\/IMG-20251202-WA0119-e1764949403141-284x300.jpg 284w, https:\/\/inces.gob.ve\/wp-content\/uploads\/2025\/12\/IMG-20251202-WA0119-e1764949403141-768x812.jpg 768w\" sizes=\"auto, (max-width: 596px) 100vw, 596px\" \/><\/p>\n<p style=\"text-align: justify;\"><span style=\"font-family: helvetica, arial, sans-serif; font-size: 18px;\">Los participantes se capacitaron en las unidades curriculares Sistemas Constructivos y Electricidad de la Construcci\u00f3n, formaci\u00f3n que les permiti\u00f3 adquirir conocimientos para realizar trabajos dentro del centro de reclusi\u00f3n y mejorar los espacios en donde cumplen las sanciones penales impuestas por el tribunal.<\/span><\/p>\n<p style=\"text-align: justify;\"><span style=\"font-family: helvetica, arial, sans-serif; font-size: 18px;\">De igual manera, una vez hayan cumplido con la sanci\u00f3n, podr\u00e1n insertarse en el campo laboral gracias al conocimiento adquirido a trav\u00e9s del Inces, bien sea en proyectos de emprendimientos productivos o en cualquier ente que les brinde la oportunidad de trabajar en el \u00e1rea.<\/span><\/p>\n<p style=\"text-align: justify;\"><span style=\"font-family: helvetica, arial, sans-serif; font-size: 18px;\">Gracias a la alianza formativa entre el Inces y la Gobernaci\u00f3n de Yaracuy, a trav\u00e9s de la Secretar\u00eda de Seguridad Ciudadana, se han logrado avances significativos en la formaci\u00f3n tanto de efectivos de seguridad como de los privados de libertad, demostrando el trabajo articulado como un solo gobierno, haciendo de Yaracuy un estado Potencia en Movimiento.<\/span><\/p>\n<p style=\"text-align: justify;\"><span style=\"font-family: helvetica, arial, sans-serif; font-size: 18px;\">El Inces es inclusi\u00f3n<\/span><\/p>\n<p style=\"text-align: justify;\"><span style=\"font-family: helvetica, arial, sans-serif; font-size: 18px;\">Los participantes destacaron la importancia de capacitarse dentro del espacio en donde cumplen una pena, aprovechando el tiempo para prepararse, aprender y reflexionar sobre lo que pueden lograr a trav\u00e9s del conocimiento.<\/span><\/p>\n<p style=\"text-align: justify;\"><span style=\"font-family: helvetica, arial, sans-serif; font-size: 18px;\">Ronald Santos expres\u00f3 sentirse satisfecho con la formaci\u00f3n realizada en esta alianza entre el gobierno de Yaracuy y el Inces, manifestando que \u00ablo que no logr\u00e9 en la calle, lo estoy haciendo aqu\u00ed en el centro gracias al Inces\u00bb.<\/span><\/p>\n<p style=\"text-align: justify;\"><span style=\"font-family: helvetica, arial, sans-serif; font-size: 18px;\">Por su parte, Jos\u00e9 P\u00e9rez agradeci\u00f3 a Dios por cada oportunidad, as\u00ed como al presidente Nicol\u00e1s Maduro y al Inces por llegar a los centros de reclusi\u00f3n, tomando en cuenta a la poblaci\u00f3n penal para que se forme y tenga herramientas para la vida.<\/span><\/p>\n","protected":false},"excerpt":{"rendered":"<p>** Capacitar en ocupaciones productivas es esencial para lograr la reinserci\u00f3n laboral<\/p>\n","protected":false},"author":15,"featured_media":69005,"comment_status":"closed","ping_status":"closed","sticky":false,"template":"","format":"standard","meta":{"footnotes":""},"categories":[2],"tags":[],"class_list":["post-69001","post","type-post","status-publish","format-standard","has-post-thumbnail","hentry","category-blog"],"_links":{"self":[{"href":"https:\/\/inces.gob.ve\/index.php\/wp-json\/wp\/v2\/posts\/69001","targetHints":{"allow":["GET"]}}],"collection":[{"href":"https:\/\/inces.gob.ve\/index.php\/wp-json\/wp\/v2\/posts"}],"about":[{"href":"https:\/\/inces.gob.ve\/index.php\/wp-json\/wp\/v2\/types\/post"}],"author":[{"embeddable":true,"href":"https:\/\/inces.gob.ve\/index.php\/wp-json\/wp\/v2\/users\/15"}],"replies":[{"embeddable":true,"href":"https:\/\/inces.gob.ve\/index.php\/wp-json\/wp\/v2\/comments?post=69001"}],"version-history":[{"count":1,"href":"https:\/\/inces.gob.ve\/index.php\/wp-json\/wp\/v2\/posts\/69001\/revisions"}],"predecessor-version":[{"id":69004,"href":"https:\/\/inces.gob.ve\/index.php\/wp-json\/wp\/v2\/posts\/69001\/revisions\/69004"}],"wp:featuredmedia":[{"embeddable":true,"href":"https:\/\/inces.gob.ve\/index.php\/wp-json\/wp\/v2\/media\/69005"}],"wp:attachment":[{"href":"https:\/\/inces.gob.ve\/index.php\/wp-json\/wp\/v2\/media?parent=69001"}],"wp:term":[{"taxonomy":"category","embeddable":true,"href":"https:\/\/inces.gob.ve\/index.php\/wp-json\/wp\/v2\/categories?post=69001"},{"taxonomy":"post_tag","embeddable":true,"href":"https:\/\/inces.gob.ve\/index.php\/wp-json\/wp\/v2\/tags?post=69001"}],"curies":[{"name":"wp","href":"https:\/\/api.w.org\/{rel}","templated":true}]}}