{"id":69006,"date":"2025-12-05T11:59:50","date_gmt":"2025-12-05T15:59:50","guid":{"rendered":"https:\/\/inces.gob.ve\/?p=69006"},"modified":"2025-12-05T12:28:45","modified_gmt":"2025-12-05T16:28:45","slug":"miranda-inces-realizo-renovacion-de-voceros-del-movimiento-somos-aprendices","status":"publish","type":"post","link":"https:\/\/inces.gob.ve\/index.php\/2025\/12\/05\/miranda-inces-realizo-renovacion-de-voceros-del-movimiento-somos-aprendices\/","title":{"rendered":"MIRANDA | Inces realiz\u00f3 renovaci\u00f3n de voceros del movimiento Somos Aprendices"},"content":{"rendered":"<p style=\"text-align: justify;\"><span style=\"font-family: helvetica, arial, sans-serif; font-size: 18px;\"><em><strong>** Jornada electoral fortaleci\u00f3 la participaci\u00f3n estudiantil y la organizaci\u00f3n regional del movimiento.<\/strong><\/em><!--more--><\/span><\/p>\n<p style=\"text-align: justify;\"><span style=\"font-family: helvetica, arial, sans-serif; font-size: 18px;\">La renovaci\u00f3n de voceros y voceras del movimiento Somos Aprendices se realiz\u00f3 el 2 de diciembre en la sede regional del Inces Miranda, en el sal\u00f3n Francisco de Miranda, con la participaci\u00f3n de 56 estudiantes y alrededor de 8 representantes institucionales, con el objetivo de ejecutar las elecciones regionales del movimiento y fortalecer la organizaci\u00f3n y liderazgo estudiantil.<\/span><\/p>\n<p>&nbsp;<\/p>\n<p>&nbsp;<\/p>\n<p><img loading=\"lazy\" decoding=\"async\" class=\"aligncenter wp-image-69008 size-full\" src=\"https:\/\/inces.gob.ve\/wp-content\/uploads\/2025\/12\/0339a881-2aa4-4893-96ad-0d6e2bd93406-e1764950205237.jpg\" alt=\"\" width=\"800\" height=\"473\" \/><\/p>\n<p style=\"text-align: justify;\"><span style=\"font-family: helvetica, arial, sans-serif; font-size: 18px;\">La actividad cont\u00f3 con la presencia de la gerente regional del Inces Miranda, Noris Soto; el responsable nacional de la juventud del campo y la ciudad, Jonas Bracamonte; el coordinador de juventud del Inces Miranda, Jos\u00e9 Villegas; y la coordinadora de comunicaci\u00f3n y relaciones institucionales, Valeria Solano.<\/span><\/p>\n<p>&nbsp;<\/p>\n<p>&nbsp;<\/p>\n<p><img loading=\"lazy\" decoding=\"async\" class=\"aligncenter wp-image-69009 size-full\" src=\"https:\/\/inces.gob.ve\/wp-content\/uploads\/2025\/12\/56f7df30-7ec5-4543-89c5-c8a3e6cf3e36-e1764950302247.jpg\" alt=\"\" width=\"800\" height=\"579\" \/><\/p>\n<p style=\"text-align: justify;\"><span style=\"font-family: helvetica, arial, sans-serif; font-size: 18px;\">Asimismo, participaron directivos de las siguientes instancias organizativas: Adiestramiento Empresarial C.A. (Adiestra); Asociaci\u00f3n Civil de Productividad Empresarial (CEMPROEM); Asociaci\u00f3n Civil Centro de Desarrollo en Progreso (CEDENPRO); Fundaci\u00f3n para la Planificaci\u00f3n y Desarrollo de Centros de Capacitaci\u00f3n Industrial (FUNCECAIND); Grupo Programa Social (APRENDA); Instituto de Ingenier\u00eda Humana, C.A. (INGESCA); Instituto de Formaci\u00f3n Profesional, C.A. (INFOPRO); e Instituto de Capacitaci\u00f3n y Mejoramiento Profesional (SERAVILO C.A.).<\/span><\/p>\n<p>&nbsp;<\/p>\n<p>&nbsp;<\/p>\n<p><img loading=\"lazy\" decoding=\"async\" class=\"aligncenter wp-image-69010 size-full\" src=\"https:\/\/inces.gob.ve\/wp-content\/uploads\/2025\/12\/25da4685-04dd-4773-8db2-2c75ab3a1633-e1764950330570.jpg\" alt=\"\" width=\"800\" height=\"600\" \/><\/p>\n<p style=\"text-align: justify;\"><span style=\"font-family: helvetica, arial, sans-serif; font-size: 18px;\">La jornada se desarroll\u00f3 desde las 10:00 a. m. hasta la 1:00 p. m., garantizando un proceso organizado y participativo, en el que los aprendices se organizaron en 7 mesas de trabajo correspondientes a cada vocer\u00eda para la selecci\u00f3n del vocero regional de cada \u00edndole; as\u00ed mismo, ejercieron su derecho a la representaci\u00f3n, reafirmando su compromiso con la formaci\u00f3n t\u00e9cnica, el liderazgo juvenil y el desarrollo socioproductivo en el estado.<\/span><\/p>\n","protected":false},"excerpt":{"rendered":"<p>** Jornada electoral fortaleci\u00f3 la participaci\u00f3n estudiantil y la organizaci\u00f3n regional del movimiento.<\/p>\n","protected":false},"author":15,"featured_media":69007,"comment_status":"closed","ping_status":"closed","sticky":false,"template":"","format":"standard","meta":{"footnotes":""},"categories":[2],"tags":[],"class_list":["post-69006","post","type-post","status-publish","format-standard","has-post-thumbnail","hentry","category-blog"],"_links":{"self":[{"href":"https:\/\/inces.gob.ve\/index.php\/wp-json\/wp\/v2\/posts\/69006","targetHints":{"allow":["GET"]}}],"collection":[{"href":"https:\/\/inces.gob.ve\/index.php\/wp-json\/wp\/v2\/posts"}],"about":[{"href":"https:\/\/inces.gob.ve\/index.php\/wp-json\/wp\/v2\/types\/post"}],"author":[{"embeddable":true,"href":"https:\/\/inces.gob.ve\/index.php\/wp-json\/wp\/v2\/users\/15"}],"replies":[{"embeddable":true,"href":"https:\/\/inces.gob.ve\/index.php\/wp-json\/wp\/v2\/comments?post=69006"}],"version-history":[{"count":2,"href":"https:\/\/inces.gob.ve\/index.php\/wp-json\/wp\/v2\/posts\/69006\/revisions"}],"predecessor-version":[{"id":69012,"href":"https:\/\/inces.gob.ve\/index.php\/wp-json\/wp\/v2\/posts\/69006\/revisions\/69012"}],"wp:featuredmedia":[{"embeddable":true,"href":"https:\/\/inces.gob.ve\/index.php\/wp-json\/wp\/v2\/media\/69007"}],"wp:attachment":[{"href":"https:\/\/inces.gob.ve\/index.php\/wp-json\/wp\/v2\/media?parent=69006"}],"wp:term":[{"taxonomy":"category","embeddable":true,"href":"https:\/\/inces.gob.ve\/index.php\/wp-json\/wp\/v2\/categories?post=69006"},{"taxonomy":"post_tag","embeddable":true,"href":"https:\/\/inces.gob.ve\/index.php\/wp-json\/wp\/v2\/tags?post=69006"}],"curies":[{"name":"wp","href":"https:\/\/api.w.org\/{rel}","templated":true}]}}