{"id":69013,"date":"2025-12-05T12:33:10","date_gmt":"2025-12-05T16:33:10","guid":{"rendered":"https:\/\/inces.gob.ve\/?p=69013"},"modified":"2025-12-05T12:33:15","modified_gmt":"2025-12-05T16:33:15","slug":"yaracuy-participantes-de-uc-electricidad-basica-realizan-mantenimiento-en-taller-de-mecanica","status":"publish","type":"post","link":"https:\/\/inces.gob.ve\/index.php\/2025\/12\/05\/yaracuy-participantes-de-uc-electricidad-basica-realizan-mantenimiento-en-taller-de-mecanica\/","title":{"rendered":"YARACUY | Participantes de UC Electricidad B\u00e1sica realizan mantenimiento en taller de mec\u00e1nica"},"content":{"rendered":"<p style=\"text-align: justify;\"><span style=\"font-family: helvetica, arial, sans-serif; font-size: 18px;\"><em><strong>** Con la acci\u00f3n buscan motivar al resto de los participantes que se capacitan en la instituci\u00f3n<\/strong><\/em><\/span><!--more--><\/p>\n<p>&nbsp;<\/p>\n<p style=\"text-align: justify;\"><span style=\"font-family: helvetica, arial, sans-serif; font-size: 18px;\">YOLAICE VARGAS<\/span><\/p>\n<p style=\"text-align: justify;\"><span style=\"font-family: helvetica, arial, sans-serif; font-size: 18px;\">Los participantes de la unidad curricular Electricidad B\u00e1sica, del centro de formaci\u00f3n socialista (CFS) San Felipe El Fuerte, realizaron trabajos de limpieza y reparaci\u00f3n del cableado del sistema el\u00e9ctrico en el taller de mec\u00e1nica industrial, como parte del cierre del ciclo formativo.<\/span><\/p>\n<p>&nbsp;<\/p>\n<p>&nbsp;<\/p>\n<p><img loading=\"lazy\" decoding=\"async\" class=\"aligncenter wp-image-69014 size-full\" src=\"https:\/\/inces.gob.ve\/wp-content\/uploads\/2025\/12\/590414919_18106225132725909_3680429791877208645_n-e1764952291395.jpg\" alt=\"\" width=\"800\" height=\"401\" \/><\/p>\n<p style=\"text-align: justify;\"><span style=\"font-family: helvetica, arial, sans-serif; font-size: 18px;\">Los sujetos de aprendizaje, 30 en total, junto con el maestro t\u00e9cnico Julio Ferrer, tomaron la iniciativa de recuperar dichos espacios como parte de las pr\u00e1cticas de la unidad curricular y as\u00ed dejar un aporte positivo y significativo a la instituci\u00f3n.<\/span><\/p>\n<p style=\"text-align: justify;\"><span style=\"font-family: helvetica, arial, sans-serif; font-size: 18px;\">Esto se hizo como muestra de agradecimiento a la instituci\u00f3n que les abri\u00f3 las puertas para capacitarse y obtener nuevos conocimientos, que aprovechar\u00e1n no solo para minimizar costos en relaci\u00f3n con este tipo de servicios en sus hogares, sino adem\u00e1s para emprender o trabajar en alguna entidad p\u00fablica o privada, mejorando as\u00ed la calidad de vida de cada uno.<\/span><\/p>\n<p>&nbsp;<\/p>\n<p>&nbsp;<\/p>\n<p><img loading=\"lazy\" decoding=\"async\" class=\"aligncenter wp-image-69016 size-full\" src=\"https:\/\/inces.gob.ve\/wp-content\/uploads\/2025\/12\/589265077_18106225105725909_9123462306941252745_n-e1764952317297.jpg\" alt=\"\" width=\"800\" height=\"602\" \/><\/p>\n<p style=\"text-align: justify;\"><span style=\"font-family: helvetica, arial, sans-serif; font-size: 18px;\">Por otro lado, con la acci\u00f3n buscan motivar a los participantes que se capaciten en cualquier unidad curricular a dejar un aporte a la instituci\u00f3n, contribuyendo as\u00ed con el mantenimiento de los espacios que sirven para que miles de yaracuyanos aprendan un saber productivo.<\/span><\/p>\n","protected":false},"excerpt":{"rendered":"<p>** Con la acci\u00f3n buscan motivar al resto de los participantes que se capacitan en la instituci\u00f3n<\/p>\n","protected":false},"author":15,"featured_media":69015,"comment_status":"closed","ping_status":"closed","sticky":false,"template":"","format":"standard","meta":{"footnotes":""},"categories":[2],"tags":[],"class_list":["post-69013","post","type-post","status-publish","format-standard","has-post-thumbnail","hentry","category-blog"],"_links":{"self":[{"href":"https:\/\/inces.gob.ve\/index.php\/wp-json\/wp\/v2\/posts\/69013","targetHints":{"allow":["GET"]}}],"collection":[{"href":"https:\/\/inces.gob.ve\/index.php\/wp-json\/wp\/v2\/posts"}],"about":[{"href":"https:\/\/inces.gob.ve\/index.php\/wp-json\/wp\/v2\/types\/post"}],"author":[{"embeddable":true,"href":"https:\/\/inces.gob.ve\/index.php\/wp-json\/wp\/v2\/users\/15"}],"replies":[{"embeddable":true,"href":"https:\/\/inces.gob.ve\/index.php\/wp-json\/wp\/v2\/comments?post=69013"}],"version-history":[{"count":1,"href":"https:\/\/inces.gob.ve\/index.php\/wp-json\/wp\/v2\/posts\/69013\/revisions"}],"predecessor-version":[{"id":69017,"href":"https:\/\/inces.gob.ve\/index.php\/wp-json\/wp\/v2\/posts\/69013\/revisions\/69017"}],"wp:featuredmedia":[{"embeddable":true,"href":"https:\/\/inces.gob.ve\/index.php\/wp-json\/wp\/v2\/media\/69015"}],"wp:attachment":[{"href":"https:\/\/inces.gob.ve\/index.php\/wp-json\/wp\/v2\/media?parent=69013"}],"wp:term":[{"taxonomy":"category","embeddable":true,"href":"https:\/\/inces.gob.ve\/index.php\/wp-json\/wp\/v2\/categories?post=69013"},{"taxonomy":"post_tag","embeddable":true,"href":"https:\/\/inces.gob.ve\/index.php\/wp-json\/wp\/v2\/tags?post=69013"}],"curies":[{"name":"wp","href":"https:\/\/api.w.org\/{rel}","templated":true}]}}