{"id":69030,"date":"2025-12-05T16:32:35","date_gmt":"2025-12-05T20:32:35","guid":{"rendered":"https:\/\/inces.gob.ve\/?p=69030"},"modified":"2025-12-08T11:23:56","modified_gmt":"2025-12-08T15:23:56","slug":"culmino-con-exito-la-copa-luis-beltran-prieto-figuera","status":"publish","type":"post","link":"https:\/\/inces.gob.ve\/index.php\/2025\/12\/05\/culmino-con-exito-la-copa-luis-beltran-prieto-figuera\/","title":{"rendered":"Culmin\u00f3 con \u00e9xito la copa Luis Beltr\u00e1n Prieto Figueroa"},"content":{"rendered":"<p style=\"text-align: justify;\"><span style=\"font-family: helvetica, arial, sans-serif; font-size: 18px;\"><em><strong>** Navideportes fue una semana de voleibol, f\u00fatbol sala, ajedrez, domin\u00f3 y softbol que reuni\u00f3 a ocho instituciones p\u00fablicas para fomentar la integraci\u00f3n laboral<\/strong><\/em><!--more--><\/span><\/p>\n<p style=\"text-align: justify;\"><span style=\"font-family: helvetica, arial, sans-serif; font-size: 18px;\">LONGINA TOVAR<\/span><\/p>\n<p style=\"text-align: justify;\"><span style=\"font-family: helvetica, arial, sans-serif; font-size: 18px;\">Tras una semana de competencias en cinco disciplinas deportivas, se clausur\u00f3 este viernes la copa Navideportes Luis Beltr\u00e1n Prieto Figuera, con la participaci\u00f3n de ocho instituciones del sector p\u00fablico, en un evento que busc\u00f3 promover la integraci\u00f3n y el bienestar entre los trabajadores.<\/span><\/p>\n<p>&nbsp;<\/p>\n<p>&nbsp;<\/p>\n<p style=\"text-align: justify;\"><img loading=\"lazy\" decoding=\"async\" class=\"aligncenter wp-image-69038 size-full\" src=\"https:\/\/inces.gob.ve\/wp-content\/uploads\/2025\/12\/WhatsApp-Image-2025-12-05-at-2.29.06-PM-3-e1764966479193.jpeg\" alt=\"\" width=\"800\" height=\"533\" \/><br \/>\n<span style=\"font-family: helvetica, arial, sans-serif; font-size: 18px;\">La copa, que incluy\u00f3 voleibol, f\u00fatbol sala, ajedrez, domin\u00f3 y softbol, cont\u00f3 con la asistencia de equipos de Fogade, la Tesorer\u00eda Social, Inpsasel, Defensa P\u00fablica, el Ministerio del Trabajo, Incret y los anfitriones: Inces.<\/span><\/p>\n<p>&nbsp;<\/p>\n<p><img loading=\"lazy\" decoding=\"async\" class=\"aligncenter wp-image-69039 size-full\" src=\"https:\/\/inces.gob.ve\/wp-content\/uploads\/2025\/12\/WhatsApp-Image-2025-12-05-at-2.29.06-PM-e1764966505163.jpeg\" alt=\"\" width=\"800\" height=\"533\" \/><\/p>\n<p style=\"text-align: justify;\"><span style=\"font-family: helvetica, arial, sans-serif; font-size: 18px;\">Las actividades se desarrollaron en la cancha\u00a0<em>Eli\u00e9cer Otaiza<\/em>, ubicada en el anexo del piso 4.<\/span><\/p>\n<p style=\"text-align: justify;\"><span style=\"font-family: helvetica, arial, sans-serif; font-size: 18px;\">El cierre del evento deportivo estuvo liderado por el director estrat\u00e9gico, Jorge P\u00e9rez, quien record\u00f3 que la adecuaci\u00f3n de la cancha tuvo como objetivo central ofrecer un lugar de esparcimiento y actividad f\u00edsica.<\/span><\/p>\n<p>&nbsp;<\/p>\n<p><img loading=\"lazy\" decoding=\"async\" class=\"aligncenter wp-image-69035 size-full\" src=\"https:\/\/inces.gob.ve\/wp-content\/uploads\/2025\/12\/WhatsApp-Image-2025-12-05-at-2.29.06-PM-8-e1764966535349.jpeg\" alt=\"\" width=\"800\" height=\"533\" \/><\/p>\n<p style=\"text-align: justify;\"><span style=\"font-family: helvetica, arial, sans-serif; font-size: 18px;\">\u201cCelebramos este espacio como un momento de encuentro para la camarader\u00eda entre todos los trabajadores del Ministerio y las instituciones amigas\u201d, expres\u00f3 P\u00e9rez, destacando el valor del deporte para la salud y la cohesi\u00f3n del equipo, al tiempo que felicit\u00f3 a todas las gerencias que participaron en la organizaci\u00f3n de la copa.<\/span><\/p>\n<p>&nbsp;<\/p>\n<p><img loading=\"lazy\" decoding=\"async\" class=\"aligncenter wp-image-69034 size-full\" src=\"https:\/\/inces.gob.ve\/wp-content\/uploads\/2025\/12\/WhatsApp-Image-2025-12-05-at-2.29.07-PM-e1764966553501.jpeg\" alt=\"\" width=\"800\" height=\"533\" \/><\/p>\n<p style=\"text-align: justify;\"><span style=\"font-family: helvetica, arial, sans-serif; font-size: 18px;\">Acompa\u00f1aron la actividad el gerente de Talento Humano, David Betancourt, de la OAC Johana\u00a0Ospino y de Cultura, Deporte, Recreacion y Participaci\u00f3n Comunal, Francia Marrufo.<\/span><\/p>\n<p>&nbsp;<\/p>\n<p><img loading=\"lazy\" decoding=\"async\" class=\"aligncenter wp-image-69037 size-full\" src=\"https:\/\/inces.gob.ve\/wp-content\/uploads\/2025\/12\/WhatsApp-Image-2025-12-05-at-2.29.06-PM-6-e1764966596927.jpeg\" alt=\"\" width=\"800\" height=\"533\" \/><\/p>\n<p style=\"text-align: justify;\"><span style=\"font-family: helvetica, arial, sans-serif; font-size: 18px;\">Campeones por disciplina<\/span><br \/>\n<span style=\"font-family: helvetica, arial, sans-serif; font-size: 18px;\">Tras los enfrentamientos, se alzaron con la victoria en sus respectivas categor\u00edas: el equipo de Domin\u00f3 y Softbol de la Tesorer\u00eda Social; el de Ajedrez y F\u00fatbol Sala del Inces; y el sexteto de Voleibol de Fogade.\u00a0<\/span><\/p>\n<p>&nbsp;<\/p>\n<p><img loading=\"lazy\" decoding=\"async\" class=\"aligncenter wp-image-69033 size-full\" src=\"https:\/\/inces.gob.ve\/wp-content\/uploads\/2025\/12\/WhatsApp-Image-2025-12-05-at-2.29.07-PM-1-e1764966625820.jpeg\" alt=\"\" width=\"800\" height=\"533\" \/><\/p>\n<p style=\"text-align: justify;\"><span style=\"font-family: helvetica, arial, sans-serif; font-size: 18px;\">La copa no solo dej\u00f3 campeones, sino un marcador positivo en materia de integraci\u00f3n y esp\u00edritu de equipo, cerrando con broche de oro una semana llena de piques sanos y emoci\u00f3n deportiva.<\/span><\/p>\n<p>&nbsp;<\/p>\n<p>&nbsp;<\/p>\n","protected":false},"excerpt":{"rendered":"<p>** Navideportes fue una semana de voleibol, f\u00fatbol sala, ajedrez, domin\u00f3 y softbol que reuni\u00f3 a ocho instituciones p\u00fablicas para fomentar la integraci\u00f3n laboral<\/p>\n","protected":false},"author":15,"featured_media":69043,"comment_status":"closed","ping_status":"closed","sticky":false,"template":"","format":"standard","meta":{"footnotes":""},"categories":[2],"tags":[],"class_list":["post-69030","post","type-post","status-publish","format-standard","has-post-thumbnail","hentry","category-blog"],"_links":{"self":[{"href":"https:\/\/inces.gob.ve\/index.php\/wp-json\/wp\/v2\/posts\/69030","targetHints":{"allow":["GET"]}}],"collection":[{"href":"https:\/\/inces.gob.ve\/index.php\/wp-json\/wp\/v2\/posts"}],"about":[{"href":"https:\/\/inces.gob.ve\/index.php\/wp-json\/wp\/v2\/types\/post"}],"author":[{"embeddable":true,"href":"https:\/\/inces.gob.ve\/index.php\/wp-json\/wp\/v2\/users\/15"}],"replies":[{"embeddable":true,"href":"https:\/\/inces.gob.ve\/index.php\/wp-json\/wp\/v2\/comments?post=69030"}],"version-history":[{"count":4,"href":"https:\/\/inces.gob.ve\/index.php\/wp-json\/wp\/v2\/posts\/69030\/revisions"}],"predecessor-version":[{"id":69044,"href":"https:\/\/inces.gob.ve\/index.php\/wp-json\/wp\/v2\/posts\/69030\/revisions\/69044"}],"wp:featuredmedia":[{"embeddable":true,"href":"https:\/\/inces.gob.ve\/index.php\/wp-json\/wp\/v2\/media\/69043"}],"wp:attachment":[{"href":"https:\/\/inces.gob.ve\/index.php\/wp-json\/wp\/v2\/media?parent=69030"}],"wp:term":[{"taxonomy":"category","embeddable":true,"href":"https:\/\/inces.gob.ve\/index.php\/wp-json\/wp\/v2\/categories?post=69030"},{"taxonomy":"post_tag","embeddable":true,"href":"https:\/\/inces.gob.ve\/index.php\/wp-json\/wp\/v2\/tags?post=69030"}],"curies":[{"name":"wp","href":"https:\/\/api.w.org\/{rel}","templated":true}]}}