{"id":69047,"date":"2025-12-09T11:31:37","date_gmt":"2025-12-09T15:31:37","guid":{"rendered":"https:\/\/inces.gob.ve\/?p=69047"},"modified":"2025-12-09T11:31:45","modified_gmt":"2025-12-09T15:31:45","slug":"guarico-arranca-la-ruta-cientifica-juvenil","status":"publish","type":"post","link":"https:\/\/inces.gob.ve\/index.php\/2025\/12\/09\/guarico-arranca-la-ruta-cientifica-juvenil\/","title":{"rendered":"GU\u00c1RICO | Arranca la Ruta Cient\u00edfica Juvenil"},"content":{"rendered":"<p style=\"text-align: justify;\"><em><strong><span style=\"font-family: helvetica, arial, sans-serif; font-size: 18px;\">** Juventud del Inces de Gu\u00e1rico presente en esta iniciativa que busca despertar el inter\u00e9s en el campo cient\u00edfico<\/span><\/strong><\/em><!--more--><\/p>\n<p style=\"text-align: justify;\"><span style=\"font-family: helvetica, arial, sans-serif; font-size: 18px;\">YAMILEX APONTE<\/span><\/p>\n<p style=\"text-align: justify;\"><span style=\"font-family: helvetica, arial, sans-serif; font-size: 18px;\">La actividad se llev\u00f3 a cabo en el Centro de Investigaci\u00f3n y Extensi\u00f3n en Suelos y Aguas (CIESA-UNERG), donde 24 participantes del programa nacional de aprendizaje y bachillerato productivo realizaron un recorrido y pudieron conocer sobre el manejo de recursos h\u00eddricos y del suelo, para contribuir al desarrollo cient\u00edfico-tecnol\u00f3gico de la regi\u00f3n de los Llanos, promovi\u00e9ndose as\u00ed la cultura investigativa en el \u00e1rea agr\u00edcola y el intercambio acad\u00e9mico pr\u00e1ctico, lo que permiti\u00f3 a los j\u00f3venes discernir el valor de la ciencia aplicada en el fortalecimiento de la soberan\u00eda alimentaria y productiva.<\/span><\/p>\n<p>&nbsp;<\/p>\n<p>&nbsp;<\/p>\n<p style=\"text-align: justify;\"><span style=\"font-family: helvetica, arial, sans-serif; font-size: 18px;\">La Ruta Cient\u00edfica Juvenil responde a una iniciativa del Ministerio del Poder Popular para la Ciencia y Tecnolog\u00eda (Mincyt), la Gran Misi\u00f3n Ciencia, Tecnolog\u00eda e Innovaci\u00f3n Dr. Humberto Fern\u00e1ndez Mor\u00e1n (GMCTI), conjuntamente con la Gran Misi\u00f3n Venezuela Joven. En esta primera jornada, se acord\u00f3 promover la participaci\u00f3n activa de j\u00f3venes en proyectos cient\u00edficos vinculados al sector agroproductivo y difundir los resultados y aprendizajes de la jornada en espacios educativos y comunitarios.<\/span><\/p>\n<p>&nbsp;<\/p>\n<p>&nbsp;<\/p>\n<p style=\"text-align: justify;\"><span style=\"font-family: helvetica, arial, sans-serif; font-size: 18px;\">Con estas acciones, el Inces ratifica su misi\u00f3n de educar para la libertad, la justicia social y la construcci\u00f3n colectiva de oportunidades, a\u00fan en los entornos m\u00e1s desafiantes, con el objetivo de inspirar a las nuevas generaciones.<\/span><\/p>\n","protected":false},"excerpt":{"rendered":"<p>** Juventud del Inces de Gu\u00e1rico presente en esta iniciativa que busca despertar el inter\u00e9s en el campo cient\u00edfico<\/p>\n","protected":false},"author":15,"featured_media":69048,"comment_status":"closed","ping_status":"closed","sticky":false,"template":"","format":"standard","meta":{"footnotes":""},"categories":[2],"tags":[],"class_list":["post-69047","post","type-post","status-publish","format-standard","has-post-thumbnail","hentry","category-blog"],"_links":{"self":[{"href":"https:\/\/inces.gob.ve\/index.php\/wp-json\/wp\/v2\/posts\/69047","targetHints":{"allow":["GET"]}}],"collection":[{"href":"https:\/\/inces.gob.ve\/index.php\/wp-json\/wp\/v2\/posts"}],"about":[{"href":"https:\/\/inces.gob.ve\/index.php\/wp-json\/wp\/v2\/types\/post"}],"author":[{"embeddable":true,"href":"https:\/\/inces.gob.ve\/index.php\/wp-json\/wp\/v2\/users\/15"}],"replies":[{"embeddable":true,"href":"https:\/\/inces.gob.ve\/index.php\/wp-json\/wp\/v2\/comments?post=69047"}],"version-history":[{"count":1,"href":"https:\/\/inces.gob.ve\/index.php\/wp-json\/wp\/v2\/posts\/69047\/revisions"}],"predecessor-version":[{"id":69049,"href":"https:\/\/inces.gob.ve\/index.php\/wp-json\/wp\/v2\/posts\/69047\/revisions\/69049"}],"wp:featuredmedia":[{"embeddable":true,"href":"https:\/\/inces.gob.ve\/index.php\/wp-json\/wp\/v2\/media\/69048"}],"wp:attachment":[{"href":"https:\/\/inces.gob.ve\/index.php\/wp-json\/wp\/v2\/media?parent=69047"}],"wp:term":[{"taxonomy":"category","embeddable":true,"href":"https:\/\/inces.gob.ve\/index.php\/wp-json\/wp\/v2\/categories?post=69047"},{"taxonomy":"post_tag","embeddable":true,"href":"https:\/\/inces.gob.ve\/index.php\/wp-json\/wp\/v2\/tags?post=69047"}],"curies":[{"name":"wp","href":"https:\/\/api.w.org\/{rel}","templated":true}]}}