{"id":69076,"date":"2025-12-09T13:30:58","date_gmt":"2025-12-09T17:30:58","guid":{"rendered":"https:\/\/inces.gob.ve\/?p=69076"},"modified":"2025-12-09T13:35:30","modified_gmt":"2025-12-09T17:35:30","slug":"apure-avanza-la-recuperacion-del-mobiliario-formativo-en-el-inces","status":"publish","type":"post","link":"https:\/\/inces.gob.ve\/index.php\/2025\/12\/09\/apure-avanza-la-recuperacion-del-mobiliario-formativo-en-el-inces\/","title":{"rendered":"APURE | Avanza la recuperaci\u00f3n del mobiliario formativo en el Inces"},"content":{"rendered":"<p style=\"text-align: justify;\"><span style=\"font-family: helvetica, arial, sans-serif; font-size: 18px;\"><b><i>** Se realizaron\u00a0labores de corte, soldadura, pintura y barnizado<\/i><\/b><\/span><!--more--><\/p>\n<p>&nbsp;<\/p>\n<p style=\"text-align: justify;\"><span style=\"font-family: helvetica, arial, sans-serif; font-size: 18px;\">En esta temporada decembrina contin\u00faan los trabajos de recuperaci\u00f3n de mesas y sillas en el Instituto Nacional de Capacitaci\u00f3n y Educaci\u00f3n Socialista (Inces) en Apure.<\/span><\/p>\n<p>&nbsp;<\/p>\n<p style=\"text-align: justify;\"><span style=\"font-family: helvetica, arial, sans-serif; font-size: 18px;\">La gerencia regional Apure contin\u00faa equipando los espacios educativos, destacando la reciente producci\u00f3n de 24 mesas y la recuperaci\u00f3n de 24 sillas. Este mobiliario ser\u00e1 destinado a optimizar el ambiente de aprendizaje en el espacio de aprendizaje R\u00edo Arauca, ubicado en las instalaciones del Centro de Formaci\u00f3n Socialista San Fernando.<\/span><\/p>\n<p>&nbsp;<\/p>\n<p style=\"text-align: justify;\"><span style=\"font-family: helvetica, arial, sans-serif; font-size: 18px;\">La jornada de trabajo ha sido posible gracias al esfuerzo de la divisi\u00f3n de Infraestructura y Servicios adscrita a la gerencia regional. Este equipo de trabajo ha llevado a cabo labores de corte, soldadura, pintura y barnizado, lo que ha permitido la recuperaci\u00f3n efectiva de este mobiliario.<\/span><\/p>\n<p>&nbsp;<\/p>\n<p style=\"text-align: justify;\"><span style=\"font-family: helvetica, arial, sans-serif; font-size: 18px;\">Adem\u00e1s, estos trabajos de recuperaci\u00f3n y elaboraci\u00f3n de mobiliario continuar\u00e1n con el objetivo de ofrecer ambientes de calidad para beneficio de todos.<\/span><\/p>\n","protected":false},"excerpt":{"rendered":"<p>** Se realizaron\u00a0labores de corte, soldadura, pintura y barnizado<\/p>\n","protected":false},"author":15,"featured_media":64810,"comment_status":"closed","ping_status":"closed","sticky":false,"template":"","format":"standard","meta":{"footnotes":""},"categories":[2],"tags":[],"class_list":["post-69076","post","type-post","status-publish","format-standard","has-post-thumbnail","hentry","category-blog"],"_links":{"self":[{"href":"https:\/\/inces.gob.ve\/index.php\/wp-json\/wp\/v2\/posts\/69076","targetHints":{"allow":["GET"]}}],"collection":[{"href":"https:\/\/inces.gob.ve\/index.php\/wp-json\/wp\/v2\/posts"}],"about":[{"href":"https:\/\/inces.gob.ve\/index.php\/wp-json\/wp\/v2\/types\/post"}],"author":[{"embeddable":true,"href":"https:\/\/inces.gob.ve\/index.php\/wp-json\/wp\/v2\/users\/15"}],"replies":[{"embeddable":true,"href":"https:\/\/inces.gob.ve\/index.php\/wp-json\/wp\/v2\/comments?post=69076"}],"version-history":[{"count":1,"href":"https:\/\/inces.gob.ve\/index.php\/wp-json\/wp\/v2\/posts\/69076\/revisions"}],"predecessor-version":[{"id":69077,"href":"https:\/\/inces.gob.ve\/index.php\/wp-json\/wp\/v2\/posts\/69076\/revisions\/69077"}],"wp:featuredmedia":[{"embeddable":true,"href":"https:\/\/inces.gob.ve\/index.php\/wp-json\/wp\/v2\/media\/64810"}],"wp:attachment":[{"href":"https:\/\/inces.gob.ve\/index.php\/wp-json\/wp\/v2\/media?parent=69076"}],"wp:term":[{"taxonomy":"category","embeddable":true,"href":"https:\/\/inces.gob.ve\/index.php\/wp-json\/wp\/v2\/categories?post=69076"},{"taxonomy":"post_tag","embeddable":true,"href":"https:\/\/inces.gob.ve\/index.php\/wp-json\/wp\/v2\/tags?post=69076"}],"curies":[{"name":"wp","href":"https:\/\/api.w.org\/{rel}","templated":true}]}}