{"id":69094,"date":"2025-12-10T08:17:45","date_gmt":"2025-12-10T12:17:45","guid":{"rendered":"https:\/\/inces.gob.ve\/?p=69094"},"modified":"2025-12-10T08:17:45","modified_gmt":"2025-12-10T12:17:45","slug":"aragua-cierre-de-fase-teorica-de-aprendices-convenio-20-con-proyecto-de-sostenibilidad","status":"publish","type":"post","link":"https:\/\/inces.gob.ve\/index.php\/2025\/12\/10\/aragua-cierre-de-fase-teorica-de-aprendices-convenio-20-con-proyecto-de-sostenibilidad\/","title":{"rendered":"ARAGUA | Cierre de fase te\u00f3rica de aprendices convenio 20 con proyecto de sostenibilidad"},"content":{"rendered":"<div class=\"ds-message _63c77b1\">\n<div class=\"ds-markdown\">\n<p class=\"ds-markdown-paragraph\" style=\"text-align: justify;\"><span style=\"font-family: helvetica, arial, sans-serif; font-size: 18px;\"><em><strong>** El grupo de 18 j\u00f3venes del PNA culmin\u00f3 su fase te\u00f3rica de secretariado administrativo mostrando un innovador trabajo sobre reciclaje y conciencia ambiental<\/strong><\/em><\/span><\/p>\n<\/div>\n<p>&nbsp;<\/p>\n<\/div>\n<p><!--more--><\/p>\n<div><\/div>\n<div>\n<p>&nbsp;<\/p>\n<p class=\"ds-markdown-paragraph\" style=\"text-align: justify;\"><span style=\"font-family: helvetica, arial, sans-serif; font-size: 18px;\">DANA RODR\u00cdGUEZ <\/span><\/p>\n<p class=\"ds-markdown-paragraph\" style=\"text-align: justify;\"><span style=\"font-family: helvetica, arial, sans-serif; font-size: 18px;\">Desde el auditorio Sim\u00f3n Bol\u00edvar ubicado en la sede La Romana, el Instituto Nacional de Capacitaci\u00f3n y Educaci\u00f3n Socialista (Inces) realiz\u00f3 el acto de culminaci\u00f3n de la fase te\u00f3rica para los 18 aprendices que cursaron el convenio 20 en la especialidad de secretariado administrativo. La actividad celebr\u00f3 el cierre de una etapa formativa de este grupo, el cual present\u00f3 un proyecto centrado en la sostenibilidad ambiental, haciendo un llamado a la acci\u00f3n vivencial sobre la importancia del reciclaje y el compromiso ecol\u00f3gico. En la jornada estuvieron presentes la jefa del Programa Nacional de Aprendizaje, el jefe del Centro de Formaci\u00f3n Socialista Comercial Maracay, representantes de las entidades de trabajo y los padres y representantes de los j\u00f3venes.<\/span><\/p>\n<\/div>\n<p>&nbsp;<\/p>\n<p><img loading=\"lazy\" decoding=\"async\" class=\"aligncenter wp-image-69096 size-full\" src=\"https:\/\/inces.gob.ve\/wp-content\/uploads\/2025\/12\/1001063899-1-e1765369047405.jpg\" alt=\"\" width=\"650\" height=\"355\" srcset=\"https:\/\/inces.gob.ve\/wp-content\/uploads\/2025\/12\/1001063899-1-e1765369047405.jpg 650w, https:\/\/inces.gob.ve\/wp-content\/uploads\/2025\/12\/1001063899-1-e1765369047405-300x164.jpg 300w\" sizes=\"auto, (max-width: 650px) 100vw, 650px\" \/><\/p>\n<div>\n<p>&nbsp;<\/p>\n<p class=\"ds-markdown-paragraph\" style=\"text-align: justify;\"><span style=\"font-family: helvetica, arial, sans-serif; font-size: 18px;\">La facilitadora Rossire Medina explic\u00f3 que el proyecto presentado es una producci\u00f3n audiovisual creada para inspirar a la comunidad de j\u00f3venes en su misi\u00f3n educativa. El objetivo principal es sembrar un futuro sostenible, y la pieza muestra las actividades que los aprendices realizaron para alcanzar esta meta. La grabaci\u00f3n incluy\u00f3 visitas al zool\u00f3gico, paseos y una colaboraci\u00f3n con el equipo de turismo. Este material fue el resultado de un enfoque que combina la teor\u00eda con la experiencia vivencial, buscando que los j\u00f3venes no solo adquieran el conocimiento sino que lo incorporen a su d\u00eda a d\u00eda.<\/span><\/p>\n<p>&nbsp;<\/p>\n<p class=\"ds-markdown-paragraph\" style=\"text-align: justify;\"><span style=\"font-family: helvetica, arial, sans-serif; font-size: 18px;\">El convenio de secretariado administrativo fue un espacio donde la disciplina y el conocimiento se unieron para forjar nuevos profesionales. Como parte del proyecto ECO-LEGADO: \u00abSemilla de cambio\u00bb, los aprendices realizaron distintos souvenirs como gorras YARA, bolsitas ecol\u00f3gicas GARDEN, franelas AURA NATURAL y coolers AGUA VIDA.<\/span><\/p>\n<p>&nbsp;<\/p>\n<p class=\"ds-markdown-paragraph\" style=\"text-align: justify;\"><span style=\"font-family: helvetica, arial, sans-serif; font-size: 18px;\">El joven V\u00edctor Garc\u00eda, aprendiz del convenio 20 de secretariado administrativo, comparti\u00f3 su experiencia durante el acto de graduaci\u00f3n, destacando que su paso por el Inces fue de mucho aprendizaje. Al principio no ten\u00eda la esperanza de ser seleccionado, pero la instituci\u00f3n le abri\u00f3 las puertas para su formaci\u00f3n. Desde la primera clase vista, sinti\u00f3 que se estaba nutriendo de conocimiento, ya que el programa los encamin\u00f3 pidi\u00e9ndoles primero que se vieran en la vida futura. Esto lo ayud\u00f3 a identificarse y a saber qui\u00e9n era para luego definir qu\u00e9 quer\u00eda hacer a futuro, lo que marc\u00f3 un antes y un despu\u00e9s en su vida.<\/span><\/p>\n<\/div>\n<div class=\"ds-flex _0a3d93b\">\n<div class=\"ds-flex _965abe9 _54866f7\">\n<div class=\"db183363 ds-icon-button ds-icon-button--m ds-icon-button--sizing-container\" style=\"text-align: justify;\" tabindex=\"0\" role=\"button\" aria-disabled=\"false\">\n<div class=\"ds-icon-button__hover-bg\"><\/div>\n<div class=\"ds-icon\"><\/div>\n<div class=\"ds-focus-ring\"><\/div>\n<\/div>\n<div class=\"db183363 ds-icon-button ds-icon-button--m ds-icon-button--sizing-container\" style=\"text-align: justify;\" tabindex=\"0\" role=\"button\" aria-disabled=\"false\">\n<div class=\"ds-icon-button__hover-bg\"><\/div>\n<div class=\"ds-icon\"><\/div>\n<div class=\"ds-focus-ring\"><\/div>\n<\/div>\n<div class=\"db183363 ds-icon-button ds-icon-button--m ds-icon-button--sizing-container\" style=\"text-align: justify;\" tabindex=\"0\" role=\"button\" aria-disabled=\"false\">\n<div class=\"ds-icon-button__hover-bg\"><\/div>\n<div class=\"ds-icon\"><\/div>\n<div class=\"ds-focus-ring\"><\/div>\n<\/div>\n<div class=\"db183363 ds-icon-button ds-icon-button--m ds-icon-button--sizing-container\" style=\"text-align: justify;\" tabindex=\"0\" role=\"button\" aria-disabled=\"false\">\n<div class=\"ds-icon-button__hover-bg\"><\/div>\n<div class=\"ds-icon\"><\/div>\n<div class=\"ds-focus-ring\"><\/div>\n<\/div>\n<div class=\"db183363 ds-icon-button ds-icon-button--m ds-icon-button--sizing-container\" tabindex=\"0\" role=\"button\" aria-disabled=\"false\">\n<div class=\"ds-icon-button__hover-bg\" style=\"text-align: justify;\"><\/div>\n<div class=\"ds-icon\" style=\"text-align: justify;\"><\/div>\n<\/div>\n<\/div>\n<\/div>\n","protected":false},"excerpt":{"rendered":"<p>** El grupo de 18 j\u00f3venes del PNA culmin\u00f3 su fase te\u00f3rica de secretariado administrativo mostrando un innovador trabajo sobre reciclaje y conciencia ambiental &nbsp;<\/p>\n","protected":false},"author":4,"featured_media":69095,"comment_status":"closed","ping_status":"closed","sticky":false,"template":"","format":"standard","meta":{"footnotes":""},"categories":[2],"tags":[],"class_list":["post-69094","post","type-post","status-publish","format-standard","has-post-thumbnail","hentry","category-blog"],"_links":{"self":[{"href":"https:\/\/inces.gob.ve\/index.php\/wp-json\/wp\/v2\/posts\/69094","targetHints":{"allow":["GET"]}}],"collection":[{"href":"https:\/\/inces.gob.ve\/index.php\/wp-json\/wp\/v2\/posts"}],"about":[{"href":"https:\/\/inces.gob.ve\/index.php\/wp-json\/wp\/v2\/types\/post"}],"author":[{"embeddable":true,"href":"https:\/\/inces.gob.ve\/index.php\/wp-json\/wp\/v2\/users\/4"}],"replies":[{"embeddable":true,"href":"https:\/\/inces.gob.ve\/index.php\/wp-json\/wp\/v2\/comments?post=69094"}],"version-history":[{"count":1,"href":"https:\/\/inces.gob.ve\/index.php\/wp-json\/wp\/v2\/posts\/69094\/revisions"}],"predecessor-version":[{"id":69097,"href":"https:\/\/inces.gob.ve\/index.php\/wp-json\/wp\/v2\/posts\/69094\/revisions\/69097"}],"wp:featuredmedia":[{"embeddable":true,"href":"https:\/\/inces.gob.ve\/index.php\/wp-json\/wp\/v2\/media\/69095"}],"wp:attachment":[{"href":"https:\/\/inces.gob.ve\/index.php\/wp-json\/wp\/v2\/media?parent=69094"}],"wp:term":[{"taxonomy":"category","embeddable":true,"href":"https:\/\/inces.gob.ve\/index.php\/wp-json\/wp\/v2\/categories?post=69094"},{"taxonomy":"post_tag","embeddable":true,"href":"https:\/\/inces.gob.ve\/index.php\/wp-json\/wp\/v2\/tags?post=69094"}],"curies":[{"name":"wp","href":"https:\/\/api.w.org\/{rel}","templated":true}]}}