{"id":69101,"date":"2025-12-10T08:31:11","date_gmt":"2025-12-10T12:31:11","guid":{"rendered":"https:\/\/inces.gob.ve\/?p=69101"},"modified":"2025-12-10T08:31:11","modified_gmt":"2025-12-10T12:31:11","slug":"estudiantes-de-la-aldea-andres-bello-aprenden-la-tecnica-con-el-inces","status":"publish","type":"post","link":"https:\/\/inces.gob.ve\/index.php\/2025\/12\/10\/estudiantes-de-la-aldea-andres-bello-aprenden-la-tecnica-con-el-inces\/","title":{"rendered":"Estudiantes de la Aldea Andr\u00e9s Bello aprenden la t\u00e9cnica con el Inces"},"content":{"rendered":"<p class=\"ds-markdown-paragraph\" style=\"text-align: justify;\"><em><span style=\"font-family: helvetica, arial, sans-serif; font-size: 18px;\"><strong>** Son treinta participantes que adquieren conocimientos para gestionar conflictos<\/strong><\/span><\/em><!--more--><\/p>\n<p style=\"text-align: justify;\">\n<p style=\"text-align: justify;\">\n<p class=\"ds-markdown-paragraph\" style=\"text-align: justify;\"><span style=\"font-family: helvetica, arial, sans-serif; font-size: 18px;\"><strong>MIRIAM GONZ\u00c1LEZ VILLARROEL<\/strong><\/span><\/p>\n<p class=\"ds-markdown-paragraph\" style=\"text-align: justify;\"><span style=\"font-family: helvetica, arial, sans-serif; font-size: 18px;\">El Centro de Formaci\u00f3n Socialista (CFS) Al\u00ed Primera del Instituto Nacional de Capacitaci\u00f3n y Educaci\u00f3n Socialista (Inces) lleg\u00f3 con formaci\u00f3n t\u00e9cnica profesional a la sede de la Misi\u00f3n Sucre, aldea Andr\u00e9s Bello, con la finalidad de contribuir con la formaci\u00f3n integral de 30 estudiantes, como parte del convenio entre el Ministerio del Poder Popular para el Proceso Social de Trabajo (Mpppst) y el Ministerio del Poder Popular para la Educaci\u00f3n Universitaria (Mpppeu).<\/span><\/p>\n<p>&nbsp;<\/p>\n<p class=\"ds-markdown-paragraph\" style=\"text-align: justify;\"><span style=\"font-family: helvetica, arial, sans-serif; font-size: 18px;\">En este contexto, con la experiencia y conocimientos del maestro t\u00e9cnico productivo (MTP) Luis Fernando Cordero, se realiz\u00f3 la segunda unidad curricular: Herramientas Integradoras para la Resoluci\u00f3n de Conflictos, correspondiente al perfil productivo laboral Gestor Empresarial de Talento Humano.<\/span><\/p>\n<p>&nbsp;<\/p>\n<p class=\"ds-markdown-paragraph\" style=\"text-align: justify;\"><span style=\"font-family: helvetica, arial, sans-serif; font-size: 18px;\">Se\u00f1al\u00f3 Cordero que la actividad cont\u00f3 con un excelente ambiente de participaci\u00f3n por parte de estudiantes y docentes de los Programas Nacionales de Formaci\u00f3n (PNF) en Educaci\u00f3n y Comunicaci\u00f3n Social de la aldea universitaria Andr\u00e9s Bello.<\/span><\/p>\n<p>&nbsp;<\/p>\n<p class=\"ds-markdown-paragraph\" style=\"text-align: justify;\"><span style=\"font-family: helvetica, arial, sans-serif; font-size: 18px;\">La jornada gener\u00f3 grandes expectativas y fue calificada como un escenario id\u00f3neo para abordar temas cruciales, que contribuyen directamente a la formaci\u00f3n de l\u00edderes y gerentes capaces de mediar y gestionar eficazmente los conflictos dentro de las entidades de trabajo.<\/span><\/p>\n<p>&nbsp;<\/p>\n<p class=\"ds-markdown-paragraph\" style=\"text-align: justify;\"><span style=\"font-family: helvetica, arial, sans-serif; font-size: 18px;\">Con estas acciones, el CFS Al\u00ed Primera del Inces reafirma el compromiso de dotar a los futuros profesionales con competencias blandas esenciales para el desarrollo productivo y la convivencia laboral.<\/span><\/p>\n","protected":false},"excerpt":{"rendered":"<p>** Son treinta participantes que adquieren conocimientos para gestionar conflictos<\/p>\n","protected":false},"author":4,"featured_media":69102,"comment_status":"closed","ping_status":"closed","sticky":false,"template":"","format":"standard","meta":{"footnotes":""},"categories":[2],"tags":[],"class_list":["post-69101","post","type-post","status-publish","format-standard","has-post-thumbnail","hentry","category-blog"],"_links":{"self":[{"href":"https:\/\/inces.gob.ve\/index.php\/wp-json\/wp\/v2\/posts\/69101","targetHints":{"allow":["GET"]}}],"collection":[{"href":"https:\/\/inces.gob.ve\/index.php\/wp-json\/wp\/v2\/posts"}],"about":[{"href":"https:\/\/inces.gob.ve\/index.php\/wp-json\/wp\/v2\/types\/post"}],"author":[{"embeddable":true,"href":"https:\/\/inces.gob.ve\/index.php\/wp-json\/wp\/v2\/users\/4"}],"replies":[{"embeddable":true,"href":"https:\/\/inces.gob.ve\/index.php\/wp-json\/wp\/v2\/comments?post=69101"}],"version-history":[{"count":1,"href":"https:\/\/inces.gob.ve\/index.php\/wp-json\/wp\/v2\/posts\/69101\/revisions"}],"predecessor-version":[{"id":69103,"href":"https:\/\/inces.gob.ve\/index.php\/wp-json\/wp\/v2\/posts\/69101\/revisions\/69103"}],"wp:featuredmedia":[{"embeddable":true,"href":"https:\/\/inces.gob.ve\/index.php\/wp-json\/wp\/v2\/media\/69102"}],"wp:attachment":[{"href":"https:\/\/inces.gob.ve\/index.php\/wp-json\/wp\/v2\/media?parent=69101"}],"wp:term":[{"taxonomy":"category","embeddable":true,"href":"https:\/\/inces.gob.ve\/index.php\/wp-json\/wp\/v2\/categories?post=69101"},{"taxonomy":"post_tag","embeddable":true,"href":"https:\/\/inces.gob.ve\/index.php\/wp-json\/wp\/v2\/tags?post=69101"}],"curies":[{"name":"wp","href":"https:\/\/api.w.org\/{rel}","templated":true}]}}