{"id":69104,"date":"2025-12-10T10:53:34","date_gmt":"2025-12-10T14:53:34","guid":{"rendered":"https:\/\/inces.gob.ve\/?p=69104"},"modified":"2025-12-10T10:56:44","modified_gmt":"2025-12-10T14:56:44","slug":"falcon-mas-de-150-participantes-de-la-comuna-juan-villasmil-protagonizaron-muestra-productiva","status":"publish","type":"post","link":"https:\/\/inces.gob.ve\/index.php\/2025\/12\/10\/falcon-mas-de-150-participantes-de-la-comuna-juan-villasmil-protagonizaron-muestra-productiva\/","title":{"rendered":"FALC\u00d3N | M\u00e1s de 150 participantes de la comuna Juan Villasmil protagonizaron muestra productiva"},"content":{"rendered":"<p style=\"text-align: justify;\"><span style=\"font-family: helvetica, arial, sans-serif; font-size: 18px;\"><em><strong>** Acciones que se realizan dando cumplimiento a los lineamientos de las 7T y las 5 l\u00edneas estrat\u00e9gicas del Inces enfocadas en el \u00e1mbito comunal<\/strong><\/em><!--more--><\/span><\/p>\n<p>&nbsp;<\/p>\n<p style=\"text-align: justify;\"><span style=\"font-family: helvetica, arial, sans-serif; font-size: 18px;\">MIRIAM GONZ\u00c1LEZ VILLARROEL<\/span><\/p>\n<p style=\"text-align: justify;\"><span style=\"font-family: helvetica, arial, sans-serif; font-size: 18px;\">Ciento cincuenta mujeres y hombres integrantes de la Comuna Socialista Juan Villasmil de la parroquia Punta Card\u00f3n, municipio Carirubana de la ciudad de Punto Fijo, protagonizaron una significativa muestra productiva, en la cual expusieron los conocimientos obtenidos a trav\u00e9s de la atenci\u00f3n formativa que les ofreci\u00f3 el Instituto Nacional de Capacitaci\u00f3n y Educaci\u00f3n Socialista (Inces).<\/span><\/p>\n<p>&nbsp;<\/p>\n<p>&nbsp;<\/p>\n<p><img loading=\"lazy\" decoding=\"async\" class=\"aligncenter wp-image-69111 size-full\" src=\"https:\/\/inces.gob.ve\/wp-content\/uploads\/2025\/12\/COMUNA-JUAN-VILLASMIL-1.jpg\" alt=\"\" width=\"800\" height=\"600\" srcset=\"https:\/\/inces.gob.ve\/wp-content\/uploads\/2025\/12\/COMUNA-JUAN-VILLASMIL-1.jpg 800w, https:\/\/inces.gob.ve\/wp-content\/uploads\/2025\/12\/COMUNA-JUAN-VILLASMIL-1-300x225.jpg 300w, https:\/\/inces.gob.ve\/wp-content\/uploads\/2025\/12\/COMUNA-JUAN-VILLASMIL-1-768x576.jpg 768w, https:\/\/inces.gob.ve\/wp-content\/uploads\/2025\/12\/COMUNA-JUAN-VILLASMIL-1-136x102.jpg 136w\" sizes=\"auto, (max-width: 800px) 100vw, 800px\" \/><\/p>\n<p>&nbsp;<\/p>\n<p style=\"text-align: justify;\"><span style=\"font-family: helvetica, arial, sans-serif; font-size: 18px;\">El evento, celebrado en las instalaciones de la Escuela Nacional Hilda Leonor Garc\u00eda, con sede en Ciudad Federaci\u00f3n, sirvi\u00f3 para socializar los conocimientos y habilidades adquiridas en los procesos formativos dirigidos por el Inces a trav\u00e9s del centro de formaci\u00f3n socialista (CFS) Al\u00ed Primera.<\/span><\/p>\n<p>&nbsp;<\/p>\n<p><img loading=\"lazy\" decoding=\"async\" class=\"aligncenter wp-image-69107 size-full\" src=\"https:\/\/inces.gob.ve\/wp-content\/uploads\/2025\/12\/COMUNA-JUAN-VILLASMIL-5.jpg\" alt=\"\" width=\"800\" height=\"600\" srcset=\"https:\/\/inces.gob.ve\/wp-content\/uploads\/2025\/12\/COMUNA-JUAN-VILLASMIL-5.jpg 800w, https:\/\/inces.gob.ve\/wp-content\/uploads\/2025\/12\/COMUNA-JUAN-VILLASMIL-5-300x225.jpg 300w, https:\/\/inces.gob.ve\/wp-content\/uploads\/2025\/12\/COMUNA-JUAN-VILLASMIL-5-768x576.jpg 768w, https:\/\/inces.gob.ve\/wp-content\/uploads\/2025\/12\/COMUNA-JUAN-VILLASMIL-5-136x102.jpg 136w\" sizes=\"auto, (max-width: 800px) 100vw, 800px\" \/><\/p>\n<p style=\"text-align: justify;\"><span style=\"font-family: helvetica, arial, sans-serif; font-size: 18px;\">El jefe del CFS Al\u00ed Primera, Elis Colina, resalt\u00f3 el trabajo articulado y permanente entre el Inces y la Comuna Socialista Juan Villasmil, representada por Yuly Matos. Explic\u00f3 que, desde principios de agosto de 2025 y tras un arduo proceso de indagaci\u00f3n y caracterizaci\u00f3n comunal, se desarrollaron perfiles productivos laborales de alta demanda: Inspector de Seguridad y Salud Laboral, Peluquero, Confecci\u00f3n de Uniformes, Marketing Digital y Barbero.<\/span><\/p>\n<p>&nbsp;<\/p>\n<p><img loading=\"lazy\" decoding=\"async\" class=\"aligncenter wp-image-69106 size-full\" src=\"https:\/\/inces.gob.ve\/wp-content\/uploads\/2025\/12\/COMUNA-JUAN-VILLASMIL-6.jpg\" alt=\"\" width=\"800\" height=\"600\" srcset=\"https:\/\/inces.gob.ve\/wp-content\/uploads\/2025\/12\/COMUNA-JUAN-VILLASMIL-6.jpg 800w, https:\/\/inces.gob.ve\/wp-content\/uploads\/2025\/12\/COMUNA-JUAN-VILLASMIL-6-300x225.jpg 300w, https:\/\/inces.gob.ve\/wp-content\/uploads\/2025\/12\/COMUNA-JUAN-VILLASMIL-6-768x576.jpg 768w, https:\/\/inces.gob.ve\/wp-content\/uploads\/2025\/12\/COMUNA-JUAN-VILLASMIL-6-136x102.jpg 136w\" sizes=\"auto, (max-width: 800px) 100vw, 800px\" \/><\/p>\n<p style=\"text-align: justify;\"><span style=\"font-family: helvetica, arial, sans-serif; font-size: 18px;\">Colina inform\u00f3 que los 150 participantes culminaron con \u00e9xito unidades curriculares pertinentes, destacando el rol crucial de los maestros t\u00e9cnicos productivos y maestros t\u00e9cnicos voluntarios en el proceso de ense\u00f1anza-aprendizaje.<\/span><\/p>\n<p style=\"text-align: justify;\"><span style=\"font-family: helvetica, arial, sans-serif; font-size: 18px;\">Adem\u00e1s, resalt\u00f3 que la mayor\u00eda de los maestros voluntarios fueron seleccionados de la misma comunidad, recibiendo seguimiento y preparaci\u00f3n directa desde el CFS Al\u00ed Primera. \u00abCon estas acciones, se cumple uno de los lineamientos de las 7T y las 5 l\u00edneas estrat\u00e9gicas del Inces, enfocadas en el \u00e1mbito comunal\u00bb.<\/span><\/p>\n<p>&nbsp;<\/p>\n<p><img loading=\"lazy\" decoding=\"async\" class=\"aligncenter wp-image-69109 size-full\" src=\"https:\/\/inces.gob.ve\/wp-content\/uploads\/2025\/12\/COMUNA-JUAN-VILLASMIL-3.jpg\" alt=\"\" width=\"800\" height=\"723\" srcset=\"https:\/\/inces.gob.ve\/wp-content\/uploads\/2025\/12\/COMUNA-JUAN-VILLASMIL-3.jpg 800w, https:\/\/inces.gob.ve\/wp-content\/uploads\/2025\/12\/COMUNA-JUAN-VILLASMIL-3-300x271.jpg 300w, https:\/\/inces.gob.ve\/wp-content\/uploads\/2025\/12\/COMUNA-JUAN-VILLASMIL-3-768x694.jpg 768w\" sizes=\"auto, (max-width: 800px) 100vw, 800px\" \/><\/p>\n<p style=\"text-align: justify;\"><span style=\"font-family: helvetica, arial, sans-serif; font-size: 18px;\">En este sentido, el jefe de Formaci\u00f3n y Autoformaci\u00f3n Profesional del Inces, Jorge Luis Guzm\u00e1n, quien tambi\u00e9n estuvo en representaci\u00f3n de la gerente regional, Eneyda Mart\u00ednez Rodr\u00edguez, precis\u00f3: \u00abDesde el Inces se est\u00e1 dando respaldo al poder popular para que se empodere de aprendizajes productivos y emprenda\u00bb.<\/span><\/p>\n<p>&nbsp;<\/p>\n<p><img loading=\"lazy\" decoding=\"async\" class=\"aligncenter wp-image-69105 size-full\" src=\"https:\/\/inces.gob.ve\/wp-content\/uploads\/2025\/12\/COMUNA-JUAN-VILLASMIL-7.jpg\" alt=\"\" width=\"800\" height=\"466\" srcset=\"https:\/\/inces.gob.ve\/wp-content\/uploads\/2025\/12\/COMUNA-JUAN-VILLASMIL-7.jpg 800w, https:\/\/inces.gob.ve\/wp-content\/uploads\/2025\/12\/COMUNA-JUAN-VILLASMIL-7-300x175.jpg 300w, https:\/\/inces.gob.ve\/wp-content\/uploads\/2025\/12\/COMUNA-JUAN-VILLASMIL-7-768x447.jpg 768w\" sizes=\"auto, (max-width: 800px) 100vw, 800px\" \/><\/p>\n<p style=\"text-align: justify;\"><span style=\"font-family: helvetica, arial, sans-serif; font-size: 18px;\">Guzm\u00e1n destac\u00f3 la importancia de avanzar en la formaci\u00f3n t\u00e9cnica profesional de las comunidades y salud\u00f3 efusivamente a la comuna, resaltando la necesidad de empoderarse de los aprendizajes productivos para construir juntos y apostar al desarrollo econ\u00f3mico de la regi\u00f3n.<\/span><\/p>\n","protected":false},"excerpt":{"rendered":"<p>** Acciones que se realizan dando cumplimiento a los lineamientos de las 7T y las 5 l\u00edneas estrat\u00e9gicas del Inces enfocadas en el \u00e1mbito comunal<\/p>\n","protected":false},"author":15,"featured_media":69108,"comment_status":"closed","ping_status":"closed","sticky":false,"template":"","format":"standard","meta":{"footnotes":""},"categories":[2],"tags":[],"class_list":["post-69104","post","type-post","status-publish","format-standard","has-post-thumbnail","hentry","category-blog"],"_links":{"self":[{"href":"https:\/\/inces.gob.ve\/index.php\/wp-json\/wp\/v2\/posts\/69104","targetHints":{"allow":["GET"]}}],"collection":[{"href":"https:\/\/inces.gob.ve\/index.php\/wp-json\/wp\/v2\/posts"}],"about":[{"href":"https:\/\/inces.gob.ve\/index.php\/wp-json\/wp\/v2\/types\/post"}],"author":[{"embeddable":true,"href":"https:\/\/inces.gob.ve\/index.php\/wp-json\/wp\/v2\/users\/15"}],"replies":[{"embeddable":true,"href":"https:\/\/inces.gob.ve\/index.php\/wp-json\/wp\/v2\/comments?post=69104"}],"version-history":[{"count":4,"href":"https:\/\/inces.gob.ve\/index.php\/wp-json\/wp\/v2\/posts\/69104\/revisions"}],"predecessor-version":[{"id":69115,"href":"https:\/\/inces.gob.ve\/index.php\/wp-json\/wp\/v2\/posts\/69104\/revisions\/69115"}],"wp:featuredmedia":[{"embeddable":true,"href":"https:\/\/inces.gob.ve\/index.php\/wp-json\/wp\/v2\/media\/69108"}],"wp:attachment":[{"href":"https:\/\/inces.gob.ve\/index.php\/wp-json\/wp\/v2\/media?parent=69104"}],"wp:term":[{"taxonomy":"category","embeddable":true,"href":"https:\/\/inces.gob.ve\/index.php\/wp-json\/wp\/v2\/categories?post=69104"},{"taxonomy":"post_tag","embeddable":true,"href":"https:\/\/inces.gob.ve\/index.php\/wp-json\/wp\/v2\/tags?post=69104"}],"curies":[{"name":"wp","href":"https:\/\/api.w.org\/{rel}","templated":true}]}}