{"id":69116,"date":"2025-12-10T11:05:32","date_gmt":"2025-12-10T15:05:32","guid":{"rendered":"https:\/\/inces.gob.ve\/?p=69116"},"modified":"2025-12-10T11:08:50","modified_gmt":"2025-12-10T15:08:50","slug":"merida-emci-egresa-a-22-nuevos-participantes-en-locucion-basica","status":"publish","type":"post","link":"https:\/\/inces.gob.ve\/index.php\/2025\/12\/10\/merida-emci-egresa-a-22-nuevos-participantes-en-locucion-basica\/","title":{"rendered":"M\u00c9RIDA | EMCI egresa a 22 nuevos participantes en Locuci\u00f3n B\u00e1sica"},"content":{"rendered":"<p style=\"font-weight: 400; text-align: justify;\"><span style=\"font-family: helvetica, arial, sans-serif; font-size: 18px;\"><em><strong>** Los participantes de este taller forman parte de periodistas, profesionales, estudiantes y p\u00fablico en general vinculados a la comunicaci\u00f3n<\/strong><\/em><!--more--><\/span><\/p>\n<p>&nbsp;<\/p>\n<p style=\"font-weight: 400; text-align: justify;\"><span style=\"font-family: helvetica, arial, sans-serif; font-size: 18px;\"><strong>NADIA LOBO<\/strong><\/span><\/p>\n<p style=\"font-weight: 400; text-align: justify;\"><span style=\"font-family: helvetica, arial, sans-serif; font-size: 18px;\">La gerencia del Instituto Nacional de Capacitaci\u00f3n y Educaci\u00f3n Socialista (Inces) en M\u00e9rida, a trav\u00e9s de la Escuela de Medios y Comunicaci\u00f3n del Inces (EMCI), egres\u00f3 a 22 participantes del taller de Locuci\u00f3n B\u00e1sica, dot\u00e1ndolos de la t\u00e9cnica y las habilidades para continuar como profesionales de la radiodifusi\u00f3n.<\/span><\/p>\n<p>&nbsp;<\/p>\n<p><img loading=\"lazy\" decoding=\"async\" class=\"aligncenter wp-image-69122 size-full\" src=\"https:\/\/inces.gob.ve\/wp-content\/uploads\/2025\/12\/RADIO-5-e1765378913988.jpg\" alt=\"\" width=\"800\" height=\"600\" \/><\/p>\n<p style=\"font-weight: 400; text-align: justify;\"><span style=\"font-family: helvetica, arial, sans-serif; font-size: 18px;\">La formaci\u00f3n se desarroll\u00f3 en la biblioteca de la Imprenta del Estado M\u00e9rida (IMMECA) bajo el acompa\u00f1amiento del maestro y periodista Giovanny Barboza, quien destac\u00f3 que el taller permiti\u00f3 transmitir conocimientos, destrezas y habilidades en t\u00e9cnicas de la voz, mejorar la dicci\u00f3n, utilizar una correcta respiraci\u00f3n, as\u00ed como la buena manipulaci\u00f3n del micr\u00f3fono, la producci\u00f3n radial y la forma correcta para redactar el gui\u00f3n t\u00e9cnico y literario.<\/span><\/p>\n<p>&nbsp;<\/p>\n<p><img loading=\"lazy\" decoding=\"async\" class=\"aligncenter wp-image-69121 size-full\" src=\"https:\/\/inces.gob.ve\/wp-content\/uploads\/2025\/12\/RADIO-6-e1765378951259.jpg\" alt=\"\" width=\"800\" height=\"600\" \/><\/p>\n<p style=\"font-weight: 400; text-align: justify;\"><span style=\"font-family: helvetica, arial, sans-serif; font-size: 18px;\">Tambi\u00e9n se cont\u00f3 con la participaci\u00f3n de profesionales de la radiodifusi\u00f3n meride\u00f1a, como Ignacio Ochoa e Iv\u00e1n Alfonso Rivera, quienes compartieron con los estudiantes t\u00e9cnicas, destrezas, experiencias y trayectoria en los medios de comunicaci\u00f3n, con especial atenci\u00f3n en la radio.<\/span><\/p>\n<p>&nbsp;<\/p>\n<p><img loading=\"lazy\" decoding=\"async\" class=\"aligncenter wp-image-69123 size-full\" src=\"https:\/\/inces.gob.ve\/wp-content\/uploads\/2025\/12\/RADIO-2-e1765378983942.jpg\" alt=\"\" width=\"800\" height=\"600\" \/><\/p>\n<p>&nbsp;<\/p>\n<p style=\"font-weight: 400; text-align: justify;\"><span style=\"font-family: helvetica, arial, sans-serif; font-size: 18px;\">\u201cDurante la formaci\u00f3n se desarrollaron habilidades de una buena lectura, con abundante l\u00e9xico; adquirieron una buena comprensi\u00f3n del lenguaje en radio; tambi\u00e9n la importancia de la educaci\u00f3n del locutor, la animaci\u00f3n, el marco jur\u00eddico constitucional, la Ley de Responsabilidad en Radio, Televisi\u00f3n y Medios Afines, entre otros temas de gran importancia que contempla este taller b\u00e1sico\u201d, explic\u00f3 Barboza.<\/span><\/p>\n<p>&nbsp;<\/p>\n<p><img loading=\"lazy\" decoding=\"async\" class=\"aligncenter wp-image-69120 size-full\" src=\"https:\/\/inces.gob.ve\/wp-content\/uploads\/2025\/12\/RADIO-8-e1765379010401.jpg\" alt=\"\" width=\"800\" height=\"600\" \/><\/p>\n<p>&nbsp;<\/p>\n<p style=\"font-weight: 400; text-align: justify;\"><span style=\"font-family: helvetica, arial, sans-serif; font-size: 18px;\">Es importante destacar que los participantes, adem\u00e1s de la formaci\u00f3n te\u00f3rica, tambi\u00e9n desarrollaron la pr\u00e1ctica directamente en la cabina de radio, gracias al apoyo del equipo de profesionales de la emisora YVKE Mundial Los Andes, quienes, bajo la direcci\u00f3n de Carlos Su\u00e1rez, lograron presentar el gui\u00f3n de su propio programa, musicalizaron y grabaron sus voces, siendo una experiencia muy satisfactoria para los egresados de la EMCI.<\/span><\/p>\n<p style=\"font-weight: 400; text-align: justify;\"><img loading=\"lazy\" decoding=\"async\" class=\"aligncenter wp-image-69118 size-full\" src=\"https:\/\/inces.gob.ve\/wp-content\/uploads\/2025\/12\/RADIO-14-e1765379043258.jpg\" alt=\"\" width=\"800\" height=\"600\" \/><\/p>\n<p style=\"font-weight: 400;\">\n","protected":false},"excerpt":{"rendered":"<p>** Los participantes de este taller forman parte de periodistas, profesionales, estudiantes y p\u00fablico en general vinculados a la comunicaci\u00f3n<\/p>\n","protected":false},"author":15,"featured_media":69124,"comment_status":"closed","ping_status":"closed","sticky":false,"template":"","format":"standard","meta":{"footnotes":""},"categories":[2],"tags":[],"class_list":["post-69116","post","type-post","status-publish","format-standard","has-post-thumbnail","hentry","category-blog"],"_links":{"self":[{"href":"https:\/\/inces.gob.ve\/index.php\/wp-json\/wp\/v2\/posts\/69116","targetHints":{"allow":["GET"]}}],"collection":[{"href":"https:\/\/inces.gob.ve\/index.php\/wp-json\/wp\/v2\/posts"}],"about":[{"href":"https:\/\/inces.gob.ve\/index.php\/wp-json\/wp\/v2\/types\/post"}],"author":[{"embeddable":true,"href":"https:\/\/inces.gob.ve\/index.php\/wp-json\/wp\/v2\/users\/15"}],"replies":[{"embeddable":true,"href":"https:\/\/inces.gob.ve\/index.php\/wp-json\/wp\/v2\/comments?post=69116"}],"version-history":[{"count":2,"href":"https:\/\/inces.gob.ve\/index.php\/wp-json\/wp\/v2\/posts\/69116\/revisions"}],"predecessor-version":[{"id":69126,"href":"https:\/\/inces.gob.ve\/index.php\/wp-json\/wp\/v2\/posts\/69116\/revisions\/69126"}],"wp:featuredmedia":[{"embeddable":true,"href":"https:\/\/inces.gob.ve\/index.php\/wp-json\/wp\/v2\/media\/69124"}],"wp:attachment":[{"href":"https:\/\/inces.gob.ve\/index.php\/wp-json\/wp\/v2\/media?parent=69116"}],"wp:term":[{"taxonomy":"category","embeddable":true,"href":"https:\/\/inces.gob.ve\/index.php\/wp-json\/wp\/v2\/categories?post=69116"},{"taxonomy":"post_tag","embeddable":true,"href":"https:\/\/inces.gob.ve\/index.php\/wp-json\/wp\/v2\/tags?post=69116"}],"curies":[{"name":"wp","href":"https:\/\/api.w.org\/{rel}","templated":true}]}}