{"id":69129,"date":"2025-12-10T11:34:14","date_gmt":"2025-12-10T15:34:14","guid":{"rendered":"https:\/\/inces.gob.ve\/?p=69129"},"modified":"2025-12-10T13:40:43","modified_gmt":"2025-12-10T17:40:43","slug":"el-inces-se-relaciona-con-las-vomunas-a-traves-del-conversatorio-comuna-rendicion-de-cuentas-y-contraloria","status":"publish","type":"post","link":"https:\/\/inces.gob.ve\/index.php\/2025\/12\/10\/el-inces-se-relaciona-con-las-vomunas-a-traves-del-conversatorio-comuna-rendicion-de-cuentas-y-contraloria\/","title":{"rendered":"El Inces se relaciona con las comunas a trav\u00e9s del conversatorio \u00abComuna, Rendici\u00f3n de Cuentas y Contralor\u00eda\u00bb"},"content":{"rendered":"<p style=\"text-align: justify;\"><span style=\"font-family: helvetica, arial, sans-serif; font-size: 18px;\"><em><strong>\u00abLleg\u00f3 el momento del impulso a los proyectos productivos de las Comunas\u00bb. Nicol\u00e1s Maduro<\/strong><\/em><!--more--><\/span><\/p>\n<p>&nbsp;<\/p>\n<p style=\"text-align: justify;\"><span style=\"font-family: helvetica, arial, sans-serif; font-size: 18px;\">DIMAS P\u00c1EZ<\/span><\/p>\n<p><span style=\"font-family: helvetica, arial, sans-serif; font-size: 18px;\">F\/Rafael Urbina\u00a0<\/span><\/p>\n<p style=\"text-align: justify;\"><span style=\"font-family: helvetica, arial, sans-serif; font-size: 18px;\">El Instituto Nacional de Capacitaci\u00f3n y Educaci\u00f3n Socialista (Inces), a trav\u00e9s de la Gerencia General de Auditor\u00eda Interna (OAI) y su gerente Carlos J. Rodr\u00edguez H., realiz\u00f3 el conversatorio \u00abComuna, Rendici\u00f3n de Cuentas y Contralor\u00eda\u00bb al personal de la Oficina de Auditor\u00eda Interna (OAI), con el objetivo de que estos \u00faltimos se conviertan en agentes multiplicadores para los integrantes de las comunas.<\/span><\/p>\n<p>&nbsp;<\/p>\n<p><img loading=\"lazy\" decoding=\"async\" class=\"aligncenter wp-image-69134 size-full\" src=\"https:\/\/inces.gob.ve\/wp-content\/uploads\/2025\/12\/DSC_1610-scaled-e1765380032150.jpg\" alt=\"\" width=\"800\" height=\"536\" \/><\/p>\n<p style=\"text-align: justify;\"><span style=\"font-family: helvetica, arial, sans-serif; font-size: 18px;\">El conversatorio se realiz\u00f3 en el piso 10 del edificio sede del Inces, en las instalaciones de la OAI, contando con la presencia del facilitador, licenciado Jos\u00e9 Benavides Hern\u00e1ndez, el personal de auditor\u00eda del Inces y trabajadores de la oficina, quienes se organizaron para llevar estos nuevos conocimientos a los miembros de las comunas. Esto con la finalidad de que lleven de una manera clara y organizada los gastos que realicen las comunas con los presupuestos asignados por el gobierno nacional en su presentaci\u00f3n de memorias y cuentas.<\/span><\/p>\n<p>&nbsp;<\/p>\n<p><img loading=\"lazy\" decoding=\"async\" class=\"aligncenter wp-image-69133 size-full\" src=\"https:\/\/inces.gob.ve\/wp-content\/uploads\/2025\/12\/DSC_1612-scaled-e1765380083605.jpg\" alt=\"\" width=\"800\" height=\"536\" \/><\/p>\n<p style=\"text-align: justify;\"><span style=\"font-family: helvetica, arial, sans-serif; font-size: 18px;\">Benavides acot\u00f3 que este conversatorio les servir\u00e1 a los auditores de la OAI para volverse personas multiplicadoras de los nuevos conocimientos en materia de comunas, y formar a los representantes de las comunas sobre c\u00f3mo deben presentar sus memorias y cuentas ante la Contralor\u00eda General de la Rep\u00fablica, adem\u00e1s de facilitarles con este tipo de taller que el poder popular vaya adquiriendo las herramientas relacionadas con las cinco leyes del poder popular.<\/span><\/p>\n<p>&nbsp;<\/p>\n<p style=\"text-align: justify;\"><span style=\"font-family: helvetica, arial, sans-serif; font-size: 18px;\">El facilitador indic\u00f3 que, de esta manera, conocer\u00e1n la ley para las comunas, c\u00f3mo es la rendici\u00f3n de cuentas con respecto a aquellos recursos que reciban los consejos comunales en las consultas populares, y darles las herramientas con una orientaci\u00f3n de c\u00f3mo deber\u00edan rendir la cuenta y c\u00f3mo ser\u00eda el informe de contralor\u00eda social que elaborar\u00e1n los mismos voceros de los consejos comunales o de las comunas.<\/span><\/p>\n<p>&nbsp;<\/p>\n<p><img loading=\"lazy\" decoding=\"async\" class=\"aligncenter wp-image-69132 size-full\" src=\"https:\/\/inces.gob.ve\/wp-content\/uploads\/2025\/12\/DSC_1619-scaled-e1765380363677.jpg\" alt=\"\" width=\"800\" height=\"540\" \/><\/p>\n<p style=\"text-align: justify;\"><span style=\"font-family: helvetica, arial, sans-serif; font-size: 18px;\">\u00abClaro est\u00e1, con la idea de que presenten un resultado donde todo sea claro con sus respectivas facturas, sus respectivos soportes, c\u00f3mo han gastado el dinero y en qu\u00e9 forma se han ido invirtiendo tambi\u00e9n. As\u00ed tambi\u00e9n para que vayan conociendo cu\u00e1les son los conceptos que est\u00e1n establecidos en la ley de la comuna; por lo menos la carta comunal, las comisiones que integran la comuna, c\u00f3mo es la comisi\u00f3n promotora, el comit\u00e9 ejecutivo, el comit\u00e9 electoral, y todas esas instancias que est\u00e1n ah\u00ed inmersas, para empoderar al pueblo de conocimiento en materia del poder popular, para que puedan tener una buena rendici\u00f3n de cuentas a finales de cada periodo\u00bb, explic\u00f3.<\/span><\/p>\n<p>&nbsp;<\/p>\n<p><img loading=\"lazy\" decoding=\"async\" class=\"aligncenter wp-image-69135 size-full\" src=\"https:\/\/inces.gob.ve\/wp-content\/uploads\/2025\/12\/DSC_0452-scaled-e1765380200556.jpg\" alt=\"\" width=\"800\" height=\"536\" \/><\/p>\n<p style=\"text-align: justify;\"><span style=\"font-family: helvetica, arial, sans-serif; font-size: 18px;\">Aclar\u00f3 Jos\u00e9 Benavides que los recursos p\u00fablicos hay que procurar salvaguardarlos y que se rindan con transparencia los gastos que se hagan con el erario p\u00fablico. La idea es que los voceros puedan adquirir los conocimientos en esta materia.<\/span><\/p>\n","protected":false},"excerpt":{"rendered":"<p>\u00abLleg\u00f3 el momento del impulso a los proyectos productivos de las Comunas\u00bb. Nicol\u00e1s Maduro<\/p>\n","protected":false},"author":15,"featured_media":69131,"comment_status":"closed","ping_status":"closed","sticky":false,"template":"","format":"standard","meta":{"footnotes":""},"categories":[2],"tags":[],"class_list":["post-69129","post","type-post","status-publish","format-standard","has-post-thumbnail","hentry","category-blog"],"_links":{"self":[{"href":"https:\/\/inces.gob.ve\/index.php\/wp-json\/wp\/v2\/posts\/69129","targetHints":{"allow":["GET"]}}],"collection":[{"href":"https:\/\/inces.gob.ve\/index.php\/wp-json\/wp\/v2\/posts"}],"about":[{"href":"https:\/\/inces.gob.ve\/index.php\/wp-json\/wp\/v2\/types\/post"}],"author":[{"embeddable":true,"href":"https:\/\/inces.gob.ve\/index.php\/wp-json\/wp\/v2\/users\/15"}],"replies":[{"embeddable":true,"href":"https:\/\/inces.gob.ve\/index.php\/wp-json\/wp\/v2\/comments?post=69129"}],"version-history":[{"count":4,"href":"https:\/\/inces.gob.ve\/index.php\/wp-json\/wp\/v2\/posts\/69129\/revisions"}],"predecessor-version":[{"id":69157,"href":"https:\/\/inces.gob.ve\/index.php\/wp-json\/wp\/v2\/posts\/69129\/revisions\/69157"}],"wp:featuredmedia":[{"embeddable":true,"href":"https:\/\/inces.gob.ve\/index.php\/wp-json\/wp\/v2\/media\/69131"}],"wp:attachment":[{"href":"https:\/\/inces.gob.ve\/index.php\/wp-json\/wp\/v2\/media?parent=69129"}],"wp:term":[{"taxonomy":"category","embeddable":true,"href":"https:\/\/inces.gob.ve\/index.php\/wp-json\/wp\/v2\/categories?post=69129"},{"taxonomy":"post_tag","embeddable":true,"href":"https:\/\/inces.gob.ve\/index.php\/wp-json\/wp\/v2\/tags?post=69129"}],"curies":[{"name":"wp","href":"https:\/\/api.w.org\/{rel}","templated":true}]}}