{"id":69130,"date":"2025-12-10T13:26:55","date_gmt":"2025-12-10T17:26:55","guid":{"rendered":"https:\/\/inces.gob.ve\/?p=69130"},"modified":"2025-12-10T13:26:55","modified_gmt":"2025-12-10T17:26:55","slug":"acreditacion-historica-inces-certifica-52-artesanos-del-barro-de-coro-y-la-vela","status":"publish","type":"post","link":"https:\/\/inces.gob.ve\/index.php\/2025\/12\/10\/acreditacion-historica-inces-certifica-52-artesanos-del-barro-de-coro-y-la-vela\/","title":{"rendered":"Acreditaci\u00f3n hist\u00f3rica: Inces certifica 52 artesanos del barro de Coro y La Vela"},"content":{"rendered":"<p style=\"text-align: justify;\"><em><strong><span style=\"font-family: helvetica, arial, sans-serif; font-size: 18px;\">** Un paso crucial para asegurar la transmisi\u00f3n generacional de estas t\u00e9cnicas patrimoniales y ancestrales<\/span><\/strong><\/em><!--more--><\/p>\n<p>&nbsp;<\/p>\n<p style=\"text-align: justify;\"><strong><span style=\"font-family: helvetica, arial, sans-serif; font-size: 18px;\">MIRIAM GONZ\u00c1LEZ VILLARROEL<\/span><\/strong><\/p>\n<p style=\"text-align: justify;\"><span style=\"font-family: helvetica, arial, sans-serif; font-size: 18px;\">En un acto in\u00e9dito y cargado de mucho significado hist\u00f3rico se celebr\u00f3 en el coraz\u00f3n de la Zona Colonial de Coro, un acto de entrega de certificados, en el cual el Instituto Nacional de Capacitaci\u00f3n y Educaci\u00f3n Socialista (Inces) certific\u00f3 a 52 artesanos de Coro y La Vela, reconociendo oficialmente sus saberes y t\u00e9cnicas ancestrales. Recibieron certificados 26 Maestros Artesanos de Edificaciones de Tierra, 23 Artesanos de Edificaciones de Tierra y 3 Ayudantes Artesanos de Edificaciones de Tierra.<\/span><\/p>\n<p>\u00a0<img loading=\"lazy\" decoding=\"async\" class=\"aligncenter wp-image-69151 size-large\" src=\"https:\/\/inces.gob.ve\/wp-content\/uploads\/2025\/12\/5028667179427105626-1024x768.jpg\" alt=\"\" width=\"640\" height=\"480\" srcset=\"https:\/\/inces.gob.ve\/wp-content\/uploads\/2025\/12\/5028667179427105626-1024x768.jpg 1024w, https:\/\/inces.gob.ve\/wp-content\/uploads\/2025\/12\/5028667179427105626-300x225.jpg 300w, https:\/\/inces.gob.ve\/wp-content\/uploads\/2025\/12\/5028667179427105626-768x576.jpg 768w, https:\/\/inces.gob.ve\/wp-content\/uploads\/2025\/12\/5028667179427105626-1536x1152.jpg 1536w, https:\/\/inces.gob.ve\/wp-content\/uploads\/2025\/12\/5028667179427105626-2048x1536.jpg 2048w, https:\/\/inces.gob.ve\/wp-content\/uploads\/2025\/12\/5028667179427105626-136x102.jpg 136w\" sizes=\"auto, (max-width: 640px) 100vw, 640px\" \/><\/p>\n<p>&nbsp;<\/p>\n<p style=\"text-align: justify;\"><span style=\"font-family: helvetica, arial, sans-serif; font-size: 18px;\">Este proceso, calificado como un \u00abhecho reivindicativo in\u00e9dito\u00bb, marca un hito en el reconocimiento del patrimonio cultural y el conocimiento popular de la regi\u00f3n; en este contexto la gerente regional Eneyda Mart\u00ednez Rodr\u00edguez, destac\u00f3 el compromiso con la identidad y el proceso de transformaci\u00f3n. \u201cLa acreditaci\u00f3n es un compendio curricular que surge de la filosof\u00eda del aprendizaje transformador y del rescate de la identidad\u201d.<\/span><\/p>\n<p>&nbsp;<\/p>\n<p style=\"text-align: justify;\"><img loading=\"lazy\" decoding=\"async\" class=\"aligncenter wp-image-69149 size-large\" src=\"https:\/\/inces.gob.ve\/wp-content\/uploads\/2025\/12\/5028667179427105630-1024x576.jpg\" alt=\"\" width=\"640\" height=\"360\" srcset=\"https:\/\/inces.gob.ve\/wp-content\/uploads\/2025\/12\/5028667179427105630-1024x576.jpg 1024w, https:\/\/inces.gob.ve\/wp-content\/uploads\/2025\/12\/5028667179427105630-300x169.jpg 300w, https:\/\/inces.gob.ve\/wp-content\/uploads\/2025\/12\/5028667179427105630-768x432.jpg 768w, https:\/\/inces.gob.ve\/wp-content\/uploads\/2025\/12\/5028667179427105630-1536x864.jpg 1536w, https:\/\/inces.gob.ve\/wp-content\/uploads\/2025\/12\/5028667179427105630-2048x1152.jpg 2048w\" sizes=\"auto, (max-width: 640px) 100vw, 640px\" \/><\/p>\n<p><span style=\"font-family: helvetica, arial, sans-serif; font-size: 18px;\">\u00abEl compromiso con el pueblo es transformar de forma consciente y de reconocer lo que han hecho por muchos a\u00f1os los artesanos,\u00bb afirm\u00f3 Mart\u00ednez<\/span><\/p>\n<p>&nbsp;<\/p>\n<p style=\"text-align: justify;\"><span style=\"font-family: helvetica, arial, sans-serif; font-size: 18px;\">Posterior a las certificaciones el artesano Jos\u00e9 \u00c1ngel S\u00e1nchez \u201cEl Ovejo,\u00bb en representaci\u00f3n de los artesanos, celebr\u00f3 efusivamente esta acci\u00f3n que valida una labor de vida.<\/span><\/p>\n<p>&nbsp;<\/p>\n<p style=\"text-align: justify;\"><span style=\"font-family: helvetica, arial, sans-serif; font-size: 18px;\">Por su parte, Rub\u00e9n Dar\u00edo Molina, viceministro de Asuntos Multilaterales, habl\u00f3 sobre la descolonizaci\u00f3n y el reconocimiento mundial a los saberes ancestrales y resalt\u00f3 la trascendencia del evento, se\u00f1al\u00e1ndolo como un acto de reconocimiento a los conocimientos ancestrales, \u201cVenezuela proyecta su valor al mundo, uniendo la ciencia, la cultura y el deporte\u201d.<\/span><\/p>\n<p>&nbsp;<\/p>\n<p><img loading=\"lazy\" decoding=\"async\" class=\"aligncenter wp-image-69139 size-large\" src=\"https:\/\/inces.gob.ve\/wp-content\/uploads\/2025\/12\/5028667179427105643-1024x768.jpg\" alt=\"\" width=\"640\" height=\"480\" srcset=\"https:\/\/inces.gob.ve\/wp-content\/uploads\/2025\/12\/5028667179427105643-1024x768.jpg 1024w, https:\/\/inces.gob.ve\/wp-content\/uploads\/2025\/12\/5028667179427105643-300x225.jpg 300w, https:\/\/inces.gob.ve\/wp-content\/uploads\/2025\/12\/5028667179427105643-768x576.jpg 768w, https:\/\/inces.gob.ve\/wp-content\/uploads\/2025\/12\/5028667179427105643-1536x1152.jpg 1536w, https:\/\/inces.gob.ve\/wp-content\/uploads\/2025\/12\/5028667179427105643-2048x1536.jpg 2048w, https:\/\/inces.gob.ve\/wp-content\/uploads\/2025\/12\/5028667179427105643-136x102.jpg 136w\" sizes=\"auto, (max-width: 640px) 100vw, 640px\" \/><\/p>\n<p>&nbsp;<\/p>\n<p>&nbsp;<\/p>\n<p style=\"text-align: justify;\"><span style=\"font-family: helvetica, arial, sans-serif; font-size: 18px;\">Asimismo el presidente del Inces, Wuikelman \u00c1ngel Paredes, catalog\u00f3 el hecho como in\u00e9dito, manifest\u00f3 estar muy complacido con esta actividad, cargada de mucha transformaci\u00f3n y sensibilidad, dijo: \u00abEs un proceso de Acreditaci\u00f3n de Conocimientos por Experiencia en Ejercicio, con el Nuevo Modelo Educativo Curricular, bajo el M\u00e9todo de Proyectos del Inces, cumpliendo con las normativas, leyes y pol\u00edticas de la Educaci\u00f3n y Formaci\u00f3n T\u00e9cnica y Profesional (Eftp)\u00bb.<\/span><\/p>\n<p>&nbsp;<\/p>\n<p><img loading=\"lazy\" decoding=\"async\" class=\"aligncenter wp-image-69153 size-large\" src=\"https:\/\/inces.gob.ve\/wp-content\/uploads\/2025\/12\/5028667179427105623-1-1024x576.jpg\" alt=\"\" width=\"640\" height=\"360\" srcset=\"https:\/\/inces.gob.ve\/wp-content\/uploads\/2025\/12\/5028667179427105623-1-1024x576.jpg 1024w, https:\/\/inces.gob.ve\/wp-content\/uploads\/2025\/12\/5028667179427105623-1-300x169.jpg 300w, https:\/\/inces.gob.ve\/wp-content\/uploads\/2025\/12\/5028667179427105623-1-768x432.jpg 768w, https:\/\/inces.gob.ve\/wp-content\/uploads\/2025\/12\/5028667179427105623-1-1536x864.jpg 1536w, https:\/\/inces.gob.ve\/wp-content\/uploads\/2025\/12\/5028667179427105623-1-2048x1152.jpg 2048w\" sizes=\"auto, (max-width: 640px) 100vw, 640px\" \/><\/p>\n<p>&nbsp;<\/p>\n<p style=\"text-align: justify;\"><span style=\"font-family: helvetica, arial, sans-serif; font-size: 18px;\">Resalto \u00c1ngel Paredes, que la acreditaci\u00f3n de conocimientos por experiencia en ejercicio, se concibe \u201ccomo un proceso que permite reconocer, valorar y legitimar los saberes ancestrales, emp\u00edricos, invenciones, tradicionales, populares, pedag\u00f3gicos y acad\u00e9micos con base en el di\u00e1logo de saberes, as\u00ed como la evaluaci\u00f3n de los aprendizajes\u201d.<\/span><\/p>\n<p>&nbsp;<\/p>\n<p style=\"text-align: justify;\"><span style=\"font-family: helvetica, arial, sans-serif; font-size: 18px;\">Finalmente, el Gobernador del estado, V\u00edctor Clark Bosc\u00e1n, expres\u00f3 sentirse \u00abdoblemente orgulloso\u00bb y felicit\u00f3 al equipo del Inces, tanto nacional como regional. Hizo hincapi\u00e9 en la importancia de \u00abPreservar nuestra t\u00e9cnica constructiva\u00bb que proyecta la historia de Falc\u00f3n para los siglos venideros\u201d.<\/span><\/p>\n<p>&nbsp;<\/p>\n<p><img loading=\"lazy\" decoding=\"async\" class=\"aligncenter wp-image-69155 size-large\" src=\"https:\/\/inces.gob.ve\/wp-content\/uploads\/2025\/12\/5028667179427105619-1-1024x768.jpg\" alt=\"\" width=\"640\" height=\"480\" srcset=\"https:\/\/inces.gob.ve\/wp-content\/uploads\/2025\/12\/5028667179427105619-1-1024x768.jpg 1024w, https:\/\/inces.gob.ve\/wp-content\/uploads\/2025\/12\/5028667179427105619-1-300x225.jpg 300w, https:\/\/inces.gob.ve\/wp-content\/uploads\/2025\/12\/5028667179427105619-1-768x576.jpg 768w, https:\/\/inces.gob.ve\/wp-content\/uploads\/2025\/12\/5028667179427105619-1-1536x1152.jpg 1536w, https:\/\/inces.gob.ve\/wp-content\/uploads\/2025\/12\/5028667179427105619-1-2048x1536.jpg 2048w, https:\/\/inces.gob.ve\/wp-content\/uploads\/2025\/12\/5028667179427105619-1-136x102.jpg 136w\" sizes=\"auto, (max-width: 640px) 100vw, 640px\" \/><\/p>\n<p>&nbsp;<\/p>\n<p style=\"text-align: justify;\"><span style=\"font-family: helvetica, arial, sans-serif; font-size: 18px;\">\u00abEl patrimonio es el poder creador del arte viva, son ustedes el reflejo del patrimonio vivo,\u00bb concluy\u00f3 el gobernador, celebrando que esta acreditaci\u00f3n sea un paso firme en la consolidaci\u00f3n del legado cultural de la regi\u00f3n.<\/span><\/p>\n<p style=\"text-align: justify;\">\n<strong><span style=\"font-family: helvetica, arial, sans-serif; font-size: 18px;\">Entrega de la orden Luis Beltr\u00e1n Prieto Figueroa<\/span><\/strong><br \/>\n<span style=\"font-family: helvetica, arial, sans-serif; font-size: 18px;\">Fue propicia la ocasi\u00f3n para que el presidente del Inces, Wuikelm\u00e1n Angel Paredes, conjuntamente con el gobernador del estado Falc\u00f3n y las autoridades regionales y nacionales, impusiera la orden Luis Beltr\u00e1n Prieto Figueroa a cuatro destacados artesanos: Pablo Jes\u00fas \u201cChucho\u201d Revilla, Jos\u00e9 \u00c1ngel S\u00e1nchez, Jes\u00fas \u201cChucho\u201d Coello y a Nelson Antonio \u201cLeco\u201d Hern\u00e1ndez.<\/span><\/p>\n<p><img loading=\"lazy\" decoding=\"async\" class=\"aligncenter wp-image-69152 size-large\" src=\"https:\/\/inces.gob.ve\/wp-content\/uploads\/2025\/12\/5028667179427105625-1024x768.jpg\" alt=\"\" width=\"640\" height=\"480\" srcset=\"https:\/\/inces.gob.ve\/wp-content\/uploads\/2025\/12\/5028667179427105625-1024x768.jpg 1024w, https:\/\/inces.gob.ve\/wp-content\/uploads\/2025\/12\/5028667179427105625-300x225.jpg 300w, https:\/\/inces.gob.ve\/wp-content\/uploads\/2025\/12\/5028667179427105625-768x576.jpg 768w, https:\/\/inces.gob.ve\/wp-content\/uploads\/2025\/12\/5028667179427105625-1536x1152.jpg 1536w, https:\/\/inces.gob.ve\/wp-content\/uploads\/2025\/12\/5028667179427105625-2048x1536.jpg 2048w, https:\/\/inces.gob.ve\/wp-content\/uploads\/2025\/12\/5028667179427105625-136x102.jpg 136w\" sizes=\"auto, (max-width: 640px) 100vw, 640px\" \/><\/p>\n<p style=\"text-align: justify;\"><span style=\"font-family: helvetica, arial, sans-serif; font-size: 18px;\">Igualmente se reconoci\u00f3 la labor de los representantes de las mesas multidisciplinarias que estuvieron en el procesos de acreditaci\u00f3n de los artesanos del barro.<\/span><\/p>\n<p>&nbsp;<\/p>\n<p><img loading=\"lazy\" decoding=\"async\" class=\"aligncenter wp-image-69154 size-large\" src=\"https:\/\/inces.gob.ve\/wp-content\/uploads\/2025\/12\/5028667179427105622-1-1024x768.jpg\" alt=\"\" width=\"640\" height=\"480\" srcset=\"https:\/\/inces.gob.ve\/wp-content\/uploads\/2025\/12\/5028667179427105622-1-1024x768.jpg 1024w, https:\/\/inces.gob.ve\/wp-content\/uploads\/2025\/12\/5028667179427105622-1-300x225.jpg 300w, https:\/\/inces.gob.ve\/wp-content\/uploads\/2025\/12\/5028667179427105622-1-768x576.jpg 768w, https:\/\/inces.gob.ve\/wp-content\/uploads\/2025\/12\/5028667179427105622-1-1536x1152.jpg 1536w, https:\/\/inces.gob.ve\/wp-content\/uploads\/2025\/12\/5028667179427105622-1-2048x1536.jpg 2048w, https:\/\/inces.gob.ve\/wp-content\/uploads\/2025\/12\/5028667179427105622-1-136x102.jpg 136w\" sizes=\"auto, (max-width: 640px) 100vw, 640px\" \/><\/p>\n<p><img loading=\"lazy\" decoding=\"async\" class=\"aligncenter wp-image-69146 size-large\" src=\"https:\/\/inces.gob.ve\/wp-content\/uploads\/2025\/12\/5028667179427105632-1024x768.jpg\" alt=\"\" width=\"640\" height=\"480\" srcset=\"https:\/\/inces.gob.ve\/wp-content\/uploads\/2025\/12\/5028667179427105632-1024x768.jpg 1024w, https:\/\/inces.gob.ve\/wp-content\/uploads\/2025\/12\/5028667179427105632-300x225.jpg 300w, https:\/\/inces.gob.ve\/wp-content\/uploads\/2025\/12\/5028667179427105632-768x576.jpg 768w, https:\/\/inces.gob.ve\/wp-content\/uploads\/2025\/12\/5028667179427105632-1536x1152.jpg 1536w, https:\/\/inces.gob.ve\/wp-content\/uploads\/2025\/12\/5028667179427105632-2048x1536.jpg 2048w, https:\/\/inces.gob.ve\/wp-content\/uploads\/2025\/12\/5028667179427105632-136x102.jpg 136w\" sizes=\"auto, (max-width: 640px) 100vw, 640px\" \/><\/p>\n<p><img loading=\"lazy\" decoding=\"async\" class=\"aligncenter wp-image-69145 size-large\" src=\"https:\/\/inces.gob.ve\/wp-content\/uploads\/2025\/12\/5028667179427105633-1024x768.jpg\" alt=\"\" width=\"640\" height=\"480\" srcset=\"https:\/\/inces.gob.ve\/wp-content\/uploads\/2025\/12\/5028667179427105633-1024x768.jpg 1024w, https:\/\/inces.gob.ve\/wp-content\/uploads\/2025\/12\/5028667179427105633-300x225.jpg 300w, https:\/\/inces.gob.ve\/wp-content\/uploads\/2025\/12\/5028667179427105633-768x576.jpg 768w, https:\/\/inces.gob.ve\/wp-content\/uploads\/2025\/12\/5028667179427105633-1536x1152.jpg 1536w, https:\/\/inces.gob.ve\/wp-content\/uploads\/2025\/12\/5028667179427105633-2048x1536.jpg 2048w, https:\/\/inces.gob.ve\/wp-content\/uploads\/2025\/12\/5028667179427105633-136x102.jpg 136w\" sizes=\"auto, (max-width: 640px) 100vw, 640px\" \/><\/p>\n<p><img loading=\"lazy\" decoding=\"async\" class=\"aligncenter wp-image-69144 size-large\" src=\"https:\/\/inces.gob.ve\/wp-content\/uploads\/2025\/12\/5028667179427105634-1024x768.jpg\" alt=\"\" width=\"640\" height=\"480\" srcset=\"https:\/\/inces.gob.ve\/wp-content\/uploads\/2025\/12\/5028667179427105634-1024x768.jpg 1024w, https:\/\/inces.gob.ve\/wp-content\/uploads\/2025\/12\/5028667179427105634-300x225.jpg 300w, https:\/\/inces.gob.ve\/wp-content\/uploads\/2025\/12\/5028667179427105634-768x576.jpg 768w, https:\/\/inces.gob.ve\/wp-content\/uploads\/2025\/12\/5028667179427105634-1536x1152.jpg 1536w, https:\/\/inces.gob.ve\/wp-content\/uploads\/2025\/12\/5028667179427105634-2048x1536.jpg 2048w, https:\/\/inces.gob.ve\/wp-content\/uploads\/2025\/12\/5028667179427105634-136x102.jpg 136w\" sizes=\"auto, (max-width: 640px) 100vw, 640px\" \/><\/p>\n<p><img loading=\"lazy\" decoding=\"async\" class=\"aligncenter wp-image-69143 size-large\" src=\"https:\/\/inces.gob.ve\/wp-content\/uploads\/2025\/12\/5028667179427105635-1024x768.jpg\" alt=\"\" width=\"640\" height=\"480\" srcset=\"https:\/\/inces.gob.ve\/wp-content\/uploads\/2025\/12\/5028667179427105635-1024x768.jpg 1024w, https:\/\/inces.gob.ve\/wp-content\/uploads\/2025\/12\/5028667179427105635-300x225.jpg 300w, https:\/\/inces.gob.ve\/wp-content\/uploads\/2025\/12\/5028667179427105635-768x576.jpg 768w, https:\/\/inces.gob.ve\/wp-content\/uploads\/2025\/12\/5028667179427105635-1536x1152.jpg 1536w, https:\/\/inces.gob.ve\/wp-content\/uploads\/2025\/12\/5028667179427105635-2048x1536.jpg 2048w, https:\/\/inces.gob.ve\/wp-content\/uploads\/2025\/12\/5028667179427105635-136x102.jpg 136w\" sizes=\"auto, (max-width: 640px) 100vw, 640px\" \/><\/p>\n<p><img loading=\"lazy\" decoding=\"async\" class=\"aligncenter wp-image-69142 size-large\" src=\"https:\/\/inces.gob.ve\/wp-content\/uploads\/2025\/12\/5028667179427105637-1024x768.jpg\" alt=\"\" width=\"640\" height=\"480\" srcset=\"https:\/\/inces.gob.ve\/wp-content\/uploads\/2025\/12\/5028667179427105637-1024x768.jpg 1024w, https:\/\/inces.gob.ve\/wp-content\/uploads\/2025\/12\/5028667179427105637-300x225.jpg 300w, https:\/\/inces.gob.ve\/wp-content\/uploads\/2025\/12\/5028667179427105637-768x576.jpg 768w, https:\/\/inces.gob.ve\/wp-content\/uploads\/2025\/12\/5028667179427105637-1536x1152.jpg 1536w, https:\/\/inces.gob.ve\/wp-content\/uploads\/2025\/12\/5028667179427105637-2048x1536.jpg 2048w, https:\/\/inces.gob.ve\/wp-content\/uploads\/2025\/12\/5028667179427105637-136x102.jpg 136w\" sizes=\"auto, (max-width: 640px) 100vw, 640px\" \/><\/p>\n<p><img loading=\"lazy\" decoding=\"async\" class=\"aligncenter wp-image-69140 size-large\" src=\"https:\/\/inces.gob.ve\/wp-content\/uploads\/2025\/12\/5028667179427105639-1024x576.jpg\" alt=\"\" width=\"640\" height=\"360\" srcset=\"https:\/\/inces.gob.ve\/wp-content\/uploads\/2025\/12\/5028667179427105639-1024x576.jpg 1024w, https:\/\/inces.gob.ve\/wp-content\/uploads\/2025\/12\/5028667179427105639-300x169.jpg 300w, https:\/\/inces.gob.ve\/wp-content\/uploads\/2025\/12\/5028667179427105639-768x432.jpg 768w, https:\/\/inces.gob.ve\/wp-content\/uploads\/2025\/12\/5028667179427105639-1536x864.jpg 1536w, https:\/\/inces.gob.ve\/wp-content\/uploads\/2025\/12\/5028667179427105639-2048x1152.jpg 2048w\" sizes=\"auto, (max-width: 640px) 100vw, 640px\" \/><\/p>\n<p>&nbsp;<\/p>\n","protected":false},"excerpt":{"rendered":"<p>** Un paso crucial para asegurar la transmisi\u00f3n generacional de estas t\u00e9cnicas patrimoniales y ancestrales<\/p>\n","protected":false},"author":4,"featured_media":69147,"comment_status":"closed","ping_status":"closed","sticky":false,"template":"","format":"standard","meta":{"footnotes":""},"categories":[2],"tags":[],"class_list":["post-69130","post","type-post","status-publish","format-standard","has-post-thumbnail","hentry","category-blog"],"_links":{"self":[{"href":"https:\/\/inces.gob.ve\/index.php\/wp-json\/wp\/v2\/posts\/69130","targetHints":{"allow":["GET"]}}],"collection":[{"href":"https:\/\/inces.gob.ve\/index.php\/wp-json\/wp\/v2\/posts"}],"about":[{"href":"https:\/\/inces.gob.ve\/index.php\/wp-json\/wp\/v2\/types\/post"}],"author":[{"embeddable":true,"href":"https:\/\/inces.gob.ve\/index.php\/wp-json\/wp\/v2\/users\/4"}],"replies":[{"embeddable":true,"href":"https:\/\/inces.gob.ve\/index.php\/wp-json\/wp\/v2\/comments?post=69130"}],"version-history":[{"count":1,"href":"https:\/\/inces.gob.ve\/index.php\/wp-json\/wp\/v2\/posts\/69130\/revisions"}],"predecessor-version":[{"id":69156,"href":"https:\/\/inces.gob.ve\/index.php\/wp-json\/wp\/v2\/posts\/69130\/revisions\/69156"}],"wp:featuredmedia":[{"embeddable":true,"href":"https:\/\/inces.gob.ve\/index.php\/wp-json\/wp\/v2\/media\/69147"}],"wp:attachment":[{"href":"https:\/\/inces.gob.ve\/index.php\/wp-json\/wp\/v2\/media?parent=69130"}],"wp:term":[{"taxonomy":"category","embeddable":true,"href":"https:\/\/inces.gob.ve\/index.php\/wp-json\/wp\/v2\/categories?post=69130"},{"taxonomy":"post_tag","embeddable":true,"href":"https:\/\/inces.gob.ve\/index.php\/wp-json\/wp\/v2\/tags?post=69130"}],"curies":[{"name":"wp","href":"https:\/\/api.w.org\/{rel}","templated":true}]}}