{"id":69175,"date":"2025-10-10T09:56:02","date_gmt":"2025-10-10T13:56:02","guid":{"rendered":"https:\/\/inces.gob.ve\/?p=69175"},"modified":"2025-12-18T09:58:22","modified_gmt":"2025-12-18T13:58:22","slug":"falcon-inces-llego-con-formacion-tecnica-a-la-alcaldia-de-carirubana","status":"publish","type":"post","link":"https:\/\/inces.gob.ve\/index.php\/2025\/10\/10\/falcon-inces-llego-con-formacion-tecnica-a-la-alcaldia-de-carirubana\/","title":{"rendered":"FALC\u00d3N | Inces lleg\u00f3 con formaci\u00f3n t\u00e9cnica a la alcald\u00eda de Carirubana"},"content":{"rendered":"<p class=\"ds-markdown-paragraph\" style=\"text-align: justify;\"><strong><em><span style=\"font-family: helvetica, arial, sans-serif; font-size: 18px;\">**Como parte de la estrategia: Menos escritorio, m\u00e1s territorio<\/span><\/em><\/strong><!--more--><\/p>\n<p>&nbsp;<\/p>\n<p class=\"ds-markdown-paragraph\" style=\"text-align: justify;\"><strong><span style=\"font-family: helvetica, arial, sans-serif; font-size: 18px;\">MIRIAM GONZ\u00c1LEZ VILLARROEL<\/span><\/strong><br \/>\n<span style=\"font-family: helvetica, arial, sans-serif; font-size: 18px;\">El Instituto Nacional de Capacitaci\u00f3n y Educaci\u00f3n Socialista (Inces), a trav\u00e9s del Centro de Formaci\u00f3n Socialista (CFS) \u00abAli Primera\u00bb en la ciudad de Punto Fijo y dando cumplimiento a las 5 l\u00edneas estrat\u00e9gicas de la instituci\u00f3n y a las 7 Transformaciones, instal\u00f3 formaci\u00f3n dirigida a m\u00e1s de 30 trabajadores de la Alcald\u00eda de Carirubana, donde participa personal de los Institutos Municipales de la Vivienda (Imvica) y de Pesca (Impesca).<\/span><\/p>\n<p>&nbsp;<\/p>\n<p class=\"ds-markdown-paragraph\" style=\"text-align: justify;\"><span style=\"font-family: helvetica, arial, sans-serif; font-size: 18px;\">El plan de estudios se basa en el perfil productivo laboral: Gestor de Talento Humano, y qued\u00f3 instalado por la jefa del CFS \u00abAli Primera\u00bb y responsable del \u00e1mbito Entidades de Trabajo, Elis Colina Bracho; la directora nacional del Ministerio del Poder Popular para el Proceso Social del Trabajo (Mpppst), Graciela Moreno, y el jefe del Centro de Encuentro para Educaci\u00f3n y Trabajo (Ceet), Aleide Caldera.<\/span><\/p>\n<p>&nbsp;<\/p>\n<p class=\"ds-markdown-paragraph\" style=\"text-align: justify;\"><span style=\"font-family: helvetica, arial, sans-serif; font-size: 18px;\">Moreno resalt\u00f3 que los lineamientos del ministro del Proceso Social del Trabajo, Eduardo Pi\u00f1ate, es integrar todos los esfuerzos posibles para lograr la formaci\u00f3n de los trabajadores del pa\u00eds, y es el Inces el motor permanente de este gran esfuerzo.<\/span><\/p>\n<p>&nbsp;<\/p>\n<p class=\"ds-markdown-paragraph\" style=\"text-align: justify;\"><span style=\"font-family: helvetica, arial, sans-serif; font-size: 18px;\">En el arranque formativo, Elis Colina, jefa del CFS \u00abAli Primera\u00bb, resalt\u00f3 la importancia de trasladarse a las sedes de las distintas entidades de trabajo a brindar formaci\u00f3n y autoformaci\u00f3n, luego de la indagaci\u00f3n y caracterizaci\u00f3n que se realiza para el diagn\u00f3stico de las necesidades formativas reales de la fuerza trabajadora de la regi\u00f3n falconiana a trav\u00e9s del \u00e1mbito Entidades de Trabajo. \u00abLa instituci\u00f3n, el Inces, viene dando respuesta y acompa\u00f1amiento a la formaci\u00f3n de nuestros trabajadores\u00bb, indic\u00f3.<\/span><\/p>\n<p>&nbsp;<\/p>\n<p class=\"ds-markdown-paragraph\" style=\"text-align: justify;\"><span style=\"font-family: helvetica, arial, sans-serif; font-size: 18px;\">Resalt\u00f3 que el perfil inici\u00f3 con la unidad curricular Liderazgo como Herramienta Transformadora, dirigida por el talento y la experiencia del maestro Luis Fernando Cordero.<\/span><\/p>\n","protected":false},"excerpt":{"rendered":"<p>**Como parte de la estrategia: Menos escritorio, m\u00e1s territorio<\/p>\n","protected":false},"author":4,"featured_media":69176,"comment_status":"closed","ping_status":"closed","sticky":false,"template":"","format":"standard","meta":{"footnotes":""},"categories":[2],"tags":[],"class_list":["post-69175","post","type-post","status-publish","format-standard","has-post-thumbnail","hentry","category-blog"],"_links":{"self":[{"href":"https:\/\/inces.gob.ve\/index.php\/wp-json\/wp\/v2\/posts\/69175","targetHints":{"allow":["GET"]}}],"collection":[{"href":"https:\/\/inces.gob.ve\/index.php\/wp-json\/wp\/v2\/posts"}],"about":[{"href":"https:\/\/inces.gob.ve\/index.php\/wp-json\/wp\/v2\/types\/post"}],"author":[{"embeddable":true,"href":"https:\/\/inces.gob.ve\/index.php\/wp-json\/wp\/v2\/users\/4"}],"replies":[{"embeddable":true,"href":"https:\/\/inces.gob.ve\/index.php\/wp-json\/wp\/v2\/comments?post=69175"}],"version-history":[{"count":1,"href":"https:\/\/inces.gob.ve\/index.php\/wp-json\/wp\/v2\/posts\/69175\/revisions"}],"predecessor-version":[{"id":69177,"href":"https:\/\/inces.gob.ve\/index.php\/wp-json\/wp\/v2\/posts\/69175\/revisions\/69177"}],"wp:featuredmedia":[{"embeddable":true,"href":"https:\/\/inces.gob.ve\/index.php\/wp-json\/wp\/v2\/media\/69176"}],"wp:attachment":[{"href":"https:\/\/inces.gob.ve\/index.php\/wp-json\/wp\/v2\/media?parent=69175"}],"wp:term":[{"taxonomy":"category","embeddable":true,"href":"https:\/\/inces.gob.ve\/index.php\/wp-json\/wp\/v2\/categories?post=69175"},{"taxonomy":"post_tag","embeddable":true,"href":"https:\/\/inces.gob.ve\/index.php\/wp-json\/wp\/v2\/tags?post=69175"}],"curies":[{"name":"wp","href":"https:\/\/api.w.org\/{rel}","templated":true}]}}