{"id":69238,"date":"2026-01-05T12:48:46","date_gmt":"2026-01-05T16:48:46","guid":{"rendered":"https:\/\/inces.gob.ve\/?p=69238"},"modified":"2026-01-05T12:48:46","modified_gmt":"2026-01-05T16:48:46","slug":"los-andes-inces-trujillo-se-mantuvo-por-cuarto-ano-consecutivo-como-lider-en-atencion-formativa","status":"publish","type":"post","link":"https:\/\/inces.gob.ve\/index.php\/2026\/01\/05\/los-andes-inces-trujillo-se-mantuvo-por-cuarto-ano-consecutivo-como-lider-en-atencion-formativa\/","title":{"rendered":"LOS ANDES | Inces Trujillo se mantuvo por cuarto a\u00f1o consecutivo como l\u00edder en atenci\u00f3n formativa"},"content":{"rendered":"<p style=\"text-align: justify;\"><em><strong><span style=\"font-family: helvetica, arial, sans-serif; font-size: 18px;\">** La meta anual fue superada al alcanzarse una ejecuci\u00f3n del 206 %<\/span><\/strong><\/em><!--more--><\/p>\n<p>&nbsp;<\/p>\n<p style=\"text-align: justify;\">\n<p style=\"text-align: justify;\"><span style=\"font-weight: 400; font-family: helvetica, arial, sans-serif; font-size: 18px;\">Inces Trujillo cerr\u00f3 el a\u00f1o 2025 con un logro hist\u00f3rico al formar a m\u00e1s de 192.127 participantes en todo el estado, alcanzando el 206 % de su meta anual y posicion\u00e1ndose como la primera regi\u00f3n del pa\u00eds en resultados de formaci\u00f3n comunitaria y productiva.<\/span><\/p>\n<p style=\"text-align: justify;\">\n<p>&nbsp;<\/p>\n<p style=\"text-align: justify;\"><span style=\"font-weight: 400; font-family: helvetica, arial, sans-serif; font-size: 18px;\">Durante el a\u00f1o 2025 en la regi\u00f3n Trujillana, el Instituto Nacional de Capacitaci\u00f3n y Educaci\u00f3n Socialista (Inces) despleg\u00f3 sus programas de capacitaci\u00f3n en cada municipio del estado, con el apoyo de comunidades organizadas, bases de misiones, instituciones educativas, centros penitenciarios y entidades de trabajo, que facilitaron espacios, recursos y acompa\u00f1amiento t\u00e9cnico.\u00a0<\/span><\/p>\n<p style=\"text-align: justify;\">\n<p>&nbsp;<\/p>\n<p style=\"text-align: justify;\"><span style=\"font-weight: 400; font-family: helvetica, arial, sans-serif; font-size: 18px;\">Este esfuerzo permiti\u00f3 que la capacitaci\u00f3n llegara a poblaciones diversas, garantizando y respondiendo a las necesidades del mercado laboral actual y asegurando que los participantes adquieran habilidades pr\u00e1cticas y te\u00f3ricas que les permitan integrarse exitosamente en el mundo del trabajo.<\/span><\/p>\n<p style=\"text-align: justify;\">\n<p>&nbsp;<\/p>\n<p style=\"text-align: justify;\"><span style=\"font-weight: 400; font-family: helvetica, arial, sans-serif; font-size: 18px;\">Entre las formaciones impartidas destacan las de mayor demanda: Barber\u00eda, Esteticista, Mec\u00e1nica Automotriz, Reposter\u00eda, Confecci\u00f3n de Prendas de Vestir, Analista Contable, Secretariado Administrativo, Electromec\u00e1nica, Marketing, Edici\u00f3n de Im\u00e1genes, Reposter\u00eda, Panader\u00eda, Manicura, Asesor de Ventas, entre otras m\u00e1s.\u00a0<\/span><\/p>\n<p>&nbsp;<\/p>\n<p>&nbsp;<\/p>\n<p style=\"text-align: justify;\"><span style=\"font-weight: 400; font-family: helvetica, arial, sans-serif; font-size: 18px;\">La instituci\u00f3n destac\u00f3 que este logro no solo representa un r\u00e9cord estad\u00edstico, sino tambi\u00e9n un compromiso sostenido con la transformaci\u00f3n educativa y laboral del estado, donde se promovi\u00f3 la reinserci\u00f3n social a trav\u00e9s de la capacitaci\u00f3n y se impulsaron proyectos colectivos que fortalecieron la econom\u00eda local y la uni\u00f3n y organizaci\u00f3n comunitaria.<\/span><\/p>\n<p>&nbsp;<\/p>\n<p style=\"text-align: justify;\">\n<span style=\"font-family: helvetica, arial, sans-serif; font-size: 18px;\"><span style=\"font-weight: 400;\">El gerente general Alexis Brice\u00f1o enfatiz\u00f3: <\/span><i><span style=\"font-weight: 400;\">\u201cSer el primer lugar a nivel nacional es fruto de la constancia, la articulaci\u00f3n con las comunidades y la convicci\u00f3n de que la educaci\u00f3n es la herramienta m\u00e1s poderosa para construir un pa\u00eds productivo y justo. Este logro refleja el esfuerzo colectivo de cada instructor, de cada participante y de las instituciones que nos acompa\u00f1aron en el camino. No se trata \u00fanicamente de cifras, sino de la transformaci\u00f3n real de vidas, del fortalecimiento de capacidades y de la creaci\u00f3n de oportunidades que permiten que nuestro pueblo avance hacia un futuro con mayor equidad y desarrollo\u201d<\/span><\/i><span style=\"font-weight: 400;\">.<\/span><\/span><\/p>\n","protected":false},"excerpt":{"rendered":"<p>** La meta anual fue superada al alcanzarse una ejecuci\u00f3n del 206 %<\/p>\n","protected":false},"author":4,"featured_media":69239,"comment_status":"closed","ping_status":"closed","sticky":false,"template":"","format":"standard","meta":{"footnotes":""},"categories":[2],"tags":[],"class_list":["post-69238","post","type-post","status-publish","format-standard","has-post-thumbnail","hentry","category-blog"],"_links":{"self":[{"href":"https:\/\/inces.gob.ve\/index.php\/wp-json\/wp\/v2\/posts\/69238","targetHints":{"allow":["GET"]}}],"collection":[{"href":"https:\/\/inces.gob.ve\/index.php\/wp-json\/wp\/v2\/posts"}],"about":[{"href":"https:\/\/inces.gob.ve\/index.php\/wp-json\/wp\/v2\/types\/post"}],"author":[{"embeddable":true,"href":"https:\/\/inces.gob.ve\/index.php\/wp-json\/wp\/v2\/users\/4"}],"replies":[{"embeddable":true,"href":"https:\/\/inces.gob.ve\/index.php\/wp-json\/wp\/v2\/comments?post=69238"}],"version-history":[{"count":1,"href":"https:\/\/inces.gob.ve\/index.php\/wp-json\/wp\/v2\/posts\/69238\/revisions"}],"predecessor-version":[{"id":69240,"href":"https:\/\/inces.gob.ve\/index.php\/wp-json\/wp\/v2\/posts\/69238\/revisions\/69240"}],"wp:featuredmedia":[{"embeddable":true,"href":"https:\/\/inces.gob.ve\/index.php\/wp-json\/wp\/v2\/media\/69239"}],"wp:attachment":[{"href":"https:\/\/inces.gob.ve\/index.php\/wp-json\/wp\/v2\/media?parent=69238"}],"wp:term":[{"taxonomy":"category","embeddable":true,"href":"https:\/\/inces.gob.ve\/index.php\/wp-json\/wp\/v2\/categories?post=69238"},{"taxonomy":"post_tag","embeddable":true,"href":"https:\/\/inces.gob.ve\/index.php\/wp-json\/wp\/v2\/tags?post=69238"}],"curies":[{"name":"wp","href":"https:\/\/api.w.org\/{rel}","templated":true}]}}