{"id":69258,"date":"2025-12-13T10:39:49","date_gmt":"2025-12-13T14:39:49","guid":{"rendered":"https:\/\/inces.gob.ve\/?p=69258"},"modified":"2026-01-06T10:44:11","modified_gmt":"2026-01-06T14:44:11","slug":"nueva-esparta-inces-y-gente-de-radio-forman-en-el-marco-del-dia-nacional-del-locutor","status":"publish","type":"post","link":"https:\/\/inces.gob.ve\/index.php\/2025\/12\/13\/nueva-esparta-inces-y-gente-de-radio-forman-en-el-marco-del-dia-nacional-del-locutor\/","title":{"rendered":"NUEVA ESPARTA | Inces y Gente de Radio forman\u00a0 en el marco del D\u00eda Nacional del Locutor"},"content":{"rendered":"<p style=\"font-weight: 400; text-align: justify;\"><span style=\"font-family: helvetica, arial, sans-serif;\"><em>***Introducci\u00f3n a la locuci\u00f3n se dict\u00f3 en el CFS Guaraguao<\/em><\/span><!--more--><\/p>\n<p>&nbsp;<\/p>\n<p style=\"font-weight: 400; text-align: justify;\">\n<p style=\"font-weight: 400; text-align: justify;\"><span style=\"font-family: helvetica, arial, sans-serif;\"><strong>ERNESTO GONZ\u00c1LEZ R.<\/strong><\/span><\/p>\n<p style=\"font-weight: 400; text-align: justify;\"><span style=\"font-family: helvetica, arial, sans-serif;\">Introducci\u00f3n a la Locuci\u00f3n, unidad curricular del Inces, fue dictada a 45 participantes en el sal\u00f3n de usos m\u00faltiples en el Centro de Formaci\u00f3n Socialista Guaraguao, como parte de la programaci\u00f3n que organiz\u00f3 Gente de Radio con motivo de conmemorarse este 11 de diciembre el D\u00eda Nacional del Locutor y donde la Escuela de Medios y Comunicaci\u00f3n, adjunta al Inces Nueva Esparta brindaron en sinergia \u00a0este taller, el cual fue dictado por el locutor Gregorio Ruiz.<\/span><\/p>\n<p>&nbsp;<\/p>\n<p>&nbsp;<\/p>\n<p style=\"font-weight: 400; text-align: justify;\"><span style=\"font-family: helvetica, arial, sans-serif;\">Los participantes adquirieron las diversas t\u00e9cnicas y herramientas basadas en la cotidianidad y lo que significa estar constantemente en la b\u00fasqueda de la forma correcta de la escritura y pronunciaci\u00f3n de las palabras, apegadas a su id\u00f3nea dicci\u00f3n y modulaci\u00f3n.<\/span><\/p>\n<p>&nbsp;<\/p>\n<p>&nbsp;<\/p>\n<p style=\"font-weight: 400; text-align: justify;\"><span style=\"font-family: helvetica, arial, sans-serif;\">De igual manera, los asistentes al taller identificaron con pr\u00e1cticas los \u00a0diversos vicios del lenguaje y la barrera que estos producen a la hora de expresar un mensaje en diferentes contextos.<\/span><\/p>\n<p>&nbsp;<\/p>\n<p>&nbsp;<\/p>\n<p style=\"font-weight: 400; text-align: justify;\"><span style=\"font-family: helvetica, arial, sans-serif;\">El locutor y asesor comunicacional Ernesto Gonz\u00e1lez, dio la m\u00e1s cordial bienvenida a los presentes en\u00a0 nombre de las autoridades nacionales y regionales del Inces -Wuikelman \u00c1ngel Paredes y Laurie Zabala respectivamente-, manifestando \u00a0lo significativo que representa este tipo de actividades, donde la casa de la T\u00e9cnica Profesional en Venezuela, aporta con estos talleres a las nuevas generaciones que en un futuro deseen certificarse en la profesi\u00f3n de locutor bajo los cursos dictados por las universidades autorizadas por ley para obtener el t\u00edtulo de locutor en nuestro pa\u00eds. \u00a0<\/span><\/p>\n","protected":false},"excerpt":{"rendered":"<p>***Introducci\u00f3n a la locuci\u00f3n se dict\u00f3 en el CFS Guaraguao<\/p>\n","protected":false},"author":4,"featured_media":69259,"comment_status":"closed","ping_status":"closed","sticky":false,"template":"","format":"standard","meta":{"footnotes":""},"categories":[2],"tags":[],"class_list":["post-69258","post","type-post","status-publish","format-standard","has-post-thumbnail","hentry","category-blog"],"_links":{"self":[{"href":"https:\/\/inces.gob.ve\/index.php\/wp-json\/wp\/v2\/posts\/69258","targetHints":{"allow":["GET"]}}],"collection":[{"href":"https:\/\/inces.gob.ve\/index.php\/wp-json\/wp\/v2\/posts"}],"about":[{"href":"https:\/\/inces.gob.ve\/index.php\/wp-json\/wp\/v2\/types\/post"}],"author":[{"embeddable":true,"href":"https:\/\/inces.gob.ve\/index.php\/wp-json\/wp\/v2\/users\/4"}],"replies":[{"embeddable":true,"href":"https:\/\/inces.gob.ve\/index.php\/wp-json\/wp\/v2\/comments?post=69258"}],"version-history":[{"count":1,"href":"https:\/\/inces.gob.ve\/index.php\/wp-json\/wp\/v2\/posts\/69258\/revisions"}],"predecessor-version":[{"id":69260,"href":"https:\/\/inces.gob.ve\/index.php\/wp-json\/wp\/v2\/posts\/69258\/revisions\/69260"}],"wp:featuredmedia":[{"embeddable":true,"href":"https:\/\/inces.gob.ve\/index.php\/wp-json\/wp\/v2\/media\/69259"}],"wp:attachment":[{"href":"https:\/\/inces.gob.ve\/index.php\/wp-json\/wp\/v2\/media?parent=69258"}],"wp:term":[{"taxonomy":"category","embeddable":true,"href":"https:\/\/inces.gob.ve\/index.php\/wp-json\/wp\/v2\/categories?post=69258"},{"taxonomy":"post_tag","embeddable":true,"href":"https:\/\/inces.gob.ve\/index.php\/wp-json\/wp\/v2\/tags?post=69258"}],"curies":[{"name":"wp","href":"https:\/\/api.w.org\/{rel}","templated":true}]}}