{"id":69301,"date":"2025-11-05T22:25:30","date_gmt":"2025-11-06T02:25:30","guid":{"rendered":"https:\/\/inces.gob.ve\/?p=69301"},"modified":"2026-01-06T22:27:43","modified_gmt":"2026-01-07T02:27:43","slug":"apure-inces-participo-en-la-expoferia-de-oportunidades-con-el-ministerio-del-poder-popular-para-el-servicio-penitenciario","status":"publish","type":"post","link":"https:\/\/inces.gob.ve\/index.php\/2025\/11\/05\/apure-inces-participo-en-la-expoferia-de-oportunidades-con-el-ministerio-del-poder-popular-para-el-servicio-penitenciario\/","title":{"rendered":"APURE | Inces\u00a0particip\u00f3 en la Expoferia de Oportunidades con el Ministerio del Poder Popular para el Servicio Penitenciario"},"content":{"rendered":"<p class=\"ds-markdown-paragraph\" style=\"text-align: justify;\"><em><span style=\"font-family: helvetica, arial, sans-serif; font-size: 18px;\"><strong>** El evento cont\u00f3 con la colaboraci\u00f3n de instituciones como Conapdis, la Misi\u00f3n Ribas y la Misi\u00f3n Sucre, y ofreci\u00f3 alternativas de estudio para la poblaci\u00f3n en proceso de resocializaci\u00f3n<\/strong><\/span><\/em><!--more--><\/p>\n<p>&nbsp;<\/p>\n<p class=\"ds-markdown-paragraph\" style=\"text-align: justify;\"><span style=\"font-family: helvetica, arial, sans-serif; font-size: 18px;\">El Instituto Nacional de Capacitaci\u00f3n y Educaci\u00f3n Socialista (<strong>Inces<\/strong>) fue parte de la Expoferia de Oportunidades, un evento organizado por el Ministerio del Poder Popular para el Servicio Penitenciario a trav\u00e9s del Proyecto Miranda. Esta actividad cont\u00f3 con la colaboraci\u00f3n de instituciones como el Consejo Nacional para las Personas con Discapacidad (Conapdis), la Misi\u00f3n Ribas y la Misi\u00f3n Sucre.<\/span><\/p>\n<p>&nbsp;<\/p>\n<p>&nbsp;<\/p>\n<p class=\"ds-markdown-paragraph\" style=\"text-align: justify;\"><span style=\"font-family: helvetica, arial, sans-serif; font-size: 18px;\">La Expoferia se llev\u00f3 a cabo en las instalaciones de la casa formativa y ofreci\u00f3 diversas alternativas de estudio para los asistentes, incluyendo programas, talleres y formaciones dise\u00f1adas para impulsar el crecimiento acad\u00e9mico y profesional de la poblaci\u00f3n en proceso de resocializaci\u00f3n.<\/span><\/p>\n<p>&nbsp;<\/p>\n<p>&nbsp;<\/p>\n<p class=\"ds-markdown-paragraph\" style=\"text-align: justify;\"><span style=\"font-family: helvetica, arial, sans-serif; font-size: 18px;\">Durante el evento, el\u00a0<strong>Inces<\/strong>\u00a0destac\u00f3 sus programas, como el Bachillerato Productivo y el Programa Nacional de Aprendizaje. Adem\u00e1s, se presentaron distintas formaciones productivas, incluyendo una demostraci\u00f3n del perfil de Barbero y Peluquero.<\/span><\/p>\n<p>&nbsp;<\/p>\n<p>&nbsp;<\/p>\n<p class=\"ds-markdown-paragraph\" style=\"text-align: justify;\"><span style=\"font-family: helvetica, arial, sans-serif; font-size: 18px;\">Estas instituciones, trabajando en conjunto, construyen oportunidades y fomentan la creaci\u00f3n de unidades productivas. La rehabilitaci\u00f3n de los participantes es integral, transformadora y humanista, donde la educaci\u00f3n y el trabajo son pilares fundamentales para la redenci\u00f3n, convirtiendo a los beneficiarios en miembros valiosos para el pa\u00eds.<\/span><\/p>\n","protected":false},"excerpt":{"rendered":"<p>** El evento cont\u00f3 con la colaboraci\u00f3n de instituciones como Conapdis, la Misi\u00f3n Ribas y la Misi\u00f3n Sucre, y ofreci\u00f3 alternativas de estudio para la poblaci\u00f3n en proceso de resocializaci\u00f3n<\/p>\n","protected":false},"author":4,"featured_media":69302,"comment_status":"closed","ping_status":"closed","sticky":false,"template":"","format":"standard","meta":{"footnotes":""},"categories":[2],"tags":[],"class_list":["post-69301","post","type-post","status-publish","format-standard","has-post-thumbnail","hentry","category-blog"],"_links":{"self":[{"href":"https:\/\/inces.gob.ve\/index.php\/wp-json\/wp\/v2\/posts\/69301","targetHints":{"allow":["GET"]}}],"collection":[{"href":"https:\/\/inces.gob.ve\/index.php\/wp-json\/wp\/v2\/posts"}],"about":[{"href":"https:\/\/inces.gob.ve\/index.php\/wp-json\/wp\/v2\/types\/post"}],"author":[{"embeddable":true,"href":"https:\/\/inces.gob.ve\/index.php\/wp-json\/wp\/v2\/users\/4"}],"replies":[{"embeddable":true,"href":"https:\/\/inces.gob.ve\/index.php\/wp-json\/wp\/v2\/comments?post=69301"}],"version-history":[{"count":1,"href":"https:\/\/inces.gob.ve\/index.php\/wp-json\/wp\/v2\/posts\/69301\/revisions"}],"predecessor-version":[{"id":69303,"href":"https:\/\/inces.gob.ve\/index.php\/wp-json\/wp\/v2\/posts\/69301\/revisions\/69303"}],"wp:featuredmedia":[{"embeddable":true,"href":"https:\/\/inces.gob.ve\/index.php\/wp-json\/wp\/v2\/media\/69302"}],"wp:attachment":[{"href":"https:\/\/inces.gob.ve\/index.php\/wp-json\/wp\/v2\/media?parent=69301"}],"wp:term":[{"taxonomy":"category","embeddable":true,"href":"https:\/\/inces.gob.ve\/index.php\/wp-json\/wp\/v2\/categories?post=69301"},{"taxonomy":"post_tag","embeddable":true,"href":"https:\/\/inces.gob.ve\/index.php\/wp-json\/wp\/v2\/tags?post=69301"}],"curies":[{"name":"wp","href":"https:\/\/api.w.org\/{rel}","templated":true}]}}