{"id":69316,"date":"2026-01-07T15:32:39","date_gmt":"2026-01-07T19:32:39","guid":{"rendered":"https:\/\/inces.gob.ve\/?p=69316"},"modified":"2026-01-08T18:05:00","modified_gmt":"2026-01-08T22:05:00","slug":"oferta-formativa-inces-2026-sera-anunciada-en-los-proximos-dias","status":"publish","type":"post","link":"https:\/\/inces.gob.ve\/index.php\/2026\/01\/07\/oferta-formativa-inces-2026-sera-anunciada-en-los-proximos-dias\/","title":{"rendered":"Oferta formativa Inces 2026 ser\u00e1 anunciada en los pr\u00f3ximos d\u00edas"},"content":{"rendered":"<p class=\"ds-markdown-paragraph\" style=\"text-align: justify;\"><span style=\"font-family: helvetica, arial, sans-serif; font-size: 18px;\"><em><strong>** El presidente de la instituci\u00f3n ratific\u00f3 el plan de acci\u00f3n 2026, durante un encuentro con los gerentes nacionales y regionales, enfocado en formaci\u00f3n t\u00e9cnica para la soberan\u00eda productiva<\/strong><\/em><!--more--><\/span><\/p>\n<p>&nbsp;<\/p>\n<p>&nbsp;<\/p>\n<p style=\"text-align: justify;\"><strong><span style=\"font-family: helvetica, arial, sans-serif;\">LONGINA TOVAR<\/span><\/strong><\/p>\n<p class=\"ds-markdown-paragraph\" style=\"text-align: justify;\"><span style=\"font-family: helvetica, arial, sans-serif; font-size: 18px;\"><strong>(CARACAS 7\/01\/2026).-<\/strong> El Instituto Nacional de Capacitaci\u00f3n y Educaci\u00f3n Socialista (Inces) anunciar\u00e1 en los pr\u00f3ximos d\u00edas su oferta formativa para el a\u00f1o 2026, junto con la ruta de inscripciones para los participantes. La informaci\u00f3n fue dada a conocer por el presidente de la instituci\u00f3n, Wuikelman \u00c1ngel, durante un encuentro estrat\u00e9gico con directores, gerentes generales y gerentes regionales del organismo.<\/span><\/p>\n<p>&nbsp;<\/p>\n<p>&nbsp;<\/p>\n<p><img loading=\"lazy\" decoding=\"async\" class=\"aligncenter wp-image-69319 size-large\" src=\"https:\/\/inces.gob.ve\/wp-content\/uploads\/2026\/01\/photo_5111948794319801317_y-1024x768.jpg\" alt=\"\" width=\"640\" height=\"480\" srcset=\"https:\/\/inces.gob.ve\/wp-content\/uploads\/2026\/01\/photo_5111948794319801317_y-1024x768.jpg 1024w, https:\/\/inces.gob.ve\/wp-content\/uploads\/2026\/01\/photo_5111948794319801317_y-300x225.jpg 300w, https:\/\/inces.gob.ve\/wp-content\/uploads\/2026\/01\/photo_5111948794319801317_y-768x576.jpg 768w, https:\/\/inces.gob.ve\/wp-content\/uploads\/2026\/01\/photo_5111948794319801317_y-136x102.jpg 136w, https:\/\/inces.gob.ve\/wp-content\/uploads\/2026\/01\/photo_5111948794319801317_y.jpg 1280w\" sizes=\"auto, (max-width: 640px) 100vw, 640px\" \/><\/p>\n<p>&nbsp;<\/p>\n<p>&nbsp;<\/p>\n<p>&nbsp;<\/p>\n<p><span style=\"font-family: helvetica, arial, sans-serif; font-size: 18px;\">Durante la reuni\u00f3n, \u00c1ngel ratific\u00f3 el plan formativo 2026, el cual tiene como objetivo central la formaci\u00f3n t\u00e9cnica orientada a fortalecer la soberan\u00eda nacional. \u00abEste plan se fundamenta en la promoci\u00f3n del conocimiento y el trabajo productivo como pilares para el desarrollo econ\u00f3mico del pa\u00eds\u00bb, dijo.<\/span><\/p>\n<p>&nbsp;<\/p>\n<p>&nbsp;<\/p>\n<p><img loading=\"lazy\" decoding=\"async\" class=\"aligncenter wp-image-69318 size-large\" src=\"https:\/\/inces.gob.ve\/wp-content\/uploads\/2026\/01\/photo_5111948794319801318_y-1024x768.jpg\" alt=\"\" width=\"640\" height=\"480\" srcset=\"https:\/\/inces.gob.ve\/wp-content\/uploads\/2026\/01\/photo_5111948794319801318_y-1024x768.jpg 1024w, https:\/\/inces.gob.ve\/wp-content\/uploads\/2026\/01\/photo_5111948794319801318_y-300x225.jpg 300w, https:\/\/inces.gob.ve\/wp-content\/uploads\/2026\/01\/photo_5111948794319801318_y-768x576.jpg 768w, https:\/\/inces.gob.ve\/wp-content\/uploads\/2026\/01\/photo_5111948794319801318_y-136x102.jpg 136w, https:\/\/inces.gob.ve\/wp-content\/uploads\/2026\/01\/photo_5111948794319801318_y.jpg 1280w\" sizes=\"auto, (max-width: 640px) 100vw, 640px\" \/><\/p>\n<p>&nbsp;<\/p>\n<p class=\"ds-markdown-paragraph\" style=\"text-align: justify;\"><span style=\"font-family: helvetica, arial, sans-serif; font-size: 18px;\">El encuentro con los directivos sirvi\u00f3 para alinear la estrategia de implementaci\u00f3n y garantizar el despliegue efectivo de la formaci\u00f3n en todos los estados del territorio nacional: \u00abEstamos listos para un a\u00f1o de crecimiento acad\u00e9mico y t\u00e9cnico que transformar\u00e1 realidades\u00bb, subray\u00f3 \u00c1ngel.<\/span><\/p>\n<p>&nbsp;<\/p>\n<p><img loading=\"lazy\" decoding=\"async\" class=\"aligncenter wp-image-69320 size-large\" src=\"https:\/\/inces.gob.ve\/wp-content\/uploads\/2026\/01\/photo_5111948794319801315_y-1024x672.jpg\" alt=\"\" width=\"640\" height=\"420\" srcset=\"https:\/\/inces.gob.ve\/wp-content\/uploads\/2026\/01\/photo_5111948794319801315_y-1024x672.jpg 1024w, https:\/\/inces.gob.ve\/wp-content\/uploads\/2026\/01\/photo_5111948794319801315_y-300x197.jpg 300w, https:\/\/inces.gob.ve\/wp-content\/uploads\/2026\/01\/photo_5111948794319801315_y-768x504.jpg 768w, https:\/\/inces.gob.ve\/wp-content\/uploads\/2026\/01\/photo_5111948794319801315_y.jpg 1280w\" sizes=\"auto, (max-width: 640px) 100vw, 640px\" \/><\/p>\n<p>&nbsp;<\/p>\n<p><span style=\"font-family: helvetica, arial, sans-serif; font-size: 18px;\">Asimismo, enfatiz\u00f3 que el enfoque del Inces est\u00e1 orientado a impartir una formaci\u00f3n robusta que se convierta en el motor fundamental de la soberan\u00eda nacional y del trabajo productivo.<\/span><\/p>\n","protected":false},"excerpt":{"rendered":"<p>** El presidente de la instituci\u00f3n ratific\u00f3 el plan de acci\u00f3n 2026, durante un encuentro con los gerentes nacionales y regionales, enfocado en formaci\u00f3n t\u00e9cnica para la soberan\u00eda productiva<\/p>\n","protected":false},"author":4,"featured_media":69321,"comment_status":"closed","ping_status":"closed","sticky":false,"template":"","format":"standard","meta":{"footnotes":""},"categories":[2],"tags":[],"class_list":["post-69316","post","type-post","status-publish","format-standard","has-post-thumbnail","hentry","category-blog"],"_links":{"self":[{"href":"https:\/\/inces.gob.ve\/index.php\/wp-json\/wp\/v2\/posts\/69316","targetHints":{"allow":["GET"]}}],"collection":[{"href":"https:\/\/inces.gob.ve\/index.php\/wp-json\/wp\/v2\/posts"}],"about":[{"href":"https:\/\/inces.gob.ve\/index.php\/wp-json\/wp\/v2\/types\/post"}],"author":[{"embeddable":true,"href":"https:\/\/inces.gob.ve\/index.php\/wp-json\/wp\/v2\/users\/4"}],"replies":[{"embeddable":true,"href":"https:\/\/inces.gob.ve\/index.php\/wp-json\/wp\/v2\/comments?post=69316"}],"version-history":[{"count":4,"href":"https:\/\/inces.gob.ve\/index.php\/wp-json\/wp\/v2\/posts\/69316\/revisions"}],"predecessor-version":[{"id":69346,"href":"https:\/\/inces.gob.ve\/index.php\/wp-json\/wp\/v2\/posts\/69316\/revisions\/69346"}],"wp:featuredmedia":[{"embeddable":true,"href":"https:\/\/inces.gob.ve\/index.php\/wp-json\/wp\/v2\/media\/69321"}],"wp:attachment":[{"href":"https:\/\/inces.gob.ve\/index.php\/wp-json\/wp\/v2\/media?parent=69316"}],"wp:term":[{"taxonomy":"category","embeddable":true,"href":"https:\/\/inces.gob.ve\/index.php\/wp-json\/wp\/v2\/categories?post=69316"},{"taxonomy":"post_tag","embeddable":true,"href":"https:\/\/inces.gob.ve\/index.php\/wp-json\/wp\/v2\/tags?post=69316"}],"curies":[{"name":"wp","href":"https:\/\/api.w.org\/{rel}","templated":true}]}}