{"id":69427,"date":"2026-01-02T13:40:03","date_gmt":"2026-01-02T17:40:03","guid":{"rendered":"https:\/\/inces.gob.ve\/?p=69427"},"modified":"2026-01-20T13:41:37","modified_gmt":"2026-01-20T17:41:37","slug":"anzoategui-la-familia-del-inces-concluyo-el-ano-con-un-almuerzo-navideno-con-los-trabajadores-y-trabajadoras-de-la-institucion","status":"publish","type":"post","link":"https:\/\/inces.gob.ve\/index.php\/2026\/01\/02\/anzoategui-la-familia-del-inces-concluyo-el-ano-con-un-almuerzo-navideno-con-los-trabajadores-y-trabajadoras-de-la-institucion\/","title":{"rendered":"ANZO\u00c1TEGUI | La familia del Inces concluy\u00f3 el a\u00f1o con un almuerzo navide\u00f1o con los trabajadores y trabajadoras de la instituci\u00f3n."},"content":{"rendered":"<div dir=\"auto\" style=\"text-align: justify;\"><span style=\"font-family: helvetica, arial, sans-serif; font-size: 18px;\">Con el objetivo primordial de fortalecer y consolidar los lazos de compa\u00f1erismo entre todos los miembros de la instituci\u00f3n, as\u00ed como de crear un ambiente m\u00e1s propicio para la colaboraci\u00f3n y la camarader\u00eda, se organizo un evento especial. Este evento tambi\u00e9n sirvio como una oportunidad perfecta para celebrar y reconocer los logros alcanzados durante el a\u00f1o, destacando las victorias conseguidas, los desaf\u00edos superados y el esfuerzo colectivo que ha llevado al equipo a alcanzar sus metas.<\/span><\/div>\n<div dir=\"auto\"><\/div>\n<div dir=\"auto\"><\/div>\n<div dir=\"auto\" style=\"text-align: justify;\"><\/div>\n<div dir=\"auto\" style=\"text-align: justify;\"><span style=\"font-family: helvetica, arial, sans-serif; font-size: 18px;\">La celebraci\u00f3n del compartir navide\u00f1o logr\u00f3 reunir a toda la extensa familia Inces en torno a una \u00fanica y acogedora mesa. Este evento fue posible gracias a las pol\u00edticas implementadas por la direcci\u00f3n encabezada por el presidente del Inces Wuikelman Angel Paredes. Junto a \u00e9l, la gerencia regional de Inces Anzo\u00e1tegui colabor\u00f3 estrechamente para transformar este encuentro en una oportunidad memorable; no solo para fomentar la uni\u00f3n y el sentido de pertenencia entre todos los miembros de la organizaci\u00f3n, sino tambi\u00e9n como un momento especial para expresar agradecimiento sincero a cada uno de sus trabajadores por su constante dedicaci\u00f3n y esfuerzo incansable. La calidez del ambiente reflejaba el compromiso de cada individuo y la creciente fortaleza de los lazos internos cultivados a lo largo del tiempo, en ese entorno festivo que celebraba el esp\u00edritu de la Navidad.<\/span><\/div>\n<div dir=\"auto\"><\/div>\n<div dir=\"auto\"><\/div>\n<div dir=\"auto\" style=\"text-align: justify;\"><\/div>\n<div dir=\"auto\" style=\"text-align: justify;\"><span style=\"font-family: helvetica, arial, sans-serif; font-size: 18px;\">La gerente regional, la doctora Josdalia Torres, subray\u00f3 con entusiasmo: \u201cEste compartir navide\u00f1o no solo es una celebraci\u00f3n m\u00e1s en nuestro calendario; representa una oportunidad \u00fanica para reconocer y valorar el esfuerzo incansable que todos, como equipo, han entregado durante el a\u00f1o. A trav\u00e9s de nuestros esfuerzos colectivos, hemos alcanzado metas significativas. Es fundamental continuar aunando voluntades y energ\u00edas, manteniendo la uni\u00f3n y el compromiso, como un solo equipo. Esto nos permitir\u00e1 seguir avanzando con firmeza hacia nuestro objetivo primordial y m\u00e1s noble, que es la formaci\u00f3n t\u00e9cnica profesional y el desarrollo integral del pueblo venezolano, contribuyendo de esta manera al bienestar y al progreso de nuestra comunidad\u00bb.<\/span><\/div>\n<div dir=\"auto\"><\/div>\n<div dir=\"auto\"><\/div>\n<div dir=\"auto\" style=\"text-align: justify;\"><\/div>\n<div dir=\"auto\" style=\"text-align: justify;\"><span style=\"font-family: helvetica, arial, sans-serif; font-size: 18px;\">Cada uno de los presentes tuvo la oportunidad de deleitarse con un exquisito y tradicional plato navide\u00f1o que realz\u00f3 los sabores caracter\u00edsticos de la temporada. Simult\u00e1neamente, todos los asistentes se sumergieron en un ambiente de alegr\u00eda durante un ameno intercambio de regalos, que no solo trajo sorpresa y emoci\u00f3n sino que tambi\u00e9n reforz\u00f3 los lazos de amistad. Adem\u00e1s, se llevaron a cabo diversas premiaciones que reconocieron logros y esfuerzos destacados, lo cual a\u00f1adi\u00f3 un toque de orgullo y satisfacci\u00f3n al evento. Todo esto contribuy\u00f3 a un momento de acercamiento, promoviendo la integraci\u00f3n y el sentido de unidad. As\u00ed, el aut\u00e9ntico esp\u00edritu de celebraci\u00f3n de la \u00e9poca navide\u00f1a se hizo presente, llenando de calidez y alegr\u00eda este especial<\/span><\/div>\n","protected":false},"excerpt":{"rendered":"<p>Con el objetivo primordial de fortalecer y consolidar los lazos de compa\u00f1erismo entre todos los miembros de la instituci\u00f3n, as\u00ed como de crear un ambiente m\u00e1s propicio para la colaboraci\u00f3n y la camarader\u00eda, se organizo un evento especial. Este evento tambi\u00e9n sirvio como una oportunidad perfecta para celebrar y reconocer los logros alcanzados durante el [&hellip;]<\/p>\n","protected":false},"author":4,"featured_media":69428,"comment_status":"closed","ping_status":"closed","sticky":false,"template":"","format":"standard","meta":{"footnotes":""},"categories":[2],"tags":[],"class_list":["post-69427","post","type-post","status-publish","format-standard","has-post-thumbnail","hentry","category-blog"],"_links":{"self":[{"href":"https:\/\/inces.gob.ve\/index.php\/wp-json\/wp\/v2\/posts\/69427","targetHints":{"allow":["GET"]}}],"collection":[{"href":"https:\/\/inces.gob.ve\/index.php\/wp-json\/wp\/v2\/posts"}],"about":[{"href":"https:\/\/inces.gob.ve\/index.php\/wp-json\/wp\/v2\/types\/post"}],"author":[{"embeddable":true,"href":"https:\/\/inces.gob.ve\/index.php\/wp-json\/wp\/v2\/users\/4"}],"replies":[{"embeddable":true,"href":"https:\/\/inces.gob.ve\/index.php\/wp-json\/wp\/v2\/comments?post=69427"}],"version-history":[{"count":1,"href":"https:\/\/inces.gob.ve\/index.php\/wp-json\/wp\/v2\/posts\/69427\/revisions"}],"predecessor-version":[{"id":69429,"href":"https:\/\/inces.gob.ve\/index.php\/wp-json\/wp\/v2\/posts\/69427\/revisions\/69429"}],"wp:featuredmedia":[{"embeddable":true,"href":"https:\/\/inces.gob.ve\/index.php\/wp-json\/wp\/v2\/media\/69428"}],"wp:attachment":[{"href":"https:\/\/inces.gob.ve\/index.php\/wp-json\/wp\/v2\/media?parent=69427"}],"wp:term":[{"taxonomy":"category","embeddable":true,"href":"https:\/\/inces.gob.ve\/index.php\/wp-json\/wp\/v2\/categories?post=69427"},{"taxonomy":"post_tag","embeddable":true,"href":"https:\/\/inces.gob.ve\/index.php\/wp-json\/wp\/v2\/tags?post=69427"}],"curies":[{"name":"wp","href":"https:\/\/api.w.org\/{rel}","templated":true}]}}