{"id":69432,"date":"2026-01-20T13:55:05","date_gmt":"2026-01-20T17:55:05","guid":{"rendered":"https:\/\/inces.gob.ve\/?p=69432"},"modified":"2026-01-20T13:58:36","modified_gmt":"2026-01-20T17:58:36","slug":"el-inces-activa-los-comites-formar-produciendo","status":"publish","type":"post","link":"https:\/\/inces.gob.ve\/index.php\/2026\/01\/20\/el-inces-activa-los-comites-formar-produciendo\/","title":{"rendered":"El Inces activa los Comit\u00e9s \u201cFormar Produciendo\u201d"},"content":{"rendered":"<p style=\"text-align: justify;\"><span style=\"font-family: helvetica, arial, sans-serif; font-size: 18px;\"><strong><em>** En el Inces busca impulsar el autofinanciamiento<\/em><\/strong><!--more--><\/span><\/p>\n<p style=\"text-align: justify;\">\n<p style=\"text-align: justify;\"><span style=\"font-family: helvetica, arial, sans-serif; font-size: 18px;\">Siguiendo orientaciones de su m\u00e1xima autoridad, Wukelman \u00c1ngel, el Instituto Nacional de Capacitaci\u00f3n y Educaci\u00f3n Socialista (Inces), en su af\u00e1n de llevar a la instituci\u00f3n a su m\u00e1ximo desarrollo de formaci\u00f3n profesional, realiz\u00f3 el pasado 15 de enero una videoconferencia donde estuvieron conectados los gerentes regionales, la Gerencia General de Producci\u00f3n y Encadenamiento Productivo, la Direcci\u00f3n Estrat\u00e9gica de Formaci\u00f3n y Autoformaci\u00f3n y la Secretar\u00eda Ejecutiva del Consejo de Gesti\u00f3n Regional.<\/span><\/p>\n<p style=\"text-align: justify;\">\n<p style=\"text-align: justify;\"><img loading=\"lazy\" decoding=\"async\" class=\"wp-image-69434 size-full aligncenter\" src=\"https:\/\/inces.gob.ve\/wp-content\/uploads\/2026\/01\/1000048491-scaled-e1768931627164.jpg\" alt=\"\" width=\"800\" height=\"475\" \/><\/p>\n<p>** En el Inces busca impulsar el autofinanciamiento\ufffc<\/p>\n<p>&nbsp;<\/p>\n<p>Siguiendo orientaciones de su m\u00e1xima autoridad, Wukelman \u00c1ngel, el Instituto Nacional de Capacitaci\u00f3n y Educaci\u00f3n Socialista (Inces), en su af\u00e1n de llevar a la instituci\u00f3n a su m\u00e1ximo desarrollo de formaci\u00f3n profesional, realiz\u00f3 el pasado 15 de enero una videoconferencia donde estuvieron conectados los gerentes regionales, la Gerencia General de Producci\u00f3n y Encadenamiento Productivo, la Direcci\u00f3n Estrat\u00e9gica de Formaci\u00f3n y Autoformaci\u00f3n y la Secretar\u00eda Ejecutiva del Consejo de Gesti\u00f3n Regional.<\/p>\n<p>&nbsp;<\/p>\n<p>\ufffc<\/p>\n<p>En la misma se solicit\u00f3 la informaci\u00f3n de los Centro de Formaci\u00f3n Socialista (CFS) activos y adscritos a cada gerencia a nivel nacional, con la finalidad de identificar los proyectos productivos que el ente formador pueda desarrollar a corto y mediano plazo, con la meta de generar ingresos propios.<\/p>\n<p>&nbsp;<\/p>\n<p>Cabe destacar que estos proyectos est\u00e1n amparados jur\u00eddicamente a trav\u00e9s de dos puntos de cuenta aprobados: el incentivo econ\u00f3mico y la formaci\u00f3n de los comit\u00e9s Formar Producci\u00f3n, as\u00ed mismo, el prototipo de los contratos para las alianzas reafirmando la aplicaci\u00f3n del nuevo modelo de gesti\u00f3n.<\/p>\n<p>&nbsp;<\/p>\n<p style=\"text-align: justify;\"><span style=\"font-family: helvetica, arial, sans-serif; font-size: 18px;\">En la misma se solicit\u00f3 la informaci\u00f3n de los Centro de Formaci\u00f3n Socialista (CFS) activos y adscritos a cada gerencia a nivel nacional, con la finalidad de identificar los proyectos productivos que el ente formador pueda desarrollar a corto y mediano plazo, con la meta de generar ingresos propios.<\/span><\/p>\n<p style=\"text-align: justify;\">\n<p style=\"text-align: justify;\"><span style=\"font-family: helvetica, arial, sans-serif; font-size: 18px;\">Cabe destacar que estos proyectos est\u00e1n amparados jur\u00eddicamente a trav\u00e9s de dos puntos de cuenta aprobados: el incentivo econ\u00f3mico y la formaci\u00f3n de los comit\u00e9s Formar Producci\u00f3n, as\u00ed mismo, el prototipo de los contratos para las alianzas reafirmando la aplicaci\u00f3n del nuevo modelo de gesti\u00f3n.<\/span><\/p>\n<p style=\"text-align: justify;\">\n","protected":false},"excerpt":{"rendered":"<p>** En el Inces busca impulsar el autofinanciamiento<\/p>\n","protected":false},"author":15,"featured_media":69433,"comment_status":"closed","ping_status":"closed","sticky":false,"template":"","format":"standard","meta":{"footnotes":""},"categories":[2],"tags":[],"class_list":["post-69432","post","type-post","status-publish","format-standard","has-post-thumbnail","hentry","category-blog"],"_links":{"self":[{"href":"https:\/\/inces.gob.ve\/index.php\/wp-json\/wp\/v2\/posts\/69432","targetHints":{"allow":["GET"]}}],"collection":[{"href":"https:\/\/inces.gob.ve\/index.php\/wp-json\/wp\/v2\/posts"}],"about":[{"href":"https:\/\/inces.gob.ve\/index.php\/wp-json\/wp\/v2\/types\/post"}],"author":[{"embeddable":true,"href":"https:\/\/inces.gob.ve\/index.php\/wp-json\/wp\/v2\/users\/15"}],"replies":[{"embeddable":true,"href":"https:\/\/inces.gob.ve\/index.php\/wp-json\/wp\/v2\/comments?post=69432"}],"version-history":[{"count":3,"href":"https:\/\/inces.gob.ve\/index.php\/wp-json\/wp\/v2\/posts\/69432\/revisions"}],"predecessor-version":[{"id":69437,"href":"https:\/\/inces.gob.ve\/index.php\/wp-json\/wp\/v2\/posts\/69432\/revisions\/69437"}],"wp:featuredmedia":[{"embeddable":true,"href":"https:\/\/inces.gob.ve\/index.php\/wp-json\/wp\/v2\/media\/69433"}],"wp:attachment":[{"href":"https:\/\/inces.gob.ve\/index.php\/wp-json\/wp\/v2\/media?parent=69432"}],"wp:term":[{"taxonomy":"category","embeddable":true,"href":"https:\/\/inces.gob.ve\/index.php\/wp-json\/wp\/v2\/categories?post=69432"},{"taxonomy":"post_tag","embeddable":true,"href":"https:\/\/inces.gob.ve\/index.php\/wp-json\/wp\/v2\/tags?post=69432"}],"curies":[{"name":"wp","href":"https:\/\/api.w.org\/{rel}","templated":true}]}}