{"id":69441,"date":"2026-01-02T14:16:16","date_gmt":"2026-01-02T18:16:16","guid":{"rendered":"https:\/\/inces.gob.ve\/?p=69441"},"modified":"2026-01-20T14:18:00","modified_gmt":"2026-01-20T18:18:00","slug":"anzoategui-el-instituto-nacional-de-capacitacion-y-educacion-socialista-inces-de-la-region-anzoategui-llevo-a-cabo-la-entrega-de-juguetes-a-sus-trabajadores-y-trabajadoras","status":"publish","type":"post","link":"https:\/\/inces.gob.ve\/index.php\/2026\/01\/02\/anzoategui-el-instituto-nacional-de-capacitacion-y-educacion-socialista-inces-de-la-region-anzoategui-llevo-a-cabo-la-entrega-de-juguetes-a-sus-trabajadores-y-trabajadoras\/","title":{"rendered":"ANZO\u00c1TEGUI | El Instituto Nacional de Capacitaci\u00f3n y Educaci\u00f3n Socialista (Inces) de la Regi\u00f3n Anzo\u00e1tegui llev\u00f3 a cabo la entrega de juguetes a sus trabajadores y trabajadoras"},"content":{"rendered":"<div dir=\"auto\"><span style=\"font-family: helvetica, arial, sans-serif; font-size: 18px;\">El presidente Nicol\u00e1s Maduro se comprometi\u00f3 solemnemente ante el pueblo venezolano a transformar estas navidades en una \u00abfecha especial e inolvidable\u00bb para todas las ni\u00f1as y todos los ni\u00f1os del pa\u00eds. Esta promesa se enmarca en un esfuerzo conjunto liderado por el Presidente del Inces, Wuikelman \u00c1ngel Paredes, el Gerente Nacional de Talento Humano, David Betancourt, la Gerente Regional de Inces Anzo\u00e1tegui, Dra. Josdalia Torres, y el equipo dedicado del Inces, asegurando que ning\u00fan ni\u00f1o afiliado a la instituci\u00f3n se quede sin sus juguetes. Seg\u00fan las palabras del Presidente Wuikelman \u00c1ngel Paredes, estar a la vanguardia implica realizar nuestro trabajo con amor genuino, comprendiendo que nuestra labor es m\u00e1s que una tarea, es un estilo de vida y una vocaci\u00f3n que nos apasiona profundamente.<\/span><\/div>\n<div dir=\"auto\"><\/div>\n<div dir=\"auto\"><\/div>\n<div dir=\"auto\"><\/div>\n<div dir=\"auto\"><span style=\"font-family: helvetica, arial, sans-serif; font-size: 18px;\">Durante la ceremonia de entrega de los tradicionales obsequios navide\u00f1os a los hijos de los trabajadores de la instituci\u00f3n, se avanz\u00f3 con firmeza y dedicaci\u00f3n, apoyados por hechos concretos y bases s\u00f3lidas emanadas desde nuestra revoluci\u00f3n, consolidando el compromiso de proporcionar alegr\u00eda en estas festividades.<\/span><\/div>\n<div dir=\"auto\"><\/div>\n<div dir=\"auto\"><\/div>\n<div dir=\"auto\"><\/div>\n<div dir=\"auto\"><span style=\"font-family: helvetica, arial, sans-serif; font-size: 18px;\">Los regalos fueron meticulosamente categorizados seg\u00fan la edad: desde 0 a 4 a\u00f1os, de 5 a 7 a\u00f1os, y de 8 a 12 a\u00f1os, y se distribuyeron juguetes variados, que inclu\u00edan carros de juguete, aud\u00edfonos, cornetas, juegos did\u00e1cticos y maquillaje, entre otros elementos dise\u00f1ados para fomentar el desarrollo y la alegr\u00eda.<\/span><\/div>\n<div dir=\"auto\"><\/div>\n<div dir=\"auto\"><\/div>\n<div dir=\"auto\"><\/div>\n<div dir=\"auto\"><span style=\"font-family: helvetica, arial, sans-serif; font-size: 18px;\">Intr\u00ednsecamente sumamos felicidad al pueblo y permanecemos agradecidos por las abundantes bendiciones que rodean a Venezuela. Avanzamos con satisfacci\u00f3n y alegr\u00eda al lado de la Revoluci\u00f3n Bolivariana. Reconocemos que los aprendizajes cosechados este a\u00f1o son numerosos y todos llevan de manera intr\u00ednseca el pensamiento de Hugo Ch\u00e1vez, impregnado en cada paso de nuestro camino de vida.<\/span><\/div>\n<div dir=\"auto\"><\/div>\n<div dir=\"auto\"><\/div>\n<div dir=\"auto\"><\/div>\n<div dir=\"auto\"><span style=\"font-family: helvetica, arial, sans-serif; font-size: 18px;\">Adem\u00e1s, se resalt\u00f3 que 62 ni\u00f1os y ni\u00f1as en el estado se vieron beneficiados por esta iniciativa. Se hizo especial hincapi\u00e9 en que la sonrisa de cada uno de estos peque\u00f1os es invaluable, ya que ellos representan la semilla prometedora del futuro de nuestra naci\u00f3n. La celebraci\u00f3n y el esp\u00edritu festivo se entrelazan con la esperanza y la convicci\u00f3n de un porvenir lleno de prosperidad y amor para todos los venezolanos.<\/span><\/div>\n","protected":false},"excerpt":{"rendered":"<p>El presidente Nicol\u00e1s Maduro se comprometi\u00f3 solemnemente ante el pueblo venezolano a transformar estas navidades en una \u00abfecha especial e inolvidable\u00bb para todas las ni\u00f1as y todos los ni\u00f1os del pa\u00eds. Esta promesa se enmarca en un esfuerzo conjunto liderado por el Presidente del Inces, Wuikelman \u00c1ngel Paredes, el Gerente Nacional de Talento Humano, David [&hellip;]<\/p>\n","protected":false},"author":4,"featured_media":64809,"comment_status":"closed","ping_status":"closed","sticky":false,"template":"","format":"standard","meta":{"footnotes":""},"categories":[2],"tags":[],"class_list":["post-69441","post","type-post","status-publish","format-standard","has-post-thumbnail","hentry","category-blog"],"_links":{"self":[{"href":"https:\/\/inces.gob.ve\/index.php\/wp-json\/wp\/v2\/posts\/69441","targetHints":{"allow":["GET"]}}],"collection":[{"href":"https:\/\/inces.gob.ve\/index.php\/wp-json\/wp\/v2\/posts"}],"about":[{"href":"https:\/\/inces.gob.ve\/index.php\/wp-json\/wp\/v2\/types\/post"}],"author":[{"embeddable":true,"href":"https:\/\/inces.gob.ve\/index.php\/wp-json\/wp\/v2\/users\/4"}],"replies":[{"embeddable":true,"href":"https:\/\/inces.gob.ve\/index.php\/wp-json\/wp\/v2\/comments?post=69441"}],"version-history":[{"count":1,"href":"https:\/\/inces.gob.ve\/index.php\/wp-json\/wp\/v2\/posts\/69441\/revisions"}],"predecessor-version":[{"id":69442,"href":"https:\/\/inces.gob.ve\/index.php\/wp-json\/wp\/v2\/posts\/69441\/revisions\/69442"}],"wp:featuredmedia":[{"embeddable":true,"href":"https:\/\/inces.gob.ve\/index.php\/wp-json\/wp\/v2\/media\/64809"}],"wp:attachment":[{"href":"https:\/\/inces.gob.ve\/index.php\/wp-json\/wp\/v2\/media?parent=69441"}],"wp:term":[{"taxonomy":"category","embeddable":true,"href":"https:\/\/inces.gob.ve\/index.php\/wp-json\/wp\/v2\/categories?post=69441"},{"taxonomy":"post_tag","embeddable":true,"href":"https:\/\/inces.gob.ve\/index.php\/wp-json\/wp\/v2\/tags?post=69441"}],"curies":[{"name":"wp","href":"https:\/\/api.w.org\/{rel}","templated":true}]}}