{"id":69446,"date":"2026-01-20T15:44:56","date_gmt":"2026-01-20T19:44:56","guid":{"rendered":"https:\/\/inces.gob.ve\/?p=69446"},"modified":"2026-01-20T15:44:56","modified_gmt":"2026-01-20T19:44:56","slug":"inces-realizo-el-conversatorio-testimonios-de-resiliencia-orientaciones-conductuales-ante-situaciones-de-guerra-y-bombardeos","status":"publish","type":"post","link":"https:\/\/inces.gob.ve\/index.php\/2026\/01\/20\/inces-realizo-el-conversatorio-testimonios-de-resiliencia-orientaciones-conductuales-ante-situaciones-de-guerra-y-bombardeos\/","title":{"rendered":"Inces realiz\u00f3 el conversatorio Testimonios de Resiliencia: orientaciones conductuales ante situaciones de guerra y bombardeos"},"content":{"rendered":"<p style=\"text-align: justify;\"><em><strong><span style=\"font-family: helvetica, arial, sans-serif; font-size: 18px;\">** El coloquio tuvo como finalidad generar un espacio de catarsis y reflexi\u00f3n entre los testigos de la agresi\u00f3n militar perpetrada por Estados Unidos contra Venezuela, as\u00ed como fortalecer la resiliencia y la unidad del pueblo venezolano<\/span><\/strong><\/em><!--more--><\/p>\n<p style=\"text-align: justify;\">\n<p>&nbsp;<\/p>\n<p style=\"text-align: justify;\"><strong><span style=\"font-family: helvetica, arial, sans-serif; font-size: 18px;\">ZULMA GAL\u00cdNDEZ<\/span><\/strong><\/p>\n<p style=\"text-align: justify;\"><span style=\"font-family: helvetica, arial, sans-serif; font-size: 18px;\">f\/ Rafael Urbina<\/span><\/p>\n<p style=\"text-align: justify;\">\n<p style=\"text-align: justify;\"><span style=\"font-family: helvetica, arial, sans-serif; font-size: 18px;\">En los espacios del Centro de Experimentaci\u00f3n para el Aprendizaje Permanente (Cepap) de la Universidad Nacional Experimental Sim\u00f3n Rodr\u00edguez, se llev\u00f3 a cabo el conversatorio Testimonios de Resiliencia: orientaciones conductuales ante situaciones de guerra y bombardeos que cont\u00f3 con la ponencia del psic\u00f3logo social Fernando Giuliani.<\/span><\/p>\n<p>&nbsp;<\/p>\n<p style=\"text-align: justify;\"><img loading=\"lazy\" decoding=\"async\" class=\"aligncenter wp-image-69451 size-full\" src=\"https:\/\/inces.gob.ve\/wp-content\/uploads\/2026\/01\/5152471187987303898.jpg\" alt=\"\" width=\"1280\" height=\"856\" srcset=\"https:\/\/inces.gob.ve\/wp-content\/uploads\/2026\/01\/5152471187987303898.jpg 1280w, https:\/\/inces.gob.ve\/wp-content\/uploads\/2026\/01\/5152471187987303898-300x201.jpg 300w, https:\/\/inces.gob.ve\/wp-content\/uploads\/2026\/01\/5152471187987303898-1024x685.jpg 1024w, https:\/\/inces.gob.ve\/wp-content\/uploads\/2026\/01\/5152471187987303898-768x514.jpg 768w, https:\/\/inces.gob.ve\/wp-content\/uploads\/2026\/01\/5152471187987303898-272x182.jpg 272w\" sizes=\"auto, (max-width: 1280px) 100vw, 1280px\" \/><\/p>\n<p>&nbsp;<\/p>\n<p style=\"text-align: justify;\"><span style=\"font-family: helvetica, arial, sans-serif; font-size: 18px;\">El encuentro cont\u00f3 con la presencia del director estrat\u00e9gico de Investigaci\u00f3n y Desarrollo del Instituto Nacional de Capacitaci\u00f3n y Educaci\u00f3n Socialista (Inces), Richard Delgado, quien en su intervenci\u00f3n hizo referencia a las confrontaciones regulares que a lo largo de la historia venezolana ha vivido el pa\u00eds, se\u00f1alando que lo experimentado por los venezolanos el pasado 3\u00a0 de enero es\u00a0 \u201cuna invasi\u00f3n nunca antes vista en el territorio\u201d lo que ha generado un estado de conmoci\u00f3n que obliga a determinar cu\u00e1l es el proceso de resiliencia que toca construir en todos los espacios del pa\u00eds.<\/span><\/p>\n<p style=\"text-align: justify;\">\n<p><img loading=\"lazy\" decoding=\"async\" class=\"aligncenter wp-image-69453 size-full\" src=\"https:\/\/inces.gob.ve\/wp-content\/uploads\/2026\/01\/5152471187987303894.jpg\" alt=\"\" width=\"1280\" height=\"856\" srcset=\"https:\/\/inces.gob.ve\/wp-content\/uploads\/2026\/01\/5152471187987303894.jpg 1280w, https:\/\/inces.gob.ve\/wp-content\/uploads\/2026\/01\/5152471187987303894-300x201.jpg 300w, https:\/\/inces.gob.ve\/wp-content\/uploads\/2026\/01\/5152471187987303894-1024x685.jpg 1024w, https:\/\/inces.gob.ve\/wp-content\/uploads\/2026\/01\/5152471187987303894-768x514.jpg 768w, https:\/\/inces.gob.ve\/wp-content\/uploads\/2026\/01\/5152471187987303894-272x182.jpg 272w\" sizes=\"auto, (max-width: 1280px) 100vw, 1280px\" \/><\/p>\n<p>&nbsp;<\/p>\n<p style=\"text-align: justify;\"><span style=\"font-family: helvetica, arial, sans-serif; font-size: 18px;\">Por su parte el psic\u00f3logo Fernando Giuliani enfoc\u00f3 su ponencia en la necesidad de expresar el miedo o la angustia que se vivi\u00f3 en esos momentos, entendiendo que generar espacios para sentir las emociones no es sin\u00f3nimo de debilidad, por el contrario, representa \u201ctener los pies puestos en la realidad\u201d, paso fundamental para superar la adversidad y comenzar la construcci\u00f3n de un esp\u00edritu combativo, tomando la calamidad como experiencia de aprendizaje.<\/span><\/p>\n<p style=\"text-align: justify;\">\n<p style=\"text-align: justify;\"><img loading=\"lazy\" decoding=\"async\" class=\"aligncenter wp-image-69452 size-full\" src=\"https:\/\/inces.gob.ve\/wp-content\/uploads\/2026\/01\/5152471187987303897.jpg\" alt=\"\" width=\"1280\" height=\"856\" srcset=\"https:\/\/inces.gob.ve\/wp-content\/uploads\/2026\/01\/5152471187987303897.jpg 1280w, https:\/\/inces.gob.ve\/wp-content\/uploads\/2026\/01\/5152471187987303897-300x201.jpg 300w, https:\/\/inces.gob.ve\/wp-content\/uploads\/2026\/01\/5152471187987303897-1024x685.jpg 1024w, https:\/\/inces.gob.ve\/wp-content\/uploads\/2026\/01\/5152471187987303897-768x514.jpg 768w, https:\/\/inces.gob.ve\/wp-content\/uploads\/2026\/01\/5152471187987303897-272x182.jpg 272w\" sizes=\"auto, (max-width: 1280px) 100vw, 1280px\" \/><\/p>\n<p>&nbsp;<\/p>\n<p>&nbsp;<\/p>\n<p style=\"text-align: justify;\"><span style=\"font-family: helvetica, arial, sans-serif; font-size: 18px;\"><strong>Catarsis para fortalecer la dignidad y la unidad nacional<\/strong><\/span><\/p>\n<p style=\"text-align: justify;\"><span style=\"font-family: helvetica, arial, sans-serif; font-size: 18px;\">Con el objetivo de fortalecer la dignidad y la unidad nacional, los asistentes al conversatorio que fueron testigos de los ataques realizados por el ej\u00e9rcito de los Estados Unidos contra la naci\u00f3n venezolana contaron sus experiencias, generando con ello la empat\u00eda y la validaci\u00f3n de las emociones experimentadas.<\/span><\/p>\n<p style=\"text-align: justify;\">\n<p><img loading=\"lazy\" decoding=\"async\" class=\"aligncenter wp-image-69450 size-full\" src=\"https:\/\/inces.gob.ve\/wp-content\/uploads\/2026\/01\/5152471187987303920.jpg\" alt=\"\" width=\"1280\" height=\"856\" srcset=\"https:\/\/inces.gob.ve\/wp-content\/uploads\/2026\/01\/5152471187987303920.jpg 1280w, https:\/\/inces.gob.ve\/wp-content\/uploads\/2026\/01\/5152471187987303920-300x201.jpg 300w, https:\/\/inces.gob.ve\/wp-content\/uploads\/2026\/01\/5152471187987303920-1024x685.jpg 1024w, https:\/\/inces.gob.ve\/wp-content\/uploads\/2026\/01\/5152471187987303920-768x514.jpg 768w, https:\/\/inces.gob.ve\/wp-content\/uploads\/2026\/01\/5152471187987303920-272x182.jpg 272w\" sizes=\"auto, (max-width: 1280px) 100vw, 1280px\" \/><\/p>\n<p>&nbsp;<\/p>\n<p style=\"text-align: justify;\"><span style=\"font-family: helvetica, arial, sans-serif; font-size: 18px;\">Araya Lovera, habitante del estado Vargas, sinti\u00f3 de cerca el bombardeo realizado al oeste del estado. Expres\u00f3:\u201cS\u00ed, tuve nervios, pero mantuve la calma porque hay personas que dependen de nosotros. Fue una situaci\u00f3n muy dif\u00edcil que nos ense\u00f1\u00f3 que est\u00e1bamos preparados, pero no tenemos las condiciones\u201d.<\/span><\/p>\n<p style=\"text-align: justify;\">\n<p style=\"text-align: justify;\"><span style=\"font-family: helvetica, arial, sans-serif; font-size: 18px;\">Williams Jim\u00e9nez es bombero del Distrito Capital. \u00c9l se encontraba en el Fuerte Tiuna y aunque confes\u00f3 haber sentido miedo al escuchar las detonaciones, la vocaci\u00f3n por el servicio lo llev\u00f3 a prestar ayuda a los dem\u00e1s y a buscar mecanismos para proporcionar calma y control en medio de la confusi\u00f3n.<\/span><\/p>\n<p>&nbsp;<\/p>\n<p style=\"text-align: justify;\"><img loading=\"lazy\" decoding=\"async\" class=\"aligncenter wp-image-69448 size-full\" src=\"https:\/\/inces.gob.ve\/wp-content\/uploads\/2026\/01\/5152471187987303906.jpg\" alt=\"\" width=\"1280\" height=\"856\" srcset=\"https:\/\/inces.gob.ve\/wp-content\/uploads\/2026\/01\/5152471187987303906.jpg 1280w, https:\/\/inces.gob.ve\/wp-content\/uploads\/2026\/01\/5152471187987303906-300x201.jpg 300w, https:\/\/inces.gob.ve\/wp-content\/uploads\/2026\/01\/5152471187987303906-1024x685.jpg 1024w, https:\/\/inces.gob.ve\/wp-content\/uploads\/2026\/01\/5152471187987303906-768x514.jpg 768w, https:\/\/inces.gob.ve\/wp-content\/uploads\/2026\/01\/5152471187987303906-272x182.jpg 272w\" sizes=\"auto, (max-width: 1280px) 100vw, 1280px\" \/><\/p>\n<p>&nbsp;<\/p>\n<p style=\"text-align: justify;\"><span style=\"font-family: helvetica, arial, sans-serif; font-size: 18px;\">Belkis Solano, jubilada del Inces, coment\u00f3 que al igual que muchos, ella tambi\u00e9n sinti\u00f3 miedo y aunque se encontraba sola en su vivienda, cont\u00f3 con la solidaridad de una vecina que la invit\u00f3 a su casa a pasar junto a su familia esas horas de angustia. \u201cYo quiero decir que en medio de esa barbaridad que pasamos aflor\u00f3 en todos nosotros la hermandad, no solo porque lo experiment\u00e9, sino porque vi a personas en la autopista como se brindaban apoyo los uno a los otros\u201d.<\/span><\/p>\n<p style=\"text-align: justify;\">\n<p><img loading=\"lazy\" decoding=\"async\" class=\"aligncenter wp-image-69447 size-full\" src=\"https:\/\/inces.gob.ve\/wp-content\/uploads\/2026\/01\/5152471187987303919.jpg\" alt=\"\" width=\"1280\" height=\"856\" srcset=\"https:\/\/inces.gob.ve\/wp-content\/uploads\/2026\/01\/5152471187987303919.jpg 1280w, https:\/\/inces.gob.ve\/wp-content\/uploads\/2026\/01\/5152471187987303919-300x201.jpg 300w, https:\/\/inces.gob.ve\/wp-content\/uploads\/2026\/01\/5152471187987303919-1024x685.jpg 1024w, https:\/\/inces.gob.ve\/wp-content\/uploads\/2026\/01\/5152471187987303919-768x514.jpg 768w, https:\/\/inces.gob.ve\/wp-content\/uploads\/2026\/01\/5152471187987303919-272x182.jpg 272w\" sizes=\"auto, (max-width: 1280px) 100vw, 1280px\" \/><\/p>\n<p>&nbsp;<\/p>\n<p>&nbsp;<\/p>\n<p style=\"text-align: justify;\"><span style=\"font-family: helvetica, arial, sans-serif; font-size: 18px;\">Giuliani concluy\u00f3 el espacio ratificando: \u201cNuestra resistencia es la paz\u201d exhortando a todos a no hacer ecos de noticias falsas que buscan debilitar la unidad nacional y crear sosiego en la sociedad.<\/span><\/p>\n<p style=\"text-align: justify;\">\n<p style=\"text-align: justify;\"><span style=\"font-family: helvetica, arial, sans-serif; font-size: 18px;\">Por \u00faltimo, Richard Delgado invit\u00f3 a todos los asistentes para el pr\u00f3ximo jueves 22 de enero al conversatorio <em>C\u00f3mo abordar la guerra cognitiva en el contexto actual<\/em>, agregando que en la medida en que se obtenga mayor conocimiento desde distintas perspectivas, tambi\u00e9n se tienen herramientas para enfrentar con resistencia cualquier acto agresivo de fuentes externas.<\/span><\/p>\n","protected":false},"excerpt":{"rendered":"<p>** El coloquio tuvo como finalidad generar un espacio de catarsis y reflexi\u00f3n entre los testigos de la agresi\u00f3n militar perpetrada por Estados Unidos contra Venezuela, as\u00ed como fortalecer la resiliencia y la unidad del pueblo venezolano<\/p>\n","protected":false},"author":4,"featured_media":69455,"comment_status":"closed","ping_status":"closed","sticky":false,"template":"","format":"standard","meta":{"footnotes":""},"categories":[2],"tags":[],"class_list":["post-69446","post","type-post","status-publish","format-standard","has-post-thumbnail","hentry","category-blog"],"_links":{"self":[{"href":"https:\/\/inces.gob.ve\/index.php\/wp-json\/wp\/v2\/posts\/69446","targetHints":{"allow":["GET"]}}],"collection":[{"href":"https:\/\/inces.gob.ve\/index.php\/wp-json\/wp\/v2\/posts"}],"about":[{"href":"https:\/\/inces.gob.ve\/index.php\/wp-json\/wp\/v2\/types\/post"}],"author":[{"embeddable":true,"href":"https:\/\/inces.gob.ve\/index.php\/wp-json\/wp\/v2\/users\/4"}],"replies":[{"embeddable":true,"href":"https:\/\/inces.gob.ve\/index.php\/wp-json\/wp\/v2\/comments?post=69446"}],"version-history":[{"count":1,"href":"https:\/\/inces.gob.ve\/index.php\/wp-json\/wp\/v2\/posts\/69446\/revisions"}],"predecessor-version":[{"id":69456,"href":"https:\/\/inces.gob.ve\/index.php\/wp-json\/wp\/v2\/posts\/69446\/revisions\/69456"}],"wp:featuredmedia":[{"embeddable":true,"href":"https:\/\/inces.gob.ve\/index.php\/wp-json\/wp\/v2\/media\/69455"}],"wp:attachment":[{"href":"https:\/\/inces.gob.ve\/index.php\/wp-json\/wp\/v2\/media?parent=69446"}],"wp:term":[{"taxonomy":"category","embeddable":true,"href":"https:\/\/inces.gob.ve\/index.php\/wp-json\/wp\/v2\/categories?post=69446"},{"taxonomy":"post_tag","embeddable":true,"href":"https:\/\/inces.gob.ve\/index.php\/wp-json\/wp\/v2\/tags?post=69446"}],"curies":[{"name":"wp","href":"https:\/\/api.w.org\/{rel}","templated":true}]}}