{"id":69457,"date":"2026-01-21T10:36:50","date_gmt":"2026-01-21T14:36:50","guid":{"rendered":"https:\/\/inces.gob.ve\/?p=69457"},"modified":"2026-01-21T10:36:50","modified_gmt":"2026-01-21T14:36:50","slug":"yaracuy-aprendices-regresan-a-las-aulas-de-clase-tras-periodo-vacacional","status":"publish","type":"post","link":"https:\/\/inces.gob.ve\/index.php\/2026\/01\/21\/yaracuy-aprendices-regresan-a-las-aulas-de-clase-tras-periodo-vacacional\/","title":{"rendered":"YARACUY | Aprendices regresan a las aulas de clase tras periodo vacacional"},"content":{"rendered":"<p style=\"text-align: justify;\"><strong><em>*<span style=\"font-family: helvetica, arial, sans-serif; font-size: 18px;\">* Con energ\u00eda y fuerza retoman actividades acad\u00e9micas en aras de avanzar en la primera fase formativa<\/span><\/em><\/strong><span style=\"font-family: helvetica, arial, sans-serif; font-size: 18px;\"><!--more--><\/span><\/p>\n<p>&nbsp;<\/p>\n<p style=\"text-align: justify;\"><span style=\"font-family: helvetica, arial, sans-serif; font-size: 18px;\">YOLAICE VARGAS<\/span><\/p>\n<p style=\"text-align: justify;\"><span style=\"font-family: helvetica, arial, sans-serif; font-size: 18px;\">Los participantes del Programa Nacional de Aprendizaje (PNA) del Instituto Nacional de Capacitaci\u00f3n y Educaci\u00f3n Socialista (Inces) retornaron a la aulas de clase tras periodo vacacional decembrino.<\/span><\/p>\n<p>&nbsp;<\/p>\n<p style=\"text-align: justify;\"><span style=\"font-family: helvetica, arial, sans-serif; font-size: 18px;\">Los aprendices retomaron las actividades acad\u00e9micas con energ\u00eda y mucha fuerza, motivados para avanzar hacia la culminaci\u00f3n de su primera fase formativa.<\/span><\/p>\n<p>&nbsp;<\/p>\n<p style=\"text-align: justify;\"><span style=\"font-family: helvetica, arial, sans-serif; font-size: 18px;\">Los participantes de las diferentes ocupaciones cualificadas socializaron y reflexionaron sobre los temas anteriores e iniciaron nuevas unidades curriculares, en donde prestaron mayor atenci\u00f3n para un mejor aprendizaje.<\/span><\/p>\n<p>&nbsp;<\/p>\n<p style=\"text-align: justify;\"><span style=\"font-family: helvetica, arial, sans-serif; font-size: 18px;\">Los maestros abordaron temas de inter\u00e9s, aplicando nuevas herramientas metodol\u00f3gicas y estrategias de ense\u00f1anza en aras de garantizar que cada participante comprenda, entienda y ponga en pr\u00e1ctica cada una de los conocimientos adquiridos.<\/span><\/p>\n<p>&nbsp;<\/p>\n<p style=\"text-align: justify;\"><span style=\"font-family: helvetica, arial, sans-serif; font-size: 18px;\">Es importante destacar que el PNA trabaja bajo la modalidad dual, y los participantes se capacitan en tres ambientes formativos, Instituto Docente de Acci\u00f3n Delegada, centros de formaci\u00f3n socialista (CFS) y en los centros de aprendizaje de las empresas, este \u00faltimo ambiente solo funciona en las entidades de trabajo, en el caso actual de Yaracuy, en Inversiones Porcina y Alimentos Polar.\u00a0<\/span><\/p>\n","protected":false},"excerpt":{"rendered":"<p>** Con energ\u00eda y fuerza retoman actividades acad\u00e9micas en aras de avanzar en la primera fase formativa<\/p>\n","protected":false},"author":15,"featured_media":69458,"comment_status":"closed","ping_status":"closed","sticky":false,"template":"","format":"standard","meta":{"footnotes":""},"categories":[2],"tags":[],"class_list":["post-69457","post","type-post","status-publish","format-standard","has-post-thumbnail","hentry","category-blog"],"_links":{"self":[{"href":"https:\/\/inces.gob.ve\/index.php\/wp-json\/wp\/v2\/posts\/69457","targetHints":{"allow":["GET"]}}],"collection":[{"href":"https:\/\/inces.gob.ve\/index.php\/wp-json\/wp\/v2\/posts"}],"about":[{"href":"https:\/\/inces.gob.ve\/index.php\/wp-json\/wp\/v2\/types\/post"}],"author":[{"embeddable":true,"href":"https:\/\/inces.gob.ve\/index.php\/wp-json\/wp\/v2\/users\/15"}],"replies":[{"embeddable":true,"href":"https:\/\/inces.gob.ve\/index.php\/wp-json\/wp\/v2\/comments?post=69457"}],"version-history":[{"count":1,"href":"https:\/\/inces.gob.ve\/index.php\/wp-json\/wp\/v2\/posts\/69457\/revisions"}],"predecessor-version":[{"id":69459,"href":"https:\/\/inces.gob.ve\/index.php\/wp-json\/wp\/v2\/posts\/69457\/revisions\/69459"}],"wp:featuredmedia":[{"embeddable":true,"href":"https:\/\/inces.gob.ve\/index.php\/wp-json\/wp\/v2\/media\/69458"}],"wp:attachment":[{"href":"https:\/\/inces.gob.ve\/index.php\/wp-json\/wp\/v2\/media?parent=69457"}],"wp:term":[{"taxonomy":"category","embeddable":true,"href":"https:\/\/inces.gob.ve\/index.php\/wp-json\/wp\/v2\/categories?post=69457"},{"taxonomy":"post_tag","embeddable":true,"href":"https:\/\/inces.gob.ve\/index.php\/wp-json\/wp\/v2\/tags?post=69457"}],"curies":[{"name":"wp","href":"https:\/\/api.w.org\/{rel}","templated":true}]}}